{"id":22952,"date":"2024-01-17T09:59:06","date_gmt":"2024-01-17T08:59:06","guid":{"rendered":"https:\/\/abcprato.it\/?p=22952"},"modified":"2025-02-18T10:24:16","modified_gmt":"2025-02-18T09:24:16","slug":"que-son-los-colores-ral","status":"publish","type":"post","link":"https:\/\/abcprato.it\/es\/curiosidades\/que-son-los-colores-ral\/","title":{"rendered":"\u00bfQu\u00e9 son los colores RAL? Gu\u00eda completa de c\u00f3digos y aplicaciones"},"content":{"rendered":"\t\t<div data-elementor-type=\"wp-post\" data-elementor-id=\"22952\" class=\"elementor elementor-22952 elementor-22852\" data-elementor-post-type=\"post\">\n\t\t\t\t\t\t<section class=\"elementor-section elementor-top-section elementor-element elementor-element-590a0c4 elementor-section-boxed elementor-section-height-default elementor-section-height-default\" data-id=\"590a0c4\" data-element_type=\"section\" data-e-type=\"section\">\n\t\t\t\t\t\t<div class=\"elementor-container elementor-column-gap-default\">\n\t\t\t\t\t<div class=\"elementor-column elementor-col-100 elementor-top-column elementor-element elementor-element-0a06fc7\" data-id=\"0a06fc7\" data-element_type=\"column\" data-e-type=\"column\">\n\t\t\t<div class=\"elementor-widget-wrap elementor-element-populated\">\n\t\t\t\t\t\t<div class=\"elementor-element elementor-element-46c6ea5 elementor-widget elementor-widget-text-editor\" data-id=\"46c6ea5\" data-element_type=\"widget\" data-e-type=\"widget\" data-widget_type=\"text-editor.default\">\n\t\t\t\t<div class=\"elementor-widget-container\">\n\t\t\t\t\t\t\t\t\t<p>Los <strong>colores RAL <\/strong>son un sistema de codificaci\u00f3n est\u00e1ndar utilizado principalmente en Europa para que est\u00e9n homologados en diversos sectores como la pintura, la industria y la construcci\u00f3n.<\/p><p>El sistema RAL fue desarrollado por el Institut f\u00fcr G\u00fctesicherung und Kennzeichnung e.V. (Instituto de Garant\u00eda de Calidad y Etiquetado) de Alemania en las d\u00e9cadas de 1920 y 1930, y sigue vigente en la actualidad.<\/p><p><strong>RAL <\/strong>es el acr\u00f3nimo de \u00ab<em><strong>R<\/strong>eichs-<strong>A<\/strong>usschu\u00df f\u00fcr <strong>L<\/strong>ieferbedingungen und G\u00fctesicherung\u00bb<\/em>, que se traduce al espa\u00f1ol como \u00abComisi\u00f3n Nacional de Plazos de Entrega y Garant\u00eda de Calidad\u00bb.<\/p><p>En 1927, la Comisi\u00f3n Alemana estableci\u00f3 la primera paleta de 40 colores. Fue un avance importante, porque hasta entonces fabricantes y clientes intercambiaban muestras para describir un color, pero a partir de entonces se basaron en la norma de c\u00f3digos de color RAL de 4 d\u00edgitos.<\/p>\t\t\t\t\t\t\t\t<\/div>\n\t\t\t\t<\/div>\n\t\t\t\t\t<\/div>\n\t\t<\/div>\n\t\t\t\t\t<\/div>\n\t\t<\/section>\n\t\t\t\t<section class=\"elementor-section elementor-top-section elementor-element elementor-element-44bb099 elementor-section-boxed elementor-section-height-default elementor-section-height-default\" data-id=\"44bb099\" data-element_type=\"section\" data-e-type=\"section\">\n\t\t\t\t\t\t<div class=\"elementor-container elementor-column-gap-default\">\n\t\t\t\t\t<div class=\"elementor-column elementor-col-100 elementor-top-column elementor-element elementor-element-77f2ace\" data-id=\"77f2ace\" data-element_type=\"column\" data-e-type=\"column\">\n\t\t\t<div class=\"elementor-widget-wrap elementor-element-populated\">\n\t\t\t\t\t\t<div class=\"elementor-element elementor-element-906a89c elementor-widget elementor-widget-image\" data-id=\"906a89c\" data-element_type=\"widget\" data-e-type=\"widget\" data-widget_type=\"image.default\">\n\t\t\t\t<div class=\"elementor-widget-container\">\n\t\t\t\t\t\t\t\t\t\t\t\t\t\t\t<img fetchpriority=\"high\" decoding=\"async\" width=\"800\" height=\"534\" src=\"https:\/\/abcprato.it\/wp-content\/uploads\/2024\/01\/paleta-colores-RAL-1024x683.jpg\" class=\"attachment-large size-large wp-image-22958\" alt=\"paleta-colores-RAL\" srcset=\"https:\/\/abcprato.it\/wp-content\/uploads\/2024\/01\/paleta-colores-RAL-1024x683.jpg 1024w, https:\/\/abcprato.it\/wp-content\/uploads\/2024\/01\/paleta-colores-RAL-300x200.jpg 300w, https:\/\/abcprato.it\/wp-content\/uploads\/2024\/01\/paleta-colores-RAL-768x512.jpg 768w, https:\/\/abcprato.it\/wp-content\/uploads\/2024\/01\/paleta-colores-RAL-24x16.jpg 24w, https:\/\/abcprato.it\/wp-content\/uploads\/2024\/01\/paleta-colores-RAL-36x24.jpg 36w, https:\/\/abcprato.it\/wp-content\/uploads\/2024\/01\/paleta-colores-RAL-48x32.jpg 48w, https:\/\/abcprato.it\/wp-content\/uploads\/2024\/01\/paleta-colores-RAL.jpg 1500w\" sizes=\"(max-width: 800px) 100vw, 800px\" \/>\t\t\t\t\t\t\t\t\t\t\t\t\t\t\t<\/div>\n\t\t\t\t<\/div>\n\t\t\t\t\t<\/div>\n\t\t<\/div>\n\t\t\t\t\t<\/div>\n\t\t<\/section>\n\t\t\t\t<section class=\"elementor-section elementor-top-section elementor-element elementor-element-6f3f48c elementor-section-boxed elementor-section-height-default elementor-section-height-default\" data-id=\"6f3f48c\" data-element_type=\"section\" data-e-type=\"section\">\n\t\t\t\t\t\t<div class=\"elementor-container elementor-column-gap-default\">\n\t\t\t\t\t<div class=\"elementor-column elementor-col-100 elementor-top-column elementor-element elementor-element-30f712d\" data-id=\"30f712d\" data-element_type=\"column\" data-e-type=\"column\">\n\t\t\t<div class=\"elementor-widget-wrap elementor-element-populated\">\n\t\t\t\t\t\t<div class=\"elementor-element elementor-element-15047b6 elementor-widget elementor-widget-spacer\" data-id=\"15047b6\" data-element_type=\"widget\" data-e-type=\"widget\" data-widget_type=\"spacer.default\">\n\t\t\t\t<div class=\"elementor-widget-container\">\n\t\t\t\t\t\t\t<div class=\"elementor-spacer\">\n\t\t\t<div class=\"elementor-spacer-inner\"><\/div>\n\t\t<\/div>\n\t\t\t\t\t\t<\/div>\n\t\t\t\t<\/div>\n\t\t\t\t\t<\/div>\n\t\t<\/div>\n\t\t\t\t\t<\/div>\n\t\t<\/section>\n\t\t\t\t<section class=\"elementor-section elementor-top-section elementor-element elementor-element-124e60f elementor-section-boxed elementor-section-height-default elementor-section-height-default\" data-id=\"124e60f\" data-element_type=\"section\" data-e-type=\"section\">\n\t\t\t\t\t\t<div class=\"elementor-container elementor-column-gap-default\">\n\t\t\t\t\t<div class=\"elementor-column elementor-col-100 elementor-top-column elementor-element elementor-element-8b188a3\" data-id=\"8b188a3\" data-element_type=\"column\" data-e-type=\"column\">\n\t\t\t<div class=\"elementor-widget-wrap elementor-element-populated\">\n\t\t\t\t\t\t<div class=\"elementor-element elementor-element-176775b elementor-widget elementor-widget-heading\" data-id=\"176775b\" data-element_type=\"widget\" data-e-type=\"widget\" data-widget_type=\"heading.default\">\n\t\t\t\t<div class=\"elementor-widget-container\">\n\t\t\t\t\t<h2 class=\"elementor-heading-title elementor-size-default\">\u00bfQu\u00e9 indican los d\u00edgitos de color RAL? <\/h2>\t\t\t\t<\/div>\n\t\t\t\t<\/div>\n\t\t\t\t\t<\/div>\n\t\t<\/div>\n\t\t\t\t\t<\/div>\n\t\t<\/section>\n\t\t\t\t<section class=\"elementor-section elementor-top-section elementor-element elementor-element-57c5e8d elementor-section-boxed elementor-section-height-default elementor-section-height-default\" data-id=\"57c5e8d\" data-element_type=\"section\" data-e-type=\"section\">\n\t\t\t\t\t\t<div class=\"elementor-container elementor-column-gap-default\">\n\t\t\t\t\t<div class=\"elementor-column elementor-col-100 elementor-top-column elementor-element elementor-element-f58ddd2\" data-id=\"f58ddd2\" data-element_type=\"column\" data-e-type=\"column\">\n\t\t\t<div class=\"elementor-widget-wrap elementor-element-populated\">\n\t\t\t\t\t\t<div class=\"elementor-element elementor-element-86aa1b5 elementor-widget elementor-widget-text-editor\" data-id=\"86aa1b5\" data-element_type=\"widget\" data-e-type=\"widget\" data-widget_type=\"text-editor.default\">\n\t\t\t\t<div class=\"elementor-widget-container\">\n\t\t\t\t\t\t\t\t\t<p>Los 4 d\u00edgitos del color RAL se subdividen de la siguiente manera:<\/p><ul><li>El primer d\u00edgito identifica el grado de color:<ul><li><strong>1xxx amarillo<\/strong>: de RAL 1000 beige verdoso a RAL 1034 amarillo pastel<\/li><li><strong>2xxx naranja<\/strong>: de RAL 2000 naranja amarillento a RAL 2013 naranja perlado<\/li><li><strong>3xxx rojo<\/strong>: de RAL 3000 rojo fuego a RAL 3031 rojo oriental<\/li><li><strong>4xxx violeta<\/strong>: de RAL 4001 lila rojizo a RAL 4012 mora perla<\/li><li><strong>5xxx azul<\/strong>: de RAL 5000 azul viol\u00e1ceo a RAL 5026 azul medianoche perlado<\/li><li><strong>6xxx verde<\/strong>: de RAL 6000 verde p\u00e1tina a RAL 6038 verde brillante<\/li><li><strong>7xxx gris<\/strong>: de RAL 7000 gris vaio a RAL 7048 gris rat\u00f3n perlado<\/li><li><strong>8xxx marr\u00f3n<\/strong>: de RAL 8000 marr\u00f3n verdoso a RAL 8029 cobre perlado<\/li><li><strong>9xxx blanco\/negro<\/strong>: de RAL 9001 blanco crema a RAL 9023 gris oscuro perlado<\/li><\/ul><\/li><li>Los otros 3 d\u00edgitos se eligen secuencialmente e identifican el tono de color<\/li><\/ul>\t\t\t\t\t\t\t\t<\/div>\n\t\t\t\t<\/div>\n\t\t\t\t\t<\/div>\n\t\t<\/div>\n\t\t\t\t\t<\/div>\n\t\t<\/section>\n\t\t\t\t<section class=\"elementor-section elementor-top-section elementor-element elementor-element-8f3ef19 elementor-section-boxed elementor-section-height-default elementor-section-height-default\" data-id=\"8f3ef19\" data-element_type=\"section\" data-e-type=\"section\">\n\t\t\t\t\t\t<div class=\"elementor-container elementor-column-gap-default\">\n\t\t\t\t\t<div class=\"elementor-column elementor-col-100 elementor-top-column elementor-element elementor-element-b45c677\" data-id=\"b45c677\" data-element_type=\"column\" data-e-type=\"column\">\n\t\t\t<div class=\"elementor-widget-wrap elementor-element-populated\">\n\t\t\t\t\t\t<div class=\"elementor-element elementor-element-5bcf30c elementor-widget elementor-widget-spacer\" data-id=\"5bcf30c\" data-element_type=\"widget\" data-e-type=\"widget\" data-widget_type=\"spacer.default\">\n\t\t\t\t<div class=\"elementor-widget-container\">\n\t\t\t\t\t\t\t<div class=\"elementor-spacer\">\n\t\t\t<div class=\"elementor-spacer-inner\"><\/div>\n\t\t<\/div>\n\t\t\t\t\t\t<\/div>\n\t\t\t\t<\/div>\n\t\t\t\t\t<\/div>\n\t\t<\/div>\n\t\t\t\t\t<\/div>\n\t\t<\/section>\n\t\t\t\t<section class=\"elementor-section elementor-top-section elementor-element elementor-element-9279c78 elementor-section-boxed elementor-section-height-default elementor-section-height-default\" data-id=\"9279c78\" data-element_type=\"section\" data-e-type=\"section\">\n\t\t\t\t\t\t<div class=\"elementor-container elementor-column-gap-default\">\n\t\t\t\t\t<div class=\"elementor-column elementor-col-100 elementor-top-column elementor-element elementor-element-e402b06\" data-id=\"e402b06\" data-element_type=\"column\" data-e-type=\"column\">\n\t\t\t<div class=\"elementor-widget-wrap elementor-element-populated\">\n\t\t\t\t\t\t<div class=\"elementor-element elementor-element-f45f530 elementor-widget elementor-widget-heading\" data-id=\"f45f530\" data-element_type=\"widget\" data-e-type=\"widget\" data-widget_type=\"heading.default\">\n\t\t\t\t<div class=\"elementor-widget-container\">\n\t\t\t\t\t<h2 class=\"elementor-heading-title elementor-size-default\">\u00bfQu\u00e9 paletas de colores RAL hay disponibles? <\/h2>\t\t\t\t<\/div>\n\t\t\t\t<\/div>\n\t\t\t\t<div class=\"elementor-element elementor-element-bcdad8d elementor-widget elementor-widget-text-editor\" data-id=\"bcdad8d\" data-element_type=\"widget\" data-e-type=\"widget\" data-widget_type=\"text-editor.default\">\n\t\t\t\t<div class=\"elementor-widget-container\">\n\t\t\t\t\t\t\t\t\t<p>A lo largo de los a\u00f1os, se han producido varias actualizaciones en las cartas de colores RAL. He aqu\u00ed las principales:<\/p><ul><li>En 1960, se introdujeron colores adicionales, con lo que el n\u00famero de colores en la escala <strong>RAL Classic <\/strong>ascendi\u00f3 a 216.<\/li><li>En 1993 se cre\u00f3 la escala <strong>RAL Design <\/strong>para satisfacer las necesidades de arquitectos, dise\u00f1adores y publicistas. Incluye 1.825 colores. <br \/>Los colores de las escalas Classic y Design no se solapan.<\/li><\/ul><p>Otras escalas disponibles son:<\/p><ul><li><strong>RAL Effect <\/strong>consta de 420 colores s\u00f3lidos y 70 met\u00e1licos. En esta paleta se incluye el primer sistema basado en pinturas al agua sin el uso de metales pesados como plomo, cadmio y cromatos.<\/li><li><strong>RAL Plastics P1 y P2 <\/strong>se utilizan para pl\u00e1sticos y constan de 100 y 200 colores de las escalas RAL Classics y Design, respectivamente.<\/li><\/ul>\t\t\t\t\t\t\t\t<\/div>\n\t\t\t\t<\/div>\n\t\t\t\t\t<\/div>\n\t\t<\/div>\n\t\t\t\t\t<\/div>\n\t\t<\/section>\n\t\t\t\t<section class=\"elementor-section elementor-top-section elementor-element elementor-element-379b004 elementor-section-boxed elementor-section-height-default elementor-section-height-default\" data-id=\"379b004\" data-element_type=\"section\" data-e-type=\"section\">\n\t\t\t\t\t\t<div class=\"elementor-container elementor-column-gap-default\">\n\t\t\t\t\t<div class=\"elementor-column elementor-col-100 elementor-top-column elementor-element elementor-element-2ed7acd\" data-id=\"2ed7acd\" data-element_type=\"column\" data-e-type=\"column\">\n\t\t\t<div class=\"elementor-widget-wrap elementor-element-populated\">\n\t\t\t\t\t\t<div class=\"elementor-element elementor-element-cf1f2ff elementor-widget elementor-widget-image\" data-id=\"cf1f2ff\" data-element_type=\"widget\" data-e-type=\"widget\" data-widget_type=\"image.default\">\n\t\t\t\t<div class=\"elementor-widget-container\">\n\t\t\t\t\t\t\t\t\t\t\t\t\t\t\t<img decoding=\"async\" width=\"800\" height=\"534\" src=\"https:\/\/abcprato.it\/wp-content\/uploads\/2024\/01\/gama-colores-RAL-1024x683.jpg\" class=\"attachment-large size-large wp-image-22954\" alt=\"gama-colores-RAL\" srcset=\"https:\/\/abcprato.it\/wp-content\/uploads\/2024\/01\/gama-colores-RAL-1024x683.jpg 1024w, https:\/\/abcprato.it\/wp-content\/uploads\/2024\/01\/gama-colores-RAL-300x200.jpg 300w, https:\/\/abcprato.it\/wp-content\/uploads\/2024\/01\/gama-colores-RAL-768x512.jpg 768w, https:\/\/abcprato.it\/wp-content\/uploads\/2024\/01\/gama-colores-RAL-24x16.jpg 24w, https:\/\/abcprato.it\/wp-content\/uploads\/2024\/01\/gama-colores-RAL-36x24.jpg 36w, https:\/\/abcprato.it\/wp-content\/uploads\/2024\/01\/gama-colores-RAL-48x32.jpg 48w, https:\/\/abcprato.it\/wp-content\/uploads\/2024\/01\/gama-colores-RAL.jpg 1500w\" sizes=\"(max-width: 800px) 100vw, 800px\" \/>\t\t\t\t\t\t\t\t\t\t\t\t\t\t\t<\/div>\n\t\t\t\t<\/div>\n\t\t\t\t\t<\/div>\n\t\t<\/div>\n\t\t\t\t\t<\/div>\n\t\t<\/section>\n\t\t\t\t<section class=\"elementor-section elementor-top-section elementor-element elementor-element-ea46172 elementor-section-boxed elementor-section-height-default elementor-section-height-default\" data-id=\"ea46172\" data-element_type=\"section\" data-e-type=\"section\">\n\t\t\t\t\t\t<div class=\"elementor-container elementor-column-gap-default\">\n\t\t\t\t\t<div class=\"elementor-column elementor-col-100 elementor-top-column elementor-element elementor-element-7ab721c\" data-id=\"7ab721c\" data-element_type=\"column\" data-e-type=\"column\">\n\t\t\t<div class=\"elementor-widget-wrap elementor-element-populated\">\n\t\t\t\t\t\t<div class=\"elementor-element elementor-element-0fe71b3 elementor-widget elementor-widget-spacer\" data-id=\"0fe71b3\" data-element_type=\"widget\" data-e-type=\"widget\" data-widget_type=\"spacer.default\">\n\t\t\t\t<div class=\"elementor-widget-container\">\n\t\t\t\t\t\t\t<div class=\"elementor-spacer\">\n\t\t\t<div class=\"elementor-spacer-inner\"><\/div>\n\t\t<\/div>\n\t\t\t\t\t\t<\/div>\n\t\t\t\t<\/div>\n\t\t\t\t\t<\/div>\n\t\t<\/div>\n\t\t\t\t\t<\/div>\n\t\t<\/section>\n\t\t\t\t<section class=\"elementor-section elementor-top-section elementor-element elementor-element-dd595cc elementor-section-boxed elementor-section-height-default elementor-section-height-default\" data-id=\"dd595cc\" data-element_type=\"section\" data-e-type=\"section\">\n\t\t\t\t\t\t<div class=\"elementor-container elementor-column-gap-default\">\n\t\t\t\t\t<div class=\"elementor-column elementor-col-100 elementor-top-column elementor-element elementor-element-736a89e\" data-id=\"736a89e\" data-element_type=\"column\" data-e-type=\"column\">\n\t\t\t<div class=\"elementor-widget-wrap elementor-element-populated\">\n\t\t\t\t\t\t<div class=\"elementor-element elementor-element-03b1155 elementor-widget elementor-widget-heading\" data-id=\"03b1155\" data-element_type=\"widget\" data-e-type=\"widget\" data-widget_type=\"heading.default\">\n\t\t\t\t<div class=\"elementor-widget-container\">\n\t\t\t\t\t<h2 class=\"elementor-heading-title elementor-size-default\">\u00bfQu\u00e9 acabados est\u00e1n disponibles para los colores RAL? <\/h2>\t\t\t\t<\/div>\n\t\t\t\t<\/div>\n\t\t\t\t<div class=\"elementor-element elementor-element-a19705a elementor-widget elementor-widget-text-editor\" data-id=\"a19705a\" data-element_type=\"widget\" data-e-type=\"widget\" data-widget_type=\"text-editor.default\">\n\t\t\t\t<div class=\"elementor-widget-container\">\n\t\t\t\t\t\t\t\t\t<p>Cada color RAL est\u00e1 disponible en distintos acabados: <strong>brillante<\/strong>, <strong>mate<\/strong>, <strong>metalizado<\/strong>, <strong>texturizado <\/strong>e incluso <strong>arrugado<\/strong>.\u00a0 <br \/>El acabado cambia seg\u00fan el material sobre el que se aplica y se adapta a las necesidades de cada cliente.<\/p>\t\t\t\t\t\t\t\t<\/div>\n\t\t\t\t<\/div>\n\t\t\t\t\t<\/div>\n\t\t<\/div>\n\t\t\t\t\t<\/div>\n\t\t<\/section>\n\t\t\t\t<section class=\"elementor-section elementor-top-section elementor-element elementor-element-43c49d2 elementor-section-boxed elementor-section-height-default elementor-section-height-default\" data-id=\"43c49d2\" data-element_type=\"section\" data-e-type=\"section\">\n\t\t\t\t\t\t<div class=\"elementor-container elementor-column-gap-default\">\n\t\t\t\t\t<div class=\"elementor-column elementor-col-100 elementor-top-column elementor-element elementor-element-995b24e\" data-id=\"995b24e\" data-element_type=\"column\" data-e-type=\"column\">\n\t\t\t<div class=\"elementor-widget-wrap elementor-element-populated\">\n\t\t\t\t\t\t<div class=\"elementor-element elementor-element-3a1e7dc elementor-widget elementor-widget-spacer\" data-id=\"3a1e7dc\" data-element_type=\"widget\" data-e-type=\"widget\" data-widget_type=\"spacer.default\">\n\t\t\t\t<div class=\"elementor-widget-container\">\n\t\t\t\t\t\t\t<div class=\"elementor-spacer\">\n\t\t\t<div class=\"elementor-spacer-inner\"><\/div>\n\t\t<\/div>\n\t\t\t\t\t\t<\/div>\n\t\t\t\t<\/div>\n\t\t\t\t\t<\/div>\n\t\t<\/div>\n\t\t\t\t\t<\/div>\n\t\t<\/section>\n\t\t\t\t<section class=\"elementor-section elementor-top-section elementor-element elementor-element-473a607 elementor-section-boxed elementor-section-height-default elementor-section-height-default\" data-id=\"473a607\" data-element_type=\"section\" data-e-type=\"section\">\n\t\t\t\t\t\t<div class=\"elementor-container elementor-column-gap-default\">\n\t\t\t\t\t<div class=\"elementor-column elementor-col-100 elementor-top-column elementor-element elementor-element-64705d7\" data-id=\"64705d7\" data-element_type=\"column\" data-e-type=\"column\">\n\t\t\t<div class=\"elementor-widget-wrap elementor-element-populated\">\n\t\t\t\t\t\t<div class=\"elementor-element elementor-element-55eba2e elementor-widget elementor-widget-heading\" data-id=\"55eba2e\" data-element_type=\"widget\" data-e-type=\"widget\" data-widget_type=\"heading.default\">\n\t\t\t\t<div class=\"elementor-widget-container\">\n\t\t\t\t\t<h2 class=\"elementor-heading-title elementor-size-default\">\u00bfEn qu\u00e9 \u00e1mbitos se aplican los colores RAL? <\/h2>\t\t\t\t<\/div>\n\t\t\t\t<\/div>\n\t\t\t\t<div class=\"elementor-element elementor-element-a136af2 elementor-widget elementor-widget-text-editor\" data-id=\"a136af2\" data-element_type=\"widget\" data-e-type=\"widget\" data-widget_type=\"text-editor.default\">\n\t\t\t\t<div class=\"elementor-widget-container\">\n\t\t\t\t\t\t\t\t\t<p>Los sectores en los que se utilizan los colores RAL son variados. Algunos ejemplos son:<\/p><ul><li><strong>Pintura<\/strong>: para identificar los colores de pintura para la construcci\u00f3n, la industria e incluso la automoci\u00f3n.<\/li><li><strong>Dise\u00f1o<\/strong>: para la elecci\u00f3n de colores en el dise\u00f1o gr\u00e1fico e industrial.<\/li><li><strong>Arquitectura<\/strong>: normalizar la elecci\u00f3n de colores para revestimientos, fachadas y materiales de construcci\u00f3n.<\/li><li><strong>Seguridad<\/strong>: identificar las se\u00f1ales de seguridad, como las se\u00f1ales de tr\u00e1fico y de emergencia.<\/li><\/ul>\t\t\t\t\t\t\t\t<\/div>\n\t\t\t\t<\/div>\n\t\t\t\t\t<\/div>\n\t\t<\/div>\n\t\t\t\t\t<\/div>\n\t\t<\/section>\n\t\t\t\t<section class=\"elementor-section elementor-top-section elementor-element elementor-element-2c10656 elementor-section-boxed elementor-section-height-default elementor-section-height-default\" data-id=\"2c10656\" data-element_type=\"section\" data-e-type=\"section\">\n\t\t\t\t\t\t<div class=\"elementor-container elementor-column-gap-default\">\n\t\t\t\t\t<div class=\"elementor-column elementor-col-100 elementor-top-column elementor-element elementor-element-2f4af3a\" data-id=\"2f4af3a\" data-element_type=\"column\" data-e-type=\"column\">\n\t\t\t<div class=\"elementor-widget-wrap elementor-element-populated\">\n\t\t\t\t\t\t<div class=\"elementor-element elementor-element-eed6dbd elementor-widget elementor-widget-image\" data-id=\"eed6dbd\" data-element_type=\"widget\" data-e-type=\"widget\" data-widget_type=\"image.default\">\n\t\t\t\t<div class=\"elementor-widget-container\">\n\t\t\t\t\t\t\t\t\t\t\t\t\t\t\t<img decoding=\"async\" width=\"800\" height=\"534\" src=\"https:\/\/abcprato.it\/wp-content\/uploads\/2024\/01\/recubrimiento-en-polvo-1024x683.jpg\" class=\"attachment-large size-large wp-image-22962\" alt=\"recubrimiento-en-polvo\" srcset=\"https:\/\/abcprato.it\/wp-content\/uploads\/2024\/01\/recubrimiento-en-polvo-1024x683.jpg 1024w, https:\/\/abcprato.it\/wp-content\/uploads\/2024\/01\/recubrimiento-en-polvo-300x200.jpg 300w, https:\/\/abcprato.it\/wp-content\/uploads\/2024\/01\/recubrimiento-en-polvo-768x512.jpg 768w, https:\/\/abcprato.it\/wp-content\/uploads\/2024\/01\/recubrimiento-en-polvo-24x16.jpg 24w, https:\/\/abcprato.it\/wp-content\/uploads\/2024\/01\/recubrimiento-en-polvo-36x24.jpg 36w, https:\/\/abcprato.it\/wp-content\/uploads\/2024\/01\/recubrimiento-en-polvo-48x32.jpg 48w, https:\/\/abcprato.it\/wp-content\/uploads\/2024\/01\/recubrimiento-en-polvo.jpg 1500w\" sizes=\"(max-width: 800px) 100vw, 800px\" \/>\t\t\t\t\t\t\t\t\t\t\t\t\t\t\t<\/div>\n\t\t\t\t<\/div>\n\t\t\t\t\t<\/div>\n\t\t<\/div>\n\t\t\t\t\t<\/div>\n\t\t<\/section>\n\t\t\t\t<section class=\"elementor-section elementor-top-section elementor-element elementor-element-7f54996 elementor-section-boxed elementor-section-height-default elementor-section-height-default\" data-id=\"7f54996\" data-element_type=\"section\" data-e-type=\"section\">\n\t\t\t\t\t\t<div class=\"elementor-container elementor-column-gap-default\">\n\t\t\t\t\t<div class=\"elementor-column elementor-col-100 elementor-top-column elementor-element elementor-element-33e1652\" data-id=\"33e1652\" data-element_type=\"column\" data-e-type=\"column\">\n\t\t\t<div class=\"elementor-widget-wrap elementor-element-populated\">\n\t\t\t\t\t\t<div class=\"elementor-element elementor-element-19831ca elementor-widget elementor-widget-spacer\" data-id=\"19831ca\" data-element_type=\"widget\" data-e-type=\"widget\" data-widget_type=\"spacer.default\">\n\t\t\t\t<div class=\"elementor-widget-container\">\n\t\t\t\t\t\t\t<div class=\"elementor-spacer\">\n\t\t\t<div class=\"elementor-spacer-inner\"><\/div>\n\t\t<\/div>\n\t\t\t\t\t\t<\/div>\n\t\t\t\t<\/div>\n\t\t\t\t\t<\/div>\n\t\t<\/div>\n\t\t\t\t\t<\/div>\n\t\t<\/section>\n\t\t\t\t<section class=\"elementor-section elementor-top-section elementor-element elementor-element-cd2f402 elementor-section-boxed elementor-section-height-default elementor-section-height-default\" data-id=\"cd2f402\" data-element_type=\"section\" data-e-type=\"section\">\n\t\t\t\t\t\t<div class=\"elementor-container elementor-column-gap-default\">\n\t\t\t\t\t<div class=\"elementor-column elementor-col-100 elementor-top-column elementor-element elementor-element-e1be776\" data-id=\"e1be776\" data-element_type=\"column\" data-e-type=\"column\">\n\t\t\t<div class=\"elementor-widget-wrap elementor-element-populated\">\n\t\t\t\t\t\t<div class=\"elementor-element elementor-element-bb80fd2 elementor-widget elementor-widget-heading\" data-id=\"bb80fd2\" data-element_type=\"widget\" data-e-type=\"widget\" data-widget_type=\"heading.default\">\n\t\t\t\t<div class=\"elementor-widget-container\">\n\t\t\t\t\t<h2 class=\"elementor-heading-title elementor-size-default\">\u00bfQu\u00e9 tipo de pintura RAL se utiliza en los productos ABC? <\/h2>\t\t\t\t<\/div>\n\t\t\t\t<\/div>\n\t\t\t\t<div class=\"elementor-element elementor-element-f788955 elementor-widget elementor-widget-text-editor\" data-id=\"f788955\" data-element_type=\"widget\" data-e-type=\"widget\" data-widget_type=\"text-editor.default\">\n\t\t\t\t<div class=\"elementor-widget-container\">\n\t\t\t\t\t\t\t\t\t<p>En el caso de los productos ABC, la <strong>pintura <\/strong>se aplica <strong><em>en polvo<\/em><\/strong>, es decir, electrost\u00e1ticamente, a los componentes met\u00e1licos, que despu\u00e9s pasan por un horno para endurecer la pintura y crear una capa protectora duradera. El acabado recomendado para los equipos ABC es el <strong>texturizado fino <\/strong>o <strong>arrugado<\/strong>.<\/p><p>Todos los productos ABC, a petici\u00f3n del cliente, son pintados por nuestro colaborador externo. <br \/>Algunos ejemplos ya realizados son: <a href=\"https:\/\/abcprato.it\/es\/productos-hechos-a-medida\/caballete-porta-cuero-pintado-ral\/\"><strong>caballetes pieles<\/strong><\/a>, <strong>cajoneras horizontal para troqueles<\/strong>, <a href=\"https:\/\/abcprato.it\/es\/productos-hechos-a-medida\/mueble-vertical-pintado-ral\/\"><strong>cajoneras vertical de almacenamiento troqueles<\/strong><\/a> y <a href=\"https:\/\/abcprato.it\/es\/productos-hechos-a-medida\/mueble-de-coser-pintado\/\"><strong>mueble de coser<\/strong><\/a>.<\/p>\t\t\t\t\t\t\t\t<\/div>\n\t\t\t\t<\/div>\n\t\t\t\t\t<\/div>\n\t\t<\/div>\n\t\t\t\t\t<\/div>\n\t\t<\/section>\n\t\t\t\t<section class=\"elementor-section elementor-top-section elementor-element elementor-element-f6b786b elementor-section-boxed elementor-section-height-default elementor-section-height-default\" data-id=\"f6b786b\" data-element_type=\"section\" data-e-type=\"section\">\n\t\t\t\t\t\t<div class=\"elementor-container elementor-column-gap-default\">\n\t\t\t\t\t<div class=\"elementor-column elementor-col-100 elementor-top-column elementor-element elementor-element-6aa2ad8\" data-id=\"6aa2ad8\" data-element_type=\"column\" data-e-type=\"column\">\n\t\t\t<div class=\"elementor-widget-wrap elementor-element-populated\">\n\t\t\t\t\t\t<div class=\"elementor-element elementor-element-94dc721 elementor-widget elementor-widget-spacer\" data-id=\"94dc721\" data-element_type=\"widget\" data-e-type=\"widget\" data-widget_type=\"spacer.default\">\n\t\t\t\t<div class=\"elementor-widget-container\">\n\t\t\t\t\t\t\t<div class=\"elementor-spacer\">\n\t\t\t<div class=\"elementor-spacer-inner\"><\/div>\n\t\t<\/div>\n\t\t\t\t\t\t<\/div>\n\t\t\t\t<\/div>\n\t\t\t\t\t<\/div>\n\t\t<\/div>\n\t\t\t\t\t<\/div>\n\t\t<\/section>\n\t\t\t\t<\/div>\n\t\t","protected":false},"excerpt":{"rendered":"<p>Los colores RAL son un sistema de codificaci\u00f3n est\u00e1ndar utilizado principalmente en Europa para que est\u00e9n homologados en diversos sectores como la pintura, la industria&#8230; <a class=\"read-more\" style=\"text-decoration:underline;\" href=\"https:\/\/abcprato.it\/es\/curiosidades\/que-son-los-colores-ral\/\">Leer m\u00e1s<\/a><\/p>\n","protected":false},"author":3,"featured_media":22861,"comment_status":"closed","ping_status":"closed","sticky":false,"template":"","format":"standard","meta":{"_acf_changed":false,"footnotes":""},"categories":[35],"tags":[],"class_list":["post-22952","post","type-post","status-publish","format-standard","has-post-thumbnail","hentry","category-curiosidades"],"acf":[],"yoast_head":"<!-- This site is optimized with the Yoast SEO plugin v27.2 - https:\/\/yoast.com\/product\/yoast-seo-wordpress\/ -->\n<title>\u00bfQu\u00e9 son los colores RAL? - ABC Equipment &amp; Solutions<\/title>\n<meta name=\"description\" content=\"Cu\u00e1ndo surgieron los colores RAL, c\u00f3mo se leen y qu\u00e9 aplicaciones tienen. Descubre qu\u00e9 tipo de pintura se aplica a los productos ABC pintados.\" \/>\n<meta name=\"robots\" content=\"index, follow, max-snippet:-1, max-image-preview:large, max-video-preview:-1\" \/>\n<link rel=\"canonical\" href=\"https:\/\/abcprato.it\/es\/curiosidades\/que-son-los-colores-ral\/\" \/>\n<meta property=\"og:locale\" content=\"es_ES\" \/>\n<meta property=\"og:type\" content=\"article\" \/>\n<meta property=\"og:title\" content=\"\u00bfQu\u00e9 son los colores RAL? - ABC Equipment &amp; Solutions\" \/>\n<meta property=\"og:description\" content=\"Cu\u00e1ndo surgieron los colores RAL, c\u00f3mo se leen y qu\u00e9 aplicaciones tienen. Descubre qu\u00e9 tipo de pintura se aplica a los productos ABC pintados.\" \/>\n<meta property=\"og:url\" content=\"https:\/\/abcprato.it\/es\/curiosidades\/que-son-los-colores-ral\/\" \/>\n<meta property=\"og:site_name\" content=\"ABC Equipment &amp; Solutions\" \/>\n<meta property=\"article:published_time\" content=\"2024-01-17T08:59:06+00:00\" \/>\n<meta property=\"article:modified_time\" content=\"2025-02-18T09:24:16+00:00\" \/>\n<meta property=\"og:image\" content=\"https:\/\/abcprato.it\/wp-content\/uploads\/2024\/01\/palette-colori-RAL.jpg\" \/>\n\t<meta property=\"og:image:width\" content=\"1500\" \/>\n\t<meta property=\"og:image:height\" content=\"1000\" \/>\n\t<meta property=\"og:image:type\" content=\"image\/jpeg\" \/>\n<meta name=\"author\" content=\"Cecilia\" \/>\n<meta name=\"twitter:card\" content=\"summary_large_image\" \/>\n<meta name=\"twitter:label1\" content=\"Escrito por\" \/>\n\t<meta name=\"twitter:data1\" content=\"Cecilia\" \/>\n\t<meta name=\"twitter:label2\" content=\"Tiempo de lectura\" \/>\n\t<meta name=\"twitter:data2\" content=\"4 minutos\" \/>\n<script type=\"application\/ld+json\" class=\"yoast-schema-graph\">{\"@context\":\"https:\/\/schema.org\",\"@graph\":[{\"@type\":\"Article\",\"@id\":\"https:\/\/abcprato.it\/es\/curiosidades\/que-son-los-colores-ral\/#article\",\"isPartOf\":{\"@id\":\"https:\/\/abcprato.it\/es\/curiosidades\/que-son-los-colores-ral\/\"},\"author\":{\"name\":\"Cecilia\",\"@id\":\"https:\/\/abcprato.it\/es\/#\/schema\/person\/00ba479806c558acdde7a5906f2e4e24\"},\"headline\":\"\u00bfQu\u00e9 son los colores RAL? Gu\u00eda completa de c\u00f3digos y aplicaciones\",\"datePublished\":\"2024-01-17T08:59:06+00:00\",\"dateModified\":\"2025-02-18T09:24:16+00:00\",\"mainEntityOfPage\":{\"@id\":\"https:\/\/abcprato.it\/es\/curiosidades\/que-son-los-colores-ral\/\"},\"wordCount\":674,\"publisher\":{\"@id\":\"https:\/\/abcprato.it\/es\/#organization\"},\"image\":{\"@id\":\"https:\/\/abcprato.it\/es\/curiosidades\/que-son-los-colores-ral\/#primaryimage\"},\"thumbnailUrl\":\"https:\/\/abcprato.it\/wp-content\/uploads\/2024\/01\/palette-colori-RAL.jpg\",\"articleSection\":[\"Curiosidades\"],\"inLanguage\":\"es\"},{\"@type\":\"WebPage\",\"@id\":\"https:\/\/abcprato.it\/es\/curiosidades\/que-son-los-colores-ral\/\",\"url\":\"https:\/\/abcprato.it\/es\/curiosidades\/que-son-los-colores-ral\/\",\"name\":\"\u00bfQu\u00e9 son los colores RAL? - ABC Equipment &amp; Solutions\",\"isPartOf\":{\"@id\":\"https:\/\/abcprato.it\/es\/#website\"},\"primaryImageOfPage\":{\"@id\":\"https:\/\/abcprato.it\/es\/curiosidades\/que-son-los-colores-ral\/#primaryimage\"},\"image\":{\"@id\":\"https:\/\/abcprato.it\/es\/curiosidades\/que-son-los-colores-ral\/#primaryimage\"},\"thumbnailUrl\":\"https:\/\/abcprato.it\/wp-content\/uploads\/2024\/01\/palette-colori-RAL.jpg\",\"datePublished\":\"2024-01-17T08:59:06+00:00\",\"dateModified\":\"2025-02-18T09:24:16+00:00\",\"description\":\"Cu\u00e1ndo surgieron los colores RAL, c\u00f3mo se leen y qu\u00e9 aplicaciones tienen. Descubre qu\u00e9 tipo de pintura se aplica a los productos ABC pintados.\",\"breadcrumb\":{\"@id\":\"https:\/\/abcprato.it\/es\/curiosidades\/que-son-los-colores-ral\/#breadcrumb\"},\"inLanguage\":\"es\",\"potentialAction\":[{\"@type\":\"ReadAction\",\"target\":[\"https:\/\/abcprato.it\/es\/curiosidades\/que-son-los-colores-ral\/\"]}]},{\"@type\":\"ImageObject\",\"inLanguage\":\"es\",\"@id\":\"https:\/\/abcprato.it\/es\/curiosidades\/que-son-los-colores-ral\/#primaryimage\",\"url\":\"https:\/\/abcprato.it\/wp-content\/uploads\/2024\/01\/palette-colori-RAL.jpg\",\"contentUrl\":\"https:\/\/abcprato.it\/wp-content\/uploads\/2024\/01\/palette-colori-RAL.jpg\",\"width\":1500,\"height\":1000,\"caption\":\"palette-colori-RAL\"},{\"@type\":\"BreadcrumbList\",\"@id\":\"https:\/\/abcprato.it\/es\/curiosidades\/que-son-los-colores-ral\/#breadcrumb\",\"itemListElement\":[{\"@type\":\"ListItem\",\"position\":1,\"name\":\"Home\",\"item\":\"https:\/\/abcprato.it\/es\/\"},{\"@type\":\"ListItem\",\"position\":2,\"name\":\"\u00bfQu\u00e9 son los colores RAL? Gu\u00eda completa de c\u00f3digos y aplicaciones\"}]},{\"@type\":\"WebSite\",\"@id\":\"https:\/\/abcprato.it\/es\/#website\",\"url\":\"https:\/\/abcprato.it\/es\/\",\"name\":\"ABC Equipment &amp; Solutions\",\"description\":\"\",\"publisher\":{\"@id\":\"https:\/\/abcprato.it\/es\/#organization\"},\"potentialAction\":[{\"@type\":\"SearchAction\",\"target\":{\"@type\":\"EntryPoint\",\"urlTemplate\":\"https:\/\/abcprato.it\/es\/?s={search_term_string}\"},\"query-input\":{\"@type\":\"PropertyValueSpecification\",\"valueRequired\":true,\"valueName\":\"search_term_string\"}}],\"inLanguage\":\"es\"},{\"@type\":\"Organization\",\"@id\":\"https:\/\/abcprato.it\/es\/#organization\",\"name\":\"ABC Equipment & Solutions\",\"url\":\"https:\/\/abcprato.it\/es\/\",\"logo\":{\"@type\":\"ImageObject\",\"inLanguage\":\"es\",\"@id\":\"https:\/\/abcprato.it\/es\/#\/schema\/logo\/image\/\",\"url\":\"https:\/\/abcprato.it\/wp-content\/uploads\/2021\/01\/ABC-logo-2021.svg\",\"contentUrl\":\"https:\/\/abcprato.it\/wp-content\/uploads\/2021\/01\/ABC-logo-2021.svg\",\"width\":1,\"height\":1,\"caption\":\"ABC Equipment & Solutions\"},\"image\":{\"@id\":\"https:\/\/abcprato.it\/es\/#\/schema\/logo\/image\/\"}},{\"@type\":\"Person\",\"@id\":\"https:\/\/abcprato.it\/es\/#\/schema\/person\/00ba479806c558acdde7a5906f2e4e24\",\"name\":\"Cecilia\",\"image\":{\"@type\":\"ImageObject\",\"inLanguage\":\"es\",\"@id\":\"https:\/\/secure.gravatar.com\/avatar\/a59e665831e28f87b0e0b2993ccc300369a11814b880d658ae5ff4ed0d8687d0?s=96&d=mm&r=g\",\"url\":\"https:\/\/secure.gravatar.com\/avatar\/a59e665831e28f87b0e0b2993ccc300369a11814b880d658ae5ff4ed0d8687d0?s=96&d=mm&r=g\",\"contentUrl\":\"https:\/\/secure.gravatar.com\/avatar\/a59e665831e28f87b0e0b2993ccc300369a11814b880d658ae5ff4ed0d8687d0?s=96&d=mm&r=g\",\"caption\":\"Cecilia\"},\"url\":\"https:\/\/abcprato.it\/es\/author\/cecilia\/\"}]}<\/script>\n<!-- \/ Yoast SEO plugin. -->","yoast_head_json":{"title":"\u00bfQu\u00e9 son los colores RAL? - ABC Equipment &amp; Solutions","description":"Cu\u00e1ndo surgieron los colores RAL, c\u00f3mo se leen y qu\u00e9 aplicaciones tienen. Descubre qu\u00e9 tipo de pintura se aplica a los productos ABC pintados.","robots":{"index":"index","follow":"follow","max-snippet":"max-snippet:-1","max-image-preview":"max-image-preview:large","max-video-preview":"max-video-preview:-1"},"canonical":"https:\/\/abcprato.it\/es\/curiosidades\/que-son-los-colores-ral\/","og_locale":"es_ES","og_type":"article","og_title":"\u00bfQu\u00e9 son los colores RAL? - ABC Equipment &amp; Solutions","og_description":"Cu\u00e1ndo surgieron los colores RAL, c\u00f3mo se leen y qu\u00e9 aplicaciones tienen. Descubre qu\u00e9 tipo de pintura se aplica a los productos ABC pintados.","og_url":"https:\/\/abcprato.it\/es\/curiosidades\/que-son-los-colores-ral\/","og_site_name":"ABC Equipment &amp; Solutions","article_published_time":"2024-01-17T08:59:06+00:00","article_modified_time":"2025-02-18T09:24:16+00:00","og_image":[{"width":1500,"height":1000,"url":"https:\/\/abcprato.it\/wp-content\/uploads\/2024\/01\/palette-colori-RAL.jpg","type":"image\/jpeg"}],"author":"Cecilia","twitter_card":"summary_large_image","twitter_misc":{"Escrito por":"Cecilia","Tiempo de lectura":"4 minutos"},"schema":{"@context":"https:\/\/schema.org","@graph":[{"@type":"Article","@id":"https:\/\/abcprato.it\/es\/curiosidades\/que-son-los-colores-ral\/#article","isPartOf":{"@id":"https:\/\/abcprato.it\/es\/curiosidades\/que-son-los-colores-ral\/"},"author":{"name":"Cecilia","@id":"https:\/\/abcprato.it\/es\/#\/schema\/person\/00ba479806c558acdde7a5906f2e4e24"},"headline":"\u00bfQu\u00e9 son los colores RAL? Gu\u00eda completa de c\u00f3digos y aplicaciones","datePublished":"2024-01-17T08:59:06+00:00","dateModified":"2025-02-18T09:24:16+00:00","mainEntityOfPage":{"@id":"https:\/\/abcprato.it\/es\/curiosidades\/que-son-los-colores-ral\/"},"wordCount":674,"publisher":{"@id":"https:\/\/abcprato.it\/es\/#organization"},"image":{"@id":"https:\/\/abcprato.it\/es\/curiosidades\/que-son-los-colores-ral\/#primaryimage"},"thumbnailUrl":"https:\/\/abcprato.it\/wp-content\/uploads\/2024\/01\/palette-colori-RAL.jpg","articleSection":["Curiosidades"],"inLanguage":"es"},{"@type":"WebPage","@id":"https:\/\/abcprato.it\/es\/curiosidades\/que-son-los-colores-ral\/","url":"https:\/\/abcprato.it\/es\/curiosidades\/que-son-los-colores-ral\/","name":"\u00bfQu\u00e9 son los colores RAL? - ABC Equipment &amp; Solutions","isPartOf":{"@id":"https:\/\/abcprato.it\/es\/#website"},"primaryImageOfPage":{"@id":"https:\/\/abcprato.it\/es\/curiosidades\/que-son-los-colores-ral\/#primaryimage"},"image":{"@id":"https:\/\/abcprato.it\/es\/curiosidades\/que-son-los-colores-ral\/#primaryimage"},"thumbnailUrl":"https:\/\/abcprato.it\/wp-content\/uploads\/2024\/01\/palette-colori-RAL.jpg","datePublished":"2024-01-17T08:59:06+00:00","dateModified":"2025-02-18T09:24:16+00:00","description":"Cu\u00e1ndo surgieron los colores RAL, c\u00f3mo se leen y qu\u00e9 aplicaciones tienen. Descubre qu\u00e9 tipo de pintura se aplica a los productos ABC pintados.","breadcrumb":{"@id":"https:\/\/abcprato.it\/es\/curiosidades\/que-son-los-colores-ral\/#breadcrumb"},"inLanguage":"es","potentialAction":[{"@type":"ReadAction","target":["https:\/\/abcprato.it\/es\/curiosidades\/que-son-los-colores-ral\/"]}]},{"@type":"ImageObject","inLanguage":"es","@id":"https:\/\/abcprato.it\/es\/curiosidades\/que-son-los-colores-ral\/#primaryimage","url":"https:\/\/abcprato.it\/wp-content\/uploads\/2024\/01\/palette-colori-RAL.jpg","contentUrl":"https:\/\/abcprato.it\/wp-content\/uploads\/2024\/01\/palette-colori-RAL.jpg","width":1500,"height":1000,"caption":"palette-colori-RAL"},{"@type":"BreadcrumbList","@id":"https:\/\/abcprato.it\/es\/curiosidades\/que-son-los-colores-ral\/#breadcrumb","itemListElement":[{"@type":"ListItem","position":1,"name":"Home","item":"https:\/\/abcprato.it\/es\/"},{"@type":"ListItem","position":2,"name":"\u00bfQu\u00e9 son los colores RAL? Gu\u00eda completa de c\u00f3digos y aplicaciones"}]},{"@type":"WebSite","@id":"https:\/\/abcprato.it\/es\/#website","url":"https:\/\/abcprato.it\/es\/","name":"ABC Equipment &amp; Solutions","description":"","publisher":{"@id":"https:\/\/abcprato.it\/es\/#organization"},"potentialAction":[{"@type":"SearchAction","target":{"@type":"EntryPoint","urlTemplate":"https:\/\/abcprato.it\/es\/?s={search_term_string}"},"query-input":{"@type":"PropertyValueSpecification","valueRequired":true,"valueName":"search_term_string"}}],"inLanguage":"es"},{"@type":"Organization","@id":"https:\/\/abcprato.it\/es\/#organization","name":"ABC Equipment & Solutions","url":"https:\/\/abcprato.it\/es\/","logo":{"@type":"ImageObject","inLanguage":"es","@id":"https:\/\/abcprato.it\/es\/#\/schema\/logo\/image\/","url":"https:\/\/abcprato.it\/wp-content\/uploads\/2021\/01\/ABC-logo-2021.svg","contentUrl":"https:\/\/abcprato.it\/wp-content\/uploads\/2021\/01\/ABC-logo-2021.svg","width":1,"height":1,"caption":"ABC Equipment & Solutions"},"image":{"@id":"https:\/\/abcprato.it\/es\/#\/schema\/logo\/image\/"}},{"@type":"Person","@id":"https:\/\/abcprato.it\/es\/#\/schema\/person\/00ba479806c558acdde7a5906f2e4e24","name":"Cecilia","image":{"@type":"ImageObject","inLanguage":"es","@id":"https:\/\/secure.gravatar.com\/avatar\/a59e665831e28f87b0e0b2993ccc300369a11814b880d658ae5ff4ed0d8687d0?s=96&d=mm&r=g","url":"https:\/\/secure.gravatar.com\/avatar\/a59e665831e28f87b0e0b2993ccc300369a11814b880d658ae5ff4ed0d8687d0?s=96&d=mm&r=g","contentUrl":"https:\/\/secure.gravatar.com\/avatar\/a59e665831e28f87b0e0b2993ccc300369a11814b880d658ae5ff4ed0d8687d0?s=96&d=mm&r=g","caption":"Cecilia"},"url":"https:\/\/abcprato.it\/es\/author\/cecilia\/"}]}},"_links":{"self":[{"href":"https:\/\/abcprato.it\/es\/wp-json\/wp\/v2\/posts\/22952","targetHints":{"allow":["GET"]}}],"collection":[{"href":"https:\/\/abcprato.it\/es\/wp-json\/wp\/v2\/posts"}],"about":[{"href":"https:\/\/abcprato.it\/es\/wp-json\/wp\/v2\/types\/post"}],"author":[{"embeddable":true,"href":"https:\/\/abcprato.it\/es\/wp-json\/wp\/v2\/users\/3"}],"replies":[{"embeddable":true,"href":"https:\/\/abcprato.it\/es\/wp-json\/wp\/v2\/comments?post=22952"}],"version-history":[{"count":15,"href":"https:\/\/abcprato.it\/es\/wp-json\/wp\/v2\/posts\/22952\/revisions"}],"predecessor-version":[{"id":32684,"href":"https:\/\/abcprato.it\/es\/wp-json\/wp\/v2\/posts\/22952\/revisions\/32684"}],"wp:featuredmedia":[{"embeddable":true,"href":"https:\/\/abcprato.it\/es\/wp-json\/wp\/v2\/media\/22861"}],"wp:attachment":[{"href":"https:\/\/abcprato.it\/es\/wp-json\/wp\/v2\/media?parent=22952"}],"wp:term":[{"taxonomy":"category","embeddable":true,"href":"https:\/\/abcprato.it\/es\/wp-json\/wp\/v2\/categories?post=22952"},{"taxonomy":"post_tag","embeddable":true,"href":"https:\/\/abcprato.it\/es\/wp-json\/wp\/v2\/tags?post=22952"}],"curies":[{"name":"wp","href":"https:\/\/api.w.org\/{rel}","templated":true}]}}