{"id":32907,"date":"2025-03-24T15:49:58","date_gmt":"2025-03-24T14:49:58","guid":{"rendered":"https:\/\/abcprato.it\/?p=32907"},"modified":"2025-03-24T16:08:28","modified_gmt":"2025-03-24T15:08:28","slug":"assomac-abc-equipos-y-soluciones-a-medida","status":"publish","type":"post","link":"https:\/\/abcprato.it\/es\/novedades\/assomac-abc-equipos-y-soluciones-a-medida\/","title":{"rendered":"Assomac: ABC, equipos y soluciones a medida"},"content":{"rendered":"\t\t<div data-elementor-type=\"wp-post\" data-elementor-id=\"32907\" class=\"elementor elementor-32907 elementor-32861\" data-elementor-post-type=\"post\">\n\t\t\t\t<div class=\"elementor-element elementor-element-e1214f5 e-flex e-con-boxed e-con e-parent\" data-id=\"e1214f5\" data-element_type=\"container\" data-e-type=\"container\">\n\t\t\t\t\t<div class=\"e-con-inner\">\n\t\t\t\t<div class=\"elementor-element elementor-element-c3b7f30 elementor-widget elementor-widget-text-editor\" data-id=\"c3b7f30\" data-element_type=\"widget\" data-e-type=\"widget\" data-widget_type=\"text-editor.default\">\n\t\t\t\t<div class=\"elementor-widget-container\">\n\t\t\t\t\t\t\t\t\t<p> <strong>Assomac<\/strong> presenta un nuevo art\u00edculo en la secci\u00f3n \u201cnoticias de los asociados\u201d, centrado en la posibilidad de personalizar los equipos ABC y desarrollar soluciones a medida.<\/p>\n\t\t\t\t\t\t\t\t<\/div>\n\t\t\t\t<\/div>\n\t\t\t\t\t<\/div>\n\t\t\t\t<\/div>\n\t\t<div class=\"elementor-element elementor-element-c2a3e94 e-flex e-con-boxed e-con e-parent\" data-id=\"c2a3e94\" data-element_type=\"container\" data-e-type=\"container\">\n\t\t\t\t\t<div class=\"e-con-inner\">\n\t\t\t\t<div class=\"elementor-element elementor-element-01a9047 elementor-widget elementor-widget-image\" data-id=\"01a9047\" data-element_type=\"widget\" data-e-type=\"widget\" data-widget_type=\"image.default\">\n\t\t\t\t<div class=\"elementor-widget-container\">\n\t\t\t\t\t\t\t\t\t\t\t\t\t\t\t<img fetchpriority=\"high\" decoding=\"async\" width=\"800\" height=\"534\" src=\"https:\/\/abcprato.it\/wp-content\/uploads\/2025\/03\/assomac-abc-equipos-y-soluciones-a-medida-1024x683.jpg\" class=\"attachment-large size-large wp-image-32909\" alt=\"assomac-abc-equipos-y-soluciones-a-medida\" srcset=\"https:\/\/abcprato.it\/wp-content\/uploads\/2025\/03\/assomac-abc-equipos-y-soluciones-a-medida-1024x683.jpg 1024w, https:\/\/abcprato.it\/wp-content\/uploads\/2025\/03\/assomac-abc-equipos-y-soluciones-a-medida-300x200.jpg 300w, https:\/\/abcprato.it\/wp-content\/uploads\/2025\/03\/assomac-abc-equipos-y-soluciones-a-medida-768x512.jpg 768w, https:\/\/abcprato.it\/wp-content\/uploads\/2025\/03\/assomac-abc-equipos-y-soluciones-a-medida-24x16.jpg 24w, https:\/\/abcprato.it\/wp-content\/uploads\/2025\/03\/assomac-abc-equipos-y-soluciones-a-medida-36x24.jpg 36w, https:\/\/abcprato.it\/wp-content\/uploads\/2025\/03\/assomac-abc-equipos-y-soluciones-a-medida-48x32.jpg 48w, https:\/\/abcprato.it\/wp-content\/uploads\/2025\/03\/assomac-abc-equipos-y-soluciones-a-medida.jpg 1500w\" sizes=\"(max-width: 800px) 100vw, 800px\" \/>\t\t\t\t\t\t\t\t\t\t\t\t\t\t\t<\/div>\n\t\t\t\t<\/div>\n\t\t\t\t\t<\/div>\n\t\t\t\t<\/div>\n\t\t<div class=\"elementor-element elementor-element-ca8bfa3 e-flex e-con-boxed e-con e-parent\" data-id=\"ca8bfa3\" data-element_type=\"container\" data-e-type=\"container\">\n\t\t\t\t\t<div class=\"e-con-inner\">\n\t\t\t\t<div class=\"elementor-element elementor-element-2a5bcb3 elementor-widget elementor-widget-text-editor\" data-id=\"2a5bcb3\" data-element_type=\"widget\" data-e-type=\"widget\" data-widget_type=\"text-editor.default\">\n\t\t\t\t<div class=\"elementor-widget-container\">\n\t\t\t\t\t\t\t\t\t<p>Aqu\u00ed est\u00e1 el art\u00edculo:<\/p><p><strong>ABC Equipment &amp; Solutions<\/strong> fabrica equipos para almacenar, gestionar y manipular materiales en empresas del sector de la piel. La empresa tiene su sede en Prato (Italia) y todo el proceso de producci\u00f3n se realiza internamente, lo que garantiza productos italianos de alta calidad en acero galvanizado, con asas de pl\u00e1stico resistente y ruedas anti-hilos. <br \/>Adem\u00e1s de los productos est\u00e1ndar, se pueden fabricar <strong>equipos a medida<\/strong> seg\u00fan las necesidades espec\u00edficas de cada cliente. <br \/>Desde <strong>caballetes porta pieles<\/strong> hasta <strong>muebles para troqueles<\/strong>, pasando por <strong>carritos portarrollos<\/strong> y <strong>bancos de trabajo<\/strong>, descubre la gama completa de productos personalizables.<\/p>\t\t\t\t\t\t\t\t<\/div>\n\t\t\t\t<\/div>\n\t\t\t\t\t<\/div>\n\t\t\t\t<\/div>\n\t\t<div class=\"elementor-element elementor-element-d646ed8 e-flex e-con-boxed e-con e-parent\" data-id=\"d646ed8\" data-element_type=\"container\" data-e-type=\"container\">\n\t\t\t\t\t<div class=\"e-con-inner\">\n\t\t\t\t<div class=\"elementor-element elementor-element-c4a6d26 elementor-widget elementor-widget-heading\" data-id=\"c4a6d26\" data-element_type=\"widget\" data-e-type=\"widget\" data-widget_type=\"heading.default\">\n\t\t\t\t<div class=\"elementor-widget-container\">\n\t\t\t\t\t<h2 class=\"elementor-heading-title elementor-size-default\">Caballete porta pieles <\/h2>\t\t\t\t<\/div>\n\t\t\t\t<\/div>\n\t\t\t\t\t<\/div>\n\t\t\t\t<\/div>\n\t\t<div class=\"elementor-element elementor-element-23041c6 e-flex e-con-boxed e-con e-parent\" data-id=\"23041c6\" data-element_type=\"container\" data-e-type=\"container\">\n\t\t\t\t\t<div class=\"e-con-inner\">\n\t\t\t\t<div class=\"elementor-element elementor-element-52e5d26 elementor-widget elementor-widget-text-editor\" data-id=\"52e5d26\" data-element_type=\"widget\" data-e-type=\"widget\" data-widget_type=\"text-editor.default\">\n\t\t\t\t<div class=\"elementor-widget-container\">\n\t\t\t\t\t\t\t\t\t<p>Ideales para la manipulaci\u00f3n de pieles en talleres de marroquiner\u00eda, los <strong>caballetes porta cuero <\/strong>se utilizan para manipular pieles en el departamento de corte. Est\u00e1n equipados con asas ergon\u00f3micas de pl\u00e1stico, ruedas anti-hilos para facilitar su manejo y un sistema antiest\u00e1tico para evitar golpes al operario durante su utilizaci\u00f3n. Su dise\u00f1o estrecho facilita las maniobras en la empresa.<\/p><p>Los carritos porta pieles pueden personalizarse tanto en color, con un recubrimiento especial en polvo, como en tama\u00f1o, en funci\u00f3n de las dimensiones de las pieles utilizadas.<\/p>\t\t\t\t\t\t\t\t<\/div>\n\t\t\t\t<\/div>\n\t\t\t\t\t<\/div>\n\t\t\t\t<\/div>\n\t\t<div class=\"elementor-element elementor-element-e28a097 e-flex e-con-boxed e-con e-parent\" data-id=\"e28a097\" data-element_type=\"container\" data-e-type=\"container\">\n\t\t\t\t\t<div class=\"e-con-inner\">\n\t\t\t\t<div class=\"elementor-element elementor-element-738c09b elementor-widget elementor-widget-image\" data-id=\"738c09b\" data-element_type=\"widget\" data-e-type=\"widget\" data-widget_type=\"image.default\">\n\t\t\t\t<div class=\"elementor-widget-container\">\n\t\t\t\t\t\t\t\t\t\t\t\t\t\t\t<img decoding=\"async\" width=\"800\" height=\"534\" src=\"https:\/\/abcprato.it\/wp-content\/uploads\/2023\/12\/caballete-porta-pieles-para-tapiceria-1024x683.jpg\" class=\"attachment-large size-large wp-image-22536\" alt=\"caballete-porta-pieles-para-tapiceria\" srcset=\"https:\/\/abcprato.it\/wp-content\/uploads\/2023\/12\/caballete-porta-pieles-para-tapiceria-1024x683.jpg 1024w, https:\/\/abcprato.it\/wp-content\/uploads\/2023\/12\/caballete-porta-pieles-para-tapiceria-300x200.jpg 300w, https:\/\/abcprato.it\/wp-content\/uploads\/2023\/12\/caballete-porta-pieles-para-tapiceria-768x512.jpg 768w, https:\/\/abcprato.it\/wp-content\/uploads\/2023\/12\/caballete-porta-pieles-para-tapiceria-24x16.jpg 24w, https:\/\/abcprato.it\/wp-content\/uploads\/2023\/12\/caballete-porta-pieles-para-tapiceria-36x24.jpg 36w, https:\/\/abcprato.it\/wp-content\/uploads\/2023\/12\/caballete-porta-pieles-para-tapiceria-48x32.jpg 48w, https:\/\/abcprato.it\/wp-content\/uploads\/2023\/12\/caballete-porta-pieles-para-tapiceria.jpg 1500w\" sizes=\"(max-width: 800px) 100vw, 800px\" \/>\t\t\t\t\t\t\t\t\t\t\t\t\t\t\t<\/div>\n\t\t\t\t<\/div>\n\t\t\t\t\t<\/div>\n\t\t\t\t<\/div>\n\t\t<div class=\"elementor-element elementor-element-504827a e-flex e-con-boxed e-con e-parent\" data-id=\"504827a\" data-element_type=\"container\" data-e-type=\"container\">\n\t\t\t\t\t<div class=\"e-con-inner\">\n\t\t\t\t<div class=\"elementor-element elementor-element-f18585c elementor-widget elementor-widget-text-editor\" data-id=\"f18585c\" data-element_type=\"widget\" data-e-type=\"widget\" data-widget_type=\"text-editor.default\">\n\t\t\t\t<div class=\"elementor-widget-container\">\n\t\t\t\t\t\t\t\t\t<p><u>Caso pr\u00e1ctico<\/u>: \u00abFabricamos un <strong>caballete porta cuero <\/strong>para una empresa francesa de <strong>guarnicioner\u00eda <\/strong>para manipular pieles enteras de 5m<sup>2<\/sup> y con m\u00e1s de 200 cm de ancho. El modelo est\u00e1ndar se modific\u00f3 y personaliz\u00f3 a petici\u00f3n del cliente. Las dem\u00e1s caracter\u00edsticas se mantuvieron sin cambios\u00bb.<\/p>\t\t\t\t\t\t\t\t<\/div>\n\t\t\t\t<\/div>\n\t\t\t\t\t<\/div>\n\t\t\t\t<\/div>\n\t\t<div class=\"elementor-element elementor-element-5338f16 e-flex e-con-boxed e-con e-parent\" data-id=\"5338f16\" data-element_type=\"container\" data-e-type=\"container\">\n\t\t\t\t\t<div class=\"e-con-inner\">\n\t\t\t\t<div class=\"elementor-element elementor-element-fbd4f17 elementor-widget elementor-widget-heading\" data-id=\"fbd4f17\" data-element_type=\"widget\" data-e-type=\"widget\" data-widget_type=\"heading.default\">\n\t\t\t\t<div class=\"elementor-widget-container\">\n\t\t\t\t\t<h2 class=\"elementor-heading-title elementor-size-default\">Mueble horizontal para troqueles <\/h2>\t\t\t\t<\/div>\n\t\t\t\t<\/div>\n\t\t\t\t\t<\/div>\n\t\t\t\t<\/div>\n\t\t<div class=\"elementor-element elementor-element-795fbb3 e-flex e-con-boxed e-con e-parent\" data-id=\"795fbb3\" data-element_type=\"container\" data-e-type=\"container\">\n\t\t\t\t\t<div class=\"e-con-inner\">\n\t\t\t\t<div class=\"elementor-element elementor-element-9008b1a elementor-widget elementor-widget-text-editor\" data-id=\"9008b1a\" data-element_type=\"widget\" data-e-type=\"widget\" data-widget_type=\"text-editor.default\">\n\t\t\t\t<div class=\"elementor-widget-container\">\n\t\t\t\t\t\t\t\t\t<p>Los<strong> muebles horizontales <\/strong>est\u00e1n dise\u00f1ados para gestionar y mantener en orden los troqueles. La estructura es de acero galvanizado, mientras que el estante superior es de acero pintado de blanco. Est\u00e1n equipadas con gu\u00edas de bolas de extracci\u00f3n total y est\u00e1n disponibles en dos gamas: una de 100 cm de altura para colocar junto al troquel y otra de 140 cm de altura para colocar en la zona de almacenamiento. <br \/>Cada mueble est\u00e1 equipado con el sistema Stop&amp;Go que permite abrir s\u00f3lo un caj\u00f3n a la vez, evitando vuelcos.<\/p><p>A petici\u00f3n, puedes solicitar una combinaci\u00f3n diferente con cajones m\u00e1s altos para almacenar, por ejemplo, conos o bobinas de hilo, o solicitar el mueble pintado en el color que prefiere.<\/p>\t\t\t\t\t\t\t\t<\/div>\n\t\t\t\t<\/div>\n\t\t\t\t\t<\/div>\n\t\t\t\t<\/div>\n\t\t<div class=\"elementor-element elementor-element-9db7ae6 e-flex e-con-boxed e-con e-parent\" data-id=\"9db7ae6\" data-element_type=\"container\" data-e-type=\"container\">\n\t\t\t\t\t<div class=\"e-con-inner\">\n\t\t\t\t<div class=\"elementor-element elementor-element-fb98efd elementor-widget elementor-widget-image\" data-id=\"fb98efd\" data-element_type=\"widget\" data-e-type=\"widget\" data-widget_type=\"image.default\">\n\t\t\t\t<div class=\"elementor-widget-container\">\n\t\t\t\t\t\t\t\t\t\t\t\t\t\t\t<img decoding=\"async\" width=\"800\" height=\"534\" src=\"https:\/\/abcprato.it\/wp-content\/uploads\/2024\/04\/mueble-para-conos-y-bobinas-hilo-1024x683.jpg\" class=\"attachment-large size-large wp-image-28948\" alt=\"mueble-para-conos-y-bobinas-hilo\" srcset=\"https:\/\/abcprato.it\/wp-content\/uploads\/2024\/04\/mueble-para-conos-y-bobinas-hilo-1024x683.jpg 1024w, https:\/\/abcprato.it\/wp-content\/uploads\/2024\/04\/mueble-para-conos-y-bobinas-hilo-300x200.jpg 300w, https:\/\/abcprato.it\/wp-content\/uploads\/2024\/04\/mueble-para-conos-y-bobinas-hilo-768x512.jpg 768w, https:\/\/abcprato.it\/wp-content\/uploads\/2024\/04\/mueble-para-conos-y-bobinas-hilo-24x16.jpg 24w, https:\/\/abcprato.it\/wp-content\/uploads\/2024\/04\/mueble-para-conos-y-bobinas-hilo-36x24.jpg 36w, https:\/\/abcprato.it\/wp-content\/uploads\/2024\/04\/mueble-para-conos-y-bobinas-hilo-48x32.jpg 48w, https:\/\/abcprato.it\/wp-content\/uploads\/2024\/04\/mueble-para-conos-y-bobinas-hilo.jpg 1500w\" sizes=\"(max-width: 800px) 100vw, 800px\" \/>\t\t\t\t\t\t\t\t\t\t\t\t\t\t\t<\/div>\n\t\t\t\t<\/div>\n\t\t\t\t\t<\/div>\n\t\t\t\t<\/div>\n\t\t<div class=\"elementor-element elementor-element-d5811ed e-flex e-con-boxed e-con e-parent\" data-id=\"d5811ed\" data-element_type=\"container\" data-e-type=\"container\">\n\t\t\t\t\t<div class=\"e-con-inner\">\n\t\t\t\t<div class=\"elementor-element elementor-element-7d5d67e elementor-widget elementor-widget-text-editor\" data-id=\"7d5d67e\" data-element_type=\"widget\" data-e-type=\"widget\" data-widget_type=\"text-editor.default\">\n\t\t\t\t<div class=\"elementor-widget-container\">\n\t\t\t\t\t\t\t\t\t<p><u>Caso pr\u00e1ctico<\/u>: \u00abUn fabricante italiano de art\u00edculos de cuero de lujo nos pidi\u00f3 un <strong>mueble especial <\/strong>con cajones m\u00e1s altos y soportes para <strong>insertar las bobinas de hilo<\/strong>, protegi\u00e9ndolas de la luz y el polvo. Las bobinas de hilo se colocan de pie en los cajones, viendo inmediatamente el c\u00f3digo del hilo necesario para la elaboraci\u00f3n. El mueble se personaliz\u00f3 con esta particular combinaci\u00f3n de cajones y se coloc\u00f3 en el departamento de costura\u00bb.<\/p>\t\t\t\t\t\t\t\t<\/div>\n\t\t\t\t<\/div>\n\t\t\t\t\t<\/div>\n\t\t\t\t<\/div>\n\t\t<div class=\"elementor-element elementor-element-ff3ecbb e-flex e-con-boxed e-con e-parent\" data-id=\"ff3ecbb\" data-element_type=\"container\" data-e-type=\"container\">\n\t\t\t\t\t<div class=\"e-con-inner\">\n\t\t\t\t<div class=\"elementor-element elementor-element-b49fc66 elementor-widget elementor-widget-heading\" data-id=\"b49fc66\" data-element_type=\"widget\" data-e-type=\"widget\" data-widget_type=\"heading.default\">\n\t\t\t\t<div class=\"elementor-widget-container\">\n\t\t\t\t\t<h2 class=\"elementor-heading-title elementor-size-default\">Carrito portarrollos <\/h2>\t\t\t\t<\/div>\n\t\t\t\t<\/div>\n\t\t\t\t\t<\/div>\n\t\t\t\t<\/div>\n\t\t<div class=\"elementor-element elementor-element-1ae937a e-flex e-con-boxed e-con e-parent\" data-id=\"1ae937a\" data-element_type=\"container\" data-e-type=\"container\">\n\t\t\t\t\t<div class=\"e-con-inner\">\n\t\t\t\t<div class=\"elementor-element elementor-element-6dba4dd elementor-widget elementor-widget-text-editor\" data-id=\"6dba4dd\" data-element_type=\"widget\" data-e-type=\"widget\" data-widget_type=\"text-editor.default\">\n\t\t\t\t<div class=\"elementor-widget-container\">\n\t\t\t\t\t\t\t\t\t<p>El <strong>carrito portarrollos <\/strong>es perfecto para manipular rollos de diferentes materiales, como tela, microfibra, salpa o refuerzos, en la fase de corte. La posici\u00f3n ideal es cerca del centro de corte CAD. <br \/>La estructura es estrecha y los rollos est\u00e1n dispuestos asim\u00e9tricamente para ocupar menos espacio en el departamento. El carrito puede manejar hasta 8 rollos y est\u00e1 equipado con ruedas anti-hilos.<\/p><p>Es posible solicitar el carrito a medida personalizando el tama\u00f1o o el n\u00famero de rollos a almacenar. <\/p>\t\t\t\t\t\t\t\t<\/div>\n\t\t\t\t<\/div>\n\t\t\t\t\t<\/div>\n\t\t\t\t<\/div>\n\t\t<div class=\"elementor-element elementor-element-642a010 e-flex e-con-boxed e-con e-parent\" data-id=\"642a010\" data-element_type=\"container\" data-e-type=\"container\">\n\t\t\t\t\t<div class=\"e-con-inner\">\n\t\t\t\t<div class=\"elementor-element elementor-element-399f2c6 elementor-widget elementor-widget-image\" data-id=\"399f2c6\" data-element_type=\"widget\" data-e-type=\"widget\" data-widget_type=\"image.default\">\n\t\t\t\t<div class=\"elementor-widget-container\">\n\t\t\t\t\t\t\t\t\t\t\t\t\t\t\t<img loading=\"lazy\" decoding=\"async\" width=\"800\" height=\"534\" src=\"https:\/\/abcprato.it\/wp-content\/uploads\/2023\/06\/carrito-portarrollos-para-maquina-de-corte-CAD-1024x683.jpg\" class=\"attachment-large size-large wp-image-16360\" alt=\"carrito-portarrollos-para-maquina-de-corte-CAD\" srcset=\"https:\/\/abcprato.it\/wp-content\/uploads\/2023\/06\/carrito-portarrollos-para-maquina-de-corte-CAD-1024x683.jpg 1024w, https:\/\/abcprato.it\/wp-content\/uploads\/2023\/06\/carrito-portarrollos-para-maquina-de-corte-CAD-300x200.jpg 300w, https:\/\/abcprato.it\/wp-content\/uploads\/2023\/06\/carrito-portarrollos-para-maquina-de-corte-CAD-768x512.jpg 768w, https:\/\/abcprato.it\/wp-content\/uploads\/2023\/06\/carrito-portarrollos-para-maquina-de-corte-CAD-24x16.jpg 24w, https:\/\/abcprato.it\/wp-content\/uploads\/2023\/06\/carrito-portarrollos-para-maquina-de-corte-CAD-36x24.jpg 36w, https:\/\/abcprato.it\/wp-content\/uploads\/2023\/06\/carrito-portarrollos-para-maquina-de-corte-CAD-48x32.jpg 48w, https:\/\/abcprato.it\/wp-content\/uploads\/2023\/06\/carrito-portarrollos-para-maquina-de-corte-CAD.jpg 1500w\" sizes=\"(max-width: 800px) 100vw, 800px\" \/>\t\t\t\t\t\t\t\t\t\t\t\t\t\t\t<\/div>\n\t\t\t\t<\/div>\n\t\t\t\t\t<\/div>\n\t\t\t\t<\/div>\n\t\t<div class=\"elementor-element elementor-element-d0afdb1 e-flex e-con-boxed e-con e-parent\" data-id=\"d0afdb1\" data-element_type=\"container\" data-e-type=\"container\">\n\t\t\t\t\t<div class=\"e-con-inner\">\n\t\t\t\t<div class=\"elementor-element elementor-element-3120ab6 elementor-widget elementor-widget-text-editor\" data-id=\"3120ab6\" data-element_type=\"widget\" data-e-type=\"widget\" data-widget_type=\"text-editor.default\">\n\t\t\t\t<div class=\"elementor-widget-container\">\n\t\t\t\t\t\t\t\t\t<p><u>Caso pr\u00e1ctico<\/u>: \u00abUna empresa cortadora italiana nos pidi\u00f3 un <strong>carrito portarrollos <\/strong>m\u00e1s bajo para colocarlo junto a la <strong>mesa de corte autom\u00e1tico<\/strong>. Creamos un carro con 3 tubos dispuestos asim\u00e9tricamente y 1 tubo superior m\u00e1s largo para manipular materiales m\u00e1s altos, como el cartene. Perfecto para esos procesos \u00abcolchones\u00bb en los que se necesita vac\u00edo para no mover los distintos materiales. Este carrito ha tenido tanta aceptaci\u00f3n en el mercado que ahora forma parte de la gama de productos ABC.\u00bb<\/p>\t\t\t\t\t\t\t\t<\/div>\n\t\t\t\t<\/div>\n\t\t\t\t\t<\/div>\n\t\t\t\t<\/div>\n\t\t<div class=\"elementor-element elementor-element-7c986e3 e-flex e-con-boxed e-con e-parent\" data-id=\"7c986e3\" data-element_type=\"container\" data-e-type=\"container\">\n\t\t\t\t\t<div class=\"e-con-inner\">\n\t\t\t\t<div class=\"elementor-element elementor-element-1a24773 elementor-widget elementor-widget-heading\" data-id=\"1a24773\" data-element_type=\"widget\" data-e-type=\"widget\" data-widget_type=\"heading.default\">\n\t\t\t\t<div class=\"elementor-widget-container\">\n\t\t\t\t\t<h2 class=\"elementor-heading-title elementor-size-default\">Banco de trabajo<\/h2>\t\t\t\t<\/div>\n\t\t\t\t<\/div>\n\t\t\t\t\t<\/div>\n\t\t\t\t<\/div>\n\t\t<div class=\"elementor-element elementor-element-d22e7a6 e-flex e-con-boxed e-con e-parent\" data-id=\"d22e7a6\" data-element_type=\"container\" data-e-type=\"container\">\n\t\t\t\t\t<div class=\"e-con-inner\">\n\t\t\t\t<div class=\"elementor-element elementor-element-f3f1a3f elementor-widget elementor-widget-text-editor\" data-id=\"f3f1a3f\" data-element_type=\"widget\" data-e-type=\"widget\" data-widget_type=\"text-editor.default\">\n\t\t\t\t<div class=\"elementor-widget-container\">\n\t\t\t\t\t\t\t\t\t<p>El <strong>banco de trabajo <\/strong>se adapta a todas las fases de producci\u00f3n de la empresa y es perfecto para cualquier empresa de marroquiner\u00eda.<br \/>La estructura es de acero resistente, algunas partes est\u00e1n pintadas de blanco y otras galvanizadas para evitar ara\u00f1azos causados por el deslizamiento de algunas partes de la mesa. Se apoya sobre 4 pies de pl\u00e1stico resistentes y ajustables.<\/p><p>La mesa puede completarse con accesorios como cajones para herramientas, un portal\u00e1mparas y una l\u00e1mpara LED.<\/p><p>Tambi\u00e9n est\u00e1 disponible una versi\u00f3n <strong>inclinada <\/strong>para analizar mejor la piel en el taller de modelado, antes de su procesamiento.<\/p><p>Una vez m\u00e1s, el art\u00edculo puede personalizarse en color o tama\u00f1o, seg\u00fan las necesidades de cada cliente.<\/p>\t\t\t\t\t\t\t\t<\/div>\n\t\t\t\t<\/div>\n\t\t\t\t\t<\/div>\n\t\t\t\t<\/div>\n\t\t<div class=\"elementor-element elementor-element-d09d97f e-flex e-con-boxed e-con e-parent\" data-id=\"d09d97f\" data-element_type=\"container\" data-e-type=\"container\">\n\t\t\t\t\t<div class=\"e-con-inner\">\n\t\t\t\t<div class=\"elementor-element elementor-element-45fdf2b elementor-widget elementor-widget-image\" data-id=\"45fdf2b\" data-element_type=\"widget\" data-e-type=\"widget\" data-widget_type=\"image.default\">\n\t\t\t\t<div class=\"elementor-widget-container\">\n\t\t\t\t\t\t\t\t\t\t\t\t\t\t\t<img loading=\"lazy\" decoding=\"async\" width=\"800\" height=\"534\" src=\"https:\/\/abcprato.it\/wp-content\/uploads\/2023\/03\/banco-de-trabajo-con-ruedas-1024x683.jpg\" class=\"attachment-large size-large wp-image-22771\" alt=\"banco-de-trabajo-con-ruedas\" srcset=\"https:\/\/abcprato.it\/wp-content\/uploads\/2023\/03\/banco-de-trabajo-con-ruedas-1024x683.jpg 1024w, https:\/\/abcprato.it\/wp-content\/uploads\/2023\/03\/banco-de-trabajo-con-ruedas-300x200.jpg 300w, https:\/\/abcprato.it\/wp-content\/uploads\/2023\/03\/banco-de-trabajo-con-ruedas-768x512.jpg 768w, https:\/\/abcprato.it\/wp-content\/uploads\/2023\/03\/banco-de-trabajo-con-ruedas-24x16.jpg 24w, https:\/\/abcprato.it\/wp-content\/uploads\/2023\/03\/banco-de-trabajo-con-ruedas-36x24.jpg 36w, https:\/\/abcprato.it\/wp-content\/uploads\/2023\/03\/banco-de-trabajo-con-ruedas-48x32.jpg 48w, https:\/\/abcprato.it\/wp-content\/uploads\/2023\/03\/banco-de-trabajo-con-ruedas.jpg 1500w\" sizes=\"(max-width: 800px) 100vw, 800px\" \/>\t\t\t\t\t\t\t\t\t\t\t\t\t\t\t<\/div>\n\t\t\t\t<\/div>\n\t\t\t\t\t<\/div>\n\t\t\t\t<\/div>\n\t\t<div class=\"elementor-element elementor-element-a46989f e-flex e-con-boxed e-con e-parent\" data-id=\"a46989f\" data-element_type=\"container\" data-e-type=\"container\">\n\t\t\t\t\t<div class=\"e-con-inner\">\n\t\t\t\t<div class=\"elementor-element elementor-element-5851a2f elementor-widget elementor-widget-text-editor\" data-id=\"5851a2f\" data-element_type=\"widget\" data-e-type=\"widget\" data-widget_type=\"text-editor.default\">\n\t\t\t\t<div class=\"elementor-widget-container\">\n\t\t\t\t\t\t\t\t\t<p><u>Caso pr\u00e1ctico<\/u>: \u00abLa solicitud de un banco de trabajo especial vino de un fabricante de bolsas de Scandicci que buscaba un <strong>banco con ruedas <\/strong>para colocarlo m\u00e1s f\u00e1cilmente en el departamento en caso de cambios de dise\u00f1o. El departamento t\u00e9cnico modific\u00f3 el modelo est\u00e1ndar, insertando ruedas anti-hilos con freno en lugar de pies.\u00bb<\/p>\t\t\t\t\t\t\t\t<\/div>\n\t\t\t\t<\/div>\n\t\t\t\t\t<\/div>\n\t\t\t\t<\/div>\n\t\t<div class=\"elementor-element elementor-element-88bb85f e-flex e-con-boxed e-con e-parent\" data-id=\"88bb85f\" data-element_type=\"container\" data-e-type=\"container\">\n\t\t\t\t\t<div class=\"e-con-inner\">\n\t\t\t\t<div class=\"elementor-element elementor-element-c053fc5 elementor-widget elementor-widget-text-editor\" data-id=\"c053fc5\" data-element_type=\"widget\" data-e-type=\"widget\" data-widget_type=\"text-editor.default\">\n\t\t\t\t<div class=\"elementor-widget-container\">\n\t\t\t\t\t\t\t\t\t<p>\u00bfDeseas mantener ordenados tus pieles o troqueles en el departamento? \u00bfTienes necesidades espec\u00edficas? Solicita tu equipamiento ABC a medida.<\/p>\t\t\t\t\t\t\t\t<\/div>\n\t\t\t\t<\/div>\n\t\t\t\t\t<\/div>\n\t\t\t\t<\/div>\n\t\t<div class=\"elementor-element elementor-element-8d62825 e-flex e-con-boxed e-con e-parent\" data-id=\"8d62825\" data-element_type=\"container\" data-e-type=\"container\">\n\t\t\t\t\t<div class=\"e-con-inner\">\n\t\t\t\t<div class=\"elementor-element elementor-element-8635d59 elementor-widget elementor-widget-text-editor\" data-id=\"8635d59\" data-element_type=\"widget\" data-e-type=\"widget\" data-widget_type=\"text-editor.default\">\n\t\t\t\t<div class=\"elementor-widget-container\">\n\t\t\t\t\t\t\t\t\t<p><strong>ABC Equipment &amp; Solutions <\/strong>es una presencia permanente en la feria <strong>Simac Tanning Tech<\/strong>, que se celebra anualmente en Mil\u00e1n. Visita la pr\u00f3xima edici\u00f3n y descubre las \u00faltimas novedades.<\/p>\t\t\t\t\t\t\t\t<\/div>\n\t\t\t\t<\/div>\n\t\t\t\t\t<\/div>\n\t\t\t\t<\/div>\n\t\t<div class=\"elementor-element elementor-element-3d4fa1c e-flex e-con-boxed e-con e-parent\" data-id=\"3d4fa1c\" data-element_type=\"container\" data-e-type=\"container\">\n\t\t\t\t\t<div class=\"e-con-inner\">\n\t\t\t\t<div class=\"elementor-element elementor-element-ee83327 elementor-align-center elementor-widget elementor-widget-button\" data-id=\"ee83327\" data-element_type=\"widget\" data-e-type=\"widget\" data-widget_type=\"button.default\">\n\t\t\t\t<div class=\"elementor-widget-container\">\n\t\t\t\t\t\t\t\t\t<div class=\"elementor-button-wrapper\">\n\t\t\t\t\t<a class=\"elementor-button elementor-button-link elementor-size-sm\" href=\"https:\/\/assomac.it\/en\/news\/news-from-associates\/bc-equipment-solutions-custom-made-equipment-and-solutions-for-the-leather-industry\/\">\n\t\t\t\t\t\t<span class=\"elementor-button-content-wrapper\">\n\t\t\t\t\t\t\t\t\t<span class=\"elementor-button-text\">DESCUBRE EL ARTICULO<\/span>\n\t\t\t\t\t<\/span>\n\t\t\t\t\t<\/a>\n\t\t\t\t<\/div>\n\t\t\t\t\t\t\t\t<\/div>\n\t\t\t\t<\/div>\n\t\t\t\t\t<\/div>\n\t\t\t\t<\/div>\n\t\t\t\t<\/div>\n\t\t","protected":false},"excerpt":{"rendered":"<p>Assomac presenta un nuevo art\u00edculo en la secci\u00f3n \u201cnoticias de los asociados\u201d, centrado en la posibilidad de personalizar los equipos ABC y desarrollar soluciones a&#8230; <a class=\"read-more\" style=\"text-decoration:underline;\" href=\"https:\/\/abcprato.it\/es\/novedades\/assomac-abc-equipos-y-soluciones-a-medida\/\">Leer m\u00e1s<\/a><\/p>\n","protected":false},"author":3,"featured_media":32865,"comment_status":"closed","ping_status":"closed","sticky":false,"template":"","format":"standard","meta":{"_acf_changed":false,"footnotes":""},"categories":[34],"tags":[],"class_list":["post-32907","post","type-post","status-publish","format-standard","has-post-thumbnail","hentry","category-novedades"],"acf":[],"yoast_head":"<!-- This site is optimized with the Yoast SEO plugin v27.2 - https:\/\/yoast.com\/product\/yoast-seo-wordpress\/ -->\n<title>Assomac: ABC, equipos y soluciones a medida - ABC Equipment &amp; Solutions<\/title>\n<meta name=\"description\" content=\"Consulta nuestro \u00faltimo art\u00edculo publicado en el sitio web de Assomac sobre la posibilidad de fabricar equipos y soluciones ABC a medida.\" \/>\n<meta name=\"robots\" content=\"index, follow, max-snippet:-1, max-image-preview:large, max-video-preview:-1\" \/>\n<link rel=\"canonical\" href=\"https:\/\/abcprato.it\/es\/novedades\/assomac-abc-equipos-y-soluciones-a-medida\/\" \/>\n<meta property=\"og:locale\" content=\"es_ES\" \/>\n<meta property=\"og:type\" content=\"article\" \/>\n<meta property=\"og:title\" content=\"Assomac: ABC, equipos y soluciones a medida - ABC Equipment &amp; Solutions\" \/>\n<meta property=\"og:description\" content=\"Consulta nuestro \u00faltimo art\u00edculo publicado en el sitio web de Assomac sobre la posibilidad de fabricar equipos y soluciones ABC a medida.\" \/>\n<meta property=\"og:url\" content=\"https:\/\/abcprato.it\/es\/novedades\/assomac-abc-equipos-y-soluciones-a-medida\/\" \/>\n<meta property=\"og:site_name\" content=\"ABC Equipment &amp; Solutions\" \/>\n<meta property=\"article:published_time\" content=\"2025-03-24T14:49:58+00:00\" \/>\n<meta property=\"article:modified_time\" content=\"2025-03-24T15:08:28+00:00\" \/>\n<meta property=\"og:image\" content=\"https:\/\/abcprato.it\/wp-content\/uploads\/2025\/03\/attrezzature-abc-personalizzate-assomac.jpg\" \/>\n\t<meta property=\"og:image:width\" content=\"1500\" \/>\n\t<meta property=\"og:image:height\" content=\"1000\" \/>\n\t<meta property=\"og:image:type\" content=\"image\/jpeg\" \/>\n<meta name=\"author\" content=\"Cecilia\" \/>\n<meta name=\"twitter:card\" content=\"summary_large_image\" \/>\n<meta name=\"twitter:label1\" content=\"Escrito por\" \/>\n\t<meta name=\"twitter:data1\" content=\"Cecilia\" \/>\n\t<meta name=\"twitter:label2\" content=\"Tiempo de lectura\" \/>\n\t<meta name=\"twitter:data2\" content=\"5 minutos\" \/>\n<script type=\"application\/ld+json\" class=\"yoast-schema-graph\">{\"@context\":\"https:\/\/schema.org\",\"@graph\":[{\"@type\":\"Article\",\"@id\":\"https:\/\/abcprato.it\/es\/novedades\/assomac-abc-equipos-y-soluciones-a-medida\/#article\",\"isPartOf\":{\"@id\":\"https:\/\/abcprato.it\/es\/novedades\/assomac-abc-equipos-y-soluciones-a-medida\/\"},\"author\":{\"name\":\"Cecilia\",\"@id\":\"https:\/\/abcprato.it\/es\/#\/schema\/person\/00ba479806c558acdde7a5906f2e4e24\"},\"headline\":\"Assomac: ABC, equipos y soluciones a medida\",\"datePublished\":\"2025-03-24T14:49:58+00:00\",\"dateModified\":\"2025-03-24T15:08:28+00:00\",\"mainEntityOfPage\":{\"@id\":\"https:\/\/abcprato.it\/es\/novedades\/assomac-abc-equipos-y-soluciones-a-medida\/\"},\"wordCount\":920,\"publisher\":{\"@id\":\"https:\/\/abcprato.it\/es\/#organization\"},\"image\":{\"@id\":\"https:\/\/abcprato.it\/es\/novedades\/assomac-abc-equipos-y-soluciones-a-medida\/#primaryimage\"},\"thumbnailUrl\":\"https:\/\/abcprato.it\/wp-content\/uploads\/2025\/03\/attrezzature-abc-personalizzate-assomac.jpg\",\"articleSection\":[\"Novedades\"],\"inLanguage\":\"es\"},{\"@type\":\"WebPage\",\"@id\":\"https:\/\/abcprato.it\/es\/novedades\/assomac-abc-equipos-y-soluciones-a-medida\/\",\"url\":\"https:\/\/abcprato.it\/es\/novedades\/assomac-abc-equipos-y-soluciones-a-medida\/\",\"name\":\"Assomac: ABC, equipos y soluciones a medida - ABC Equipment &amp; Solutions\",\"isPartOf\":{\"@id\":\"https:\/\/abcprato.it\/es\/#website\"},\"primaryImageOfPage\":{\"@id\":\"https:\/\/abcprato.it\/es\/novedades\/assomac-abc-equipos-y-soluciones-a-medida\/#primaryimage\"},\"image\":{\"@id\":\"https:\/\/abcprato.it\/es\/novedades\/assomac-abc-equipos-y-soluciones-a-medida\/#primaryimage\"},\"thumbnailUrl\":\"https:\/\/abcprato.it\/wp-content\/uploads\/2025\/03\/attrezzature-abc-personalizzate-assomac.jpg\",\"datePublished\":\"2025-03-24T14:49:58+00:00\",\"dateModified\":\"2025-03-24T15:08:28+00:00\",\"description\":\"Consulta nuestro \u00faltimo art\u00edculo publicado en el sitio web de Assomac sobre la posibilidad de fabricar equipos y soluciones ABC a medida.\",\"breadcrumb\":{\"@id\":\"https:\/\/abcprato.it\/es\/novedades\/assomac-abc-equipos-y-soluciones-a-medida\/#breadcrumb\"},\"inLanguage\":\"es\",\"potentialAction\":[{\"@type\":\"ReadAction\",\"target\":[\"https:\/\/abcprato.it\/es\/novedades\/assomac-abc-equipos-y-soluciones-a-medida\/\"]}]},{\"@type\":\"ImageObject\",\"inLanguage\":\"es\",\"@id\":\"https:\/\/abcprato.it\/es\/novedades\/assomac-abc-equipos-y-soluciones-a-medida\/#primaryimage\",\"url\":\"https:\/\/abcprato.it\/wp-content\/uploads\/2025\/03\/attrezzature-abc-personalizzate-assomac.jpg\",\"contentUrl\":\"https:\/\/abcprato.it\/wp-content\/uploads\/2025\/03\/attrezzature-abc-personalizzate-assomac.jpg\",\"width\":1500,\"height\":1000,\"caption\":\"attrezzature-abc-personalizzate-assomac\"},{\"@type\":\"BreadcrumbList\",\"@id\":\"https:\/\/abcprato.it\/es\/novedades\/assomac-abc-equipos-y-soluciones-a-medida\/#breadcrumb\",\"itemListElement\":[{\"@type\":\"ListItem\",\"position\":1,\"name\":\"Home\",\"item\":\"https:\/\/abcprato.it\/es\/\"},{\"@type\":\"ListItem\",\"position\":2,\"name\":\"Assomac: ABC, equipos y soluciones a medida\"}]},{\"@type\":\"WebSite\",\"@id\":\"https:\/\/abcprato.it\/es\/#website\",\"url\":\"https:\/\/abcprato.it\/es\/\",\"name\":\"ABC Equipment &amp; Solutions\",\"description\":\"\",\"publisher\":{\"@id\":\"https:\/\/abcprato.it\/es\/#organization\"},\"potentialAction\":[{\"@type\":\"SearchAction\",\"target\":{\"@type\":\"EntryPoint\",\"urlTemplate\":\"https:\/\/abcprato.it\/es\/?s={search_term_string}\"},\"query-input\":{\"@type\":\"PropertyValueSpecification\",\"valueRequired\":true,\"valueName\":\"search_term_string\"}}],\"inLanguage\":\"es\"},{\"@type\":\"Organization\",\"@id\":\"https:\/\/abcprato.it\/es\/#organization\",\"name\":\"ABC Equipment & Solutions\",\"url\":\"https:\/\/abcprato.it\/es\/\",\"logo\":{\"@type\":\"ImageObject\",\"inLanguage\":\"es\",\"@id\":\"https:\/\/abcprato.it\/es\/#\/schema\/logo\/image\/\",\"url\":\"https:\/\/abcprato.it\/wp-content\/uploads\/2021\/01\/ABC-logo-2021.svg\",\"contentUrl\":\"https:\/\/abcprato.it\/wp-content\/uploads\/2021\/01\/ABC-logo-2021.svg\",\"width\":1,\"height\":1,\"caption\":\"ABC Equipment & Solutions\"},\"image\":{\"@id\":\"https:\/\/abcprato.it\/es\/#\/schema\/logo\/image\/\"}},{\"@type\":\"Person\",\"@id\":\"https:\/\/abcprato.it\/es\/#\/schema\/person\/00ba479806c558acdde7a5906f2e4e24\",\"name\":\"Cecilia\",\"image\":{\"@type\":\"ImageObject\",\"inLanguage\":\"es\",\"@id\":\"https:\/\/secure.gravatar.com\/avatar\/a59e665831e28f87b0e0b2993ccc300369a11814b880d658ae5ff4ed0d8687d0?s=96&d=mm&r=g\",\"url\":\"https:\/\/secure.gravatar.com\/avatar\/a59e665831e28f87b0e0b2993ccc300369a11814b880d658ae5ff4ed0d8687d0?s=96&d=mm&r=g\",\"contentUrl\":\"https:\/\/secure.gravatar.com\/avatar\/a59e665831e28f87b0e0b2993ccc300369a11814b880d658ae5ff4ed0d8687d0?s=96&d=mm&r=g\",\"caption\":\"Cecilia\"},\"url\":\"https:\/\/abcprato.it\/es\/author\/cecilia\/\"}]}<\/script>\n<!-- \/ Yoast SEO plugin. -->","yoast_head_json":{"title":"Assomac: ABC, equipos y soluciones a medida - ABC Equipment &amp; Solutions","description":"Consulta nuestro \u00faltimo art\u00edculo publicado en el sitio web de Assomac sobre la posibilidad de fabricar equipos y soluciones ABC a medida.","robots":{"index":"index","follow":"follow","max-snippet":"max-snippet:-1","max-image-preview":"max-image-preview:large","max-video-preview":"max-video-preview:-1"},"canonical":"https:\/\/abcprato.it\/es\/novedades\/assomac-abc-equipos-y-soluciones-a-medida\/","og_locale":"es_ES","og_type":"article","og_title":"Assomac: ABC, equipos y soluciones a medida - ABC Equipment &amp; Solutions","og_description":"Consulta nuestro \u00faltimo art\u00edculo publicado en el sitio web de Assomac sobre la posibilidad de fabricar equipos y soluciones ABC a medida.","og_url":"https:\/\/abcprato.it\/es\/novedades\/assomac-abc-equipos-y-soluciones-a-medida\/","og_site_name":"ABC Equipment &amp; Solutions","article_published_time":"2025-03-24T14:49:58+00:00","article_modified_time":"2025-03-24T15:08:28+00:00","og_image":[{"width":1500,"height":1000,"url":"https:\/\/abcprato.it\/wp-content\/uploads\/2025\/03\/attrezzature-abc-personalizzate-assomac.jpg","type":"image\/jpeg"}],"author":"Cecilia","twitter_card":"summary_large_image","twitter_misc":{"Escrito por":"Cecilia","Tiempo de lectura":"5 minutos"},"schema":{"@context":"https:\/\/schema.org","@graph":[{"@type":"Article","@id":"https:\/\/abcprato.it\/es\/novedades\/assomac-abc-equipos-y-soluciones-a-medida\/#article","isPartOf":{"@id":"https:\/\/abcprato.it\/es\/novedades\/assomac-abc-equipos-y-soluciones-a-medida\/"},"author":{"name":"Cecilia","@id":"https:\/\/abcprato.it\/es\/#\/schema\/person\/00ba479806c558acdde7a5906f2e4e24"},"headline":"Assomac: ABC, equipos y soluciones a medida","datePublished":"2025-03-24T14:49:58+00:00","dateModified":"2025-03-24T15:08:28+00:00","mainEntityOfPage":{"@id":"https:\/\/abcprato.it\/es\/novedades\/assomac-abc-equipos-y-soluciones-a-medida\/"},"wordCount":920,"publisher":{"@id":"https:\/\/abcprato.it\/es\/#organization"},"image":{"@id":"https:\/\/abcprato.it\/es\/novedades\/assomac-abc-equipos-y-soluciones-a-medida\/#primaryimage"},"thumbnailUrl":"https:\/\/abcprato.it\/wp-content\/uploads\/2025\/03\/attrezzature-abc-personalizzate-assomac.jpg","articleSection":["Novedades"],"inLanguage":"es"},{"@type":"WebPage","@id":"https:\/\/abcprato.it\/es\/novedades\/assomac-abc-equipos-y-soluciones-a-medida\/","url":"https:\/\/abcprato.it\/es\/novedades\/assomac-abc-equipos-y-soluciones-a-medida\/","name":"Assomac: ABC, equipos y soluciones a medida - ABC Equipment &amp; Solutions","isPartOf":{"@id":"https:\/\/abcprato.it\/es\/#website"},"primaryImageOfPage":{"@id":"https:\/\/abcprato.it\/es\/novedades\/assomac-abc-equipos-y-soluciones-a-medida\/#primaryimage"},"image":{"@id":"https:\/\/abcprato.it\/es\/novedades\/assomac-abc-equipos-y-soluciones-a-medida\/#primaryimage"},"thumbnailUrl":"https:\/\/abcprato.it\/wp-content\/uploads\/2025\/03\/attrezzature-abc-personalizzate-assomac.jpg","datePublished":"2025-03-24T14:49:58+00:00","dateModified":"2025-03-24T15:08:28+00:00","description":"Consulta nuestro \u00faltimo art\u00edculo publicado en el sitio web de Assomac sobre la posibilidad de fabricar equipos y soluciones ABC a medida.","breadcrumb":{"@id":"https:\/\/abcprato.it\/es\/novedades\/assomac-abc-equipos-y-soluciones-a-medida\/#breadcrumb"},"inLanguage":"es","potentialAction":[{"@type":"ReadAction","target":["https:\/\/abcprato.it\/es\/novedades\/assomac-abc-equipos-y-soluciones-a-medida\/"]}]},{"@type":"ImageObject","inLanguage":"es","@id":"https:\/\/abcprato.it\/es\/novedades\/assomac-abc-equipos-y-soluciones-a-medida\/#primaryimage","url":"https:\/\/abcprato.it\/wp-content\/uploads\/2025\/03\/attrezzature-abc-personalizzate-assomac.jpg","contentUrl":"https:\/\/abcprato.it\/wp-content\/uploads\/2025\/03\/attrezzature-abc-personalizzate-assomac.jpg","width":1500,"height":1000,"caption":"attrezzature-abc-personalizzate-assomac"},{"@type":"BreadcrumbList","@id":"https:\/\/abcprato.it\/es\/novedades\/assomac-abc-equipos-y-soluciones-a-medida\/#breadcrumb","itemListElement":[{"@type":"ListItem","position":1,"name":"Home","item":"https:\/\/abcprato.it\/es\/"},{"@type":"ListItem","position":2,"name":"Assomac: ABC, equipos y soluciones a medida"}]},{"@type":"WebSite","@id":"https:\/\/abcprato.it\/es\/#website","url":"https:\/\/abcprato.it\/es\/","name":"ABC Equipment &amp; Solutions","description":"","publisher":{"@id":"https:\/\/abcprato.it\/es\/#organization"},"potentialAction":[{"@type":"SearchAction","target":{"@type":"EntryPoint","urlTemplate":"https:\/\/abcprato.it\/es\/?s={search_term_string}"},"query-input":{"@type":"PropertyValueSpecification","valueRequired":true,"valueName":"search_term_string"}}],"inLanguage":"es"},{"@type":"Organization","@id":"https:\/\/abcprato.it\/es\/#organization","name":"ABC Equipment & Solutions","url":"https:\/\/abcprato.it\/es\/","logo":{"@type":"ImageObject","inLanguage":"es","@id":"https:\/\/abcprato.it\/es\/#\/schema\/logo\/image\/","url":"https:\/\/abcprato.it\/wp-content\/uploads\/2021\/01\/ABC-logo-2021.svg","contentUrl":"https:\/\/abcprato.it\/wp-content\/uploads\/2021\/01\/ABC-logo-2021.svg","width":1,"height":1,"caption":"ABC Equipment & Solutions"},"image":{"@id":"https:\/\/abcprato.it\/es\/#\/schema\/logo\/image\/"}},{"@type":"Person","@id":"https:\/\/abcprato.it\/es\/#\/schema\/person\/00ba479806c558acdde7a5906f2e4e24","name":"Cecilia","image":{"@type":"ImageObject","inLanguage":"es","@id":"https:\/\/secure.gravatar.com\/avatar\/a59e665831e28f87b0e0b2993ccc300369a11814b880d658ae5ff4ed0d8687d0?s=96&d=mm&r=g","url":"https:\/\/secure.gravatar.com\/avatar\/a59e665831e28f87b0e0b2993ccc300369a11814b880d658ae5ff4ed0d8687d0?s=96&d=mm&r=g","contentUrl":"https:\/\/secure.gravatar.com\/avatar\/a59e665831e28f87b0e0b2993ccc300369a11814b880d658ae5ff4ed0d8687d0?s=96&d=mm&r=g","caption":"Cecilia"},"url":"https:\/\/abcprato.it\/es\/author\/cecilia\/"}]}},"_links":{"self":[{"href":"https:\/\/abcprato.it\/es\/wp-json\/wp\/v2\/posts\/32907","targetHints":{"allow":["GET"]}}],"collection":[{"href":"https:\/\/abcprato.it\/es\/wp-json\/wp\/v2\/posts"}],"about":[{"href":"https:\/\/abcprato.it\/es\/wp-json\/wp\/v2\/types\/post"}],"author":[{"embeddable":true,"href":"https:\/\/abcprato.it\/es\/wp-json\/wp\/v2\/users\/3"}],"replies":[{"embeddable":true,"href":"https:\/\/abcprato.it\/es\/wp-json\/wp\/v2\/comments?post=32907"}],"version-history":[{"count":5,"href":"https:\/\/abcprato.it\/es\/wp-json\/wp\/v2\/posts\/32907\/revisions"}],"predecessor-version":[{"id":32916,"href":"https:\/\/abcprato.it\/es\/wp-json\/wp\/v2\/posts\/32907\/revisions\/32916"}],"wp:featuredmedia":[{"embeddable":true,"href":"https:\/\/abcprato.it\/es\/wp-json\/wp\/v2\/media\/32865"}],"wp:attachment":[{"href":"https:\/\/abcprato.it\/es\/wp-json\/wp\/v2\/media?parent=32907"}],"wp:term":[{"taxonomy":"category","embeddable":true,"href":"https:\/\/abcprato.it\/es\/wp-json\/wp\/v2\/categories?post=32907"},{"taxonomy":"post_tag","embeddable":true,"href":"https:\/\/abcprato.it\/es\/wp-json\/wp\/v2\/tags?post=32907"}],"curies":[{"name":"wp","href":"https:\/\/api.w.org\/{rel}","templated":true}]}}