{"id":36472,"date":"2025-12-10T16:43:18","date_gmt":"2025-12-10T15:43:18","guid":{"rendered":"https:\/\/abcprato.it\/sin-categorizar\/carrito-de-cuero-para-curtiduria-la-nueva-solucion\/"},"modified":"2025-12-15T12:24:44","modified_gmt":"2025-12-15T11:24:44","slug":"carrito-de-cuero-para-curtiduria-la-nueva-solucion","status":"publish","type":"post","link":"https:\/\/abcprato.it\/es\/novedades\/carrito-de-cuero-para-curtiduria-la-nueva-solucion\/","title":{"rendered":"Carrito porta cuero para curtidur\u00eda: la nueva soluci\u00f3n"},"content":{"rendered":"\t\t<div data-elementor-type=\"wp-post\" data-elementor-id=\"36472\" class=\"elementor elementor-36472 elementor-36412\" data-elementor-post-type=\"post\">\n\t\t\t\t<div class=\"elementor-element elementor-element-c035dd0 e-flex e-con-boxed e-con e-parent\" data-id=\"c035dd0\" data-element_type=\"container\" data-e-type=\"container\">\n\t\t\t\t\t<div class=\"e-con-inner\">\n\t\t\t\t<div class=\"elementor-element elementor-element-fc04cb0 elementor-widget elementor-widget-text-editor\" data-id=\"fc04cb0\" data-element_type=\"widget\" data-e-type=\"widget\" data-widget_type=\"text-editor.default\">\n\t\t\t\t<div class=\"elementor-widget-container\">\n\t\t\t\t\t\t\t\t\t<p>La gama de carritos de cuero ABC se est\u00e1 ampliando: el <strong>nuevo modelo de carrito de cuero para curtidur\u00eda<\/strong> pasa a formar parte de nuestra gama de productos.<\/p><p>Este carrito est\u00e1 dise\u00f1ado para garantizar la m\u00e1xima <strong>resistencia<\/strong>, <strong>facilidad de manejo<\/strong> y <strong>durabilidad<\/strong> incluso en los sectores m\u00e1s cr\u00edticos, como la curtidur\u00eda.<\/p><p>Los materiales utilizados son una combinaci\u00f3n <strong>de acero inoxidable y pintado<\/strong>, lo que garantiza un producto duradero y de alto rendimiento.<\/p><p>El caballete est\u00e1 dise\u00f1ado para manejar <strong>cargas de hasta 500 kg<\/strong> y permite <strong>manipular pieles de hasta 6 m<sup>2<\/sup><\/strong> con un <strong>ancho m\u00e1ximo de 260 cm<\/strong> y una <strong>longitud m\u00e1xima de 300 cm<\/strong>.<\/p>\t\t\t\t\t\t\t\t<\/div>\n\t\t\t\t<\/div>\n\t\t\t\t\t<\/div>\n\t\t\t\t<\/div>\n\t\t<div class=\"elementor-element elementor-element-26927cc e-flex e-con-boxed e-con e-parent\" data-id=\"26927cc\" data-element_type=\"container\" data-e-type=\"container\">\n\t\t\t\t\t<div class=\"e-con-inner\">\n\t\t\t\t<div class=\"elementor-element elementor-element-44456e4 elementor-widget elementor-widget-image\" data-id=\"44456e4\" data-element_type=\"widget\" data-e-type=\"widget\" data-widget_type=\"image.default\">\n\t\t\t\t<div class=\"elementor-widget-container\">\n\t\t\t\t\t\t\t\t\t\t\t\t\t\t\t<img fetchpriority=\"high\" decoding=\"async\" width=\"800\" height=\"534\" src=\"https:\/\/abcprato.it\/wp-content\/uploads\/2025\/12\/carrello-porta-pelle-per-conceria-1024x683.jpg\" class=\"attachment-large size-large wp-image-36466\" alt=\"carrito-porta-cuero-para-curtiduria\" srcset=\"https:\/\/abcprato.it\/wp-content\/uploads\/2025\/12\/carrello-porta-pelle-per-conceria-1024x683.jpg 1024w, https:\/\/abcprato.it\/wp-content\/uploads\/2025\/12\/carrello-porta-pelle-per-conceria-300x200.jpg 300w, https:\/\/abcprato.it\/wp-content\/uploads\/2025\/12\/carrello-porta-pelle-per-conceria-768x512.jpg 768w, https:\/\/abcprato.it\/wp-content\/uploads\/2025\/12\/carrello-porta-pelle-per-conceria-24x16.jpg 24w, https:\/\/abcprato.it\/wp-content\/uploads\/2025\/12\/carrello-porta-pelle-per-conceria-36x24.jpg 36w, https:\/\/abcprato.it\/wp-content\/uploads\/2025\/12\/carrello-porta-pelle-per-conceria-48x32.jpg 48w, https:\/\/abcprato.it\/wp-content\/uploads\/2025\/12\/carrello-porta-pelle-per-conceria.jpg 1500w\" sizes=\"(max-width: 800px) 100vw, 800px\" \/>\t\t\t\t\t\t\t\t\t\t\t\t\t\t\t<\/div>\n\t\t\t\t<\/div>\n\t\t\t\t\t<\/div>\n\t\t\t\t<\/div>\n\t\t<div class=\"elementor-element elementor-element-436bd85 e-flex e-con-boxed e-con e-parent\" data-id=\"436bd85\" data-element_type=\"container\" data-e-type=\"container\">\n\t\t\t\t\t<div class=\"e-con-inner\">\n\t\t\t\t<div class=\"elementor-element elementor-element-13c361f elementor-widget elementor-widget-heading\" data-id=\"13c361f\" data-element_type=\"widget\" data-e-type=\"widget\" data-widget_type=\"heading.default\">\n\t\t\t\t<div class=\"elementor-widget-container\">\n\t\t\t\t\t<h2 class=\"elementor-heading-title elementor-size-default\">Un carrito de cuero dise\u00f1ado para las necesidades de la curtidur\u00eda<\/h2>\t\t\t\t<\/div>\n\t\t\t\t<\/div>\n\t\t\t\t\t<\/div>\n\t\t\t\t<\/div>\n\t\t<div class=\"elementor-element elementor-element-a8e12b7 e-flex e-con-boxed e-con e-parent\" data-id=\"a8e12b7\" data-element_type=\"container\" data-e-type=\"container\">\n\t\t\t\t\t<div class=\"e-con-inner\">\n\t\t\t\t<div class=\"elementor-element elementor-element-39567ba elementor-widget elementor-widget-text-editor\" data-id=\"39567ba\" data-element_type=\"widget\" data-e-type=\"widget\" data-widget_type=\"text-editor.default\">\n\t\t\t\t<div class=\"elementor-widget-container\">\n\t\t\t\t\t\t\t\t\t<p>La <strong>industria del curtido<\/strong> requiere <strong>equipos resistentes a la humedad, salinidad y productos qu\u00edmicos corrosivos<\/strong>. Si los carritos no presentan estas peculiaridades, se deterioran f\u00e1cilmente y pueden formarse \u00f3xido, lo que da\u00f1a los cueros colocados. <\/p><p>El nuevo carro de cuero ABC ha sido desarrollado para satisfacer las necesidades de la <strong>curtidur\u00eda<\/strong> y tiene como peculiaridades <strong>robustez<\/strong>, <strong>materiales adecuados para el contacto con la piel<\/strong> y <strong>f\u00e1cil manejo<\/strong> en el departamento. <\/p>\t\t\t\t\t\t\t\t<\/div>\n\t\t\t\t<\/div>\n\t\t\t\t\t<\/div>\n\t\t\t\t<\/div>\n\t\t<div class=\"elementor-element elementor-element-136eb8d e-flex e-con-boxed e-con e-parent\" data-id=\"136eb8d\" data-element_type=\"container\" data-e-type=\"container\">\n\t\t\t\t\t<div class=\"e-con-inner\">\n\t\t\t\t<div class=\"elementor-element elementor-element-4e35996 elementor-widget elementor-widget-image\" data-id=\"4e35996\" data-element_type=\"widget\" data-e-type=\"widget\" data-widget_type=\"image.default\">\n\t\t\t\t<div class=\"elementor-widget-container\">\n\t\t\t\t\t\t\t\t\t\t\t\t\t\t\t<img decoding=\"async\" src=\"https:\/\/abcprato.it\/wp-content\/uploads\/elementor\/thumbs\/dibujo-porta-cuero-PP-T-rfyi01sr5irfwjel1ecdh20jufpg779kv78updbkn4.jpg\" title=\"dibujo-porta-cuero-PP-T\" alt=\"dibujo-porta-cuero-PP-T\" loading=\"lazy\" \/>\t\t\t\t\t\t\t\t\t\t\t\t\t\t\t<\/div>\n\t\t\t\t<\/div>\n\t\t\t\t\t<\/div>\n\t\t\t\t<\/div>\n\t\t<div class=\"elementor-element elementor-element-2d8f798 e-flex e-con-boxed e-con e-parent\" data-id=\"2d8f798\" data-element_type=\"container\" data-e-type=\"container\">\n\t\t\t\t\t<div class=\"e-con-inner\">\n\t\t\t\t<div class=\"elementor-element elementor-element-22aaa82 elementor-widget elementor-widget-heading\" data-id=\"22aaa82\" data-element_type=\"widget\" data-e-type=\"widget\" data-widget_type=\"heading.default\">\n\t\t\t\t<div class=\"elementor-widget-container\">\n\t\t\t\t\t<h2 class=\"elementor-heading-title elementor-size-default\">Caracter\u00edsticas t\u00e9cnicas<\/h2>\t\t\t\t<\/div>\n\t\t\t\t<\/div>\n\t\t\t\t\t<\/div>\n\t\t\t\t<\/div>\n\t\t<div class=\"elementor-element elementor-element-5b44bd5 e-flex e-con-boxed e-con e-parent\" data-id=\"5b44bd5\" data-element_type=\"container\" data-e-type=\"container\">\n\t\t\t\t\t<div class=\"e-con-inner\">\n\t\t\t\t<div class=\"elementor-element elementor-element-2c40c57 elementor-widget elementor-widget-text-editor\" data-id=\"2c40c57\" data-element_type=\"widget\" data-e-type=\"widget\" data-widget_type=\"text-editor.default\">\n\t\t\t\t<div class=\"elementor-widget-container\">\n\t\t\t\t\t\t\t\t\t<p>Los materiales utilizados para este burro porta pieles son una combinaci\u00f3n de <strong>acero inoxidable<\/strong> para las piezas en contacto con la piel y <strong>acero pintado de <strong>negro<\/strong><\/strong> para la estructura del carrito.<\/p><p>Las <strong>ruedas se insertan en forma de diamante<\/strong>, con las dos centrales fijas y las de los extremos m\u00f3viles. Esta configuraci\u00f3n en particular garantiza estabilidad y excelente manejo incluso en espacios reducidos. <\/p><p>La <strong>capacidad m\u00e1xima de carga<\/strong> es de <strong>500 kg<\/strong>.<\/p><p>El carro incluye un <strong>kit de extensi\u00f3n<\/strong> que se adapta a cualquier tipo de cuero, incluso al m\u00e1s grande. La <strong>anchura<\/strong> con el kit de extensi\u00f3n cerrado es de <strong>194 cm<\/strong>, mientras que con el kit abierto es de <strong>260 cm<\/strong> y la <strong>altura<\/strong> es de <strong>145 cm<\/strong>, lo que permite manipular pieles enteras de bovino o b\u00fafalo de hasta 6 m<sup>2<\/sup>. <\/p>\t\t\t\t\t\t\t\t<\/div>\n\t\t\t\t<\/div>\n\t\t\t\t\t<\/div>\n\t\t\t\t<\/div>\n\t\t<div class=\"elementor-element elementor-element-8ecbdcd e-flex e-con-boxed e-con e-parent\" data-id=\"8ecbdcd\" data-element_type=\"container\" data-e-type=\"container\">\n\t\t\t\t\t<div class=\"e-con-inner\">\n\t\t<div class=\"elementor-element elementor-element-b44dda2 e-con-full e-flex e-con e-child\" data-id=\"b44dda2\" data-element_type=\"container\" data-e-type=\"container\">\n\t\t\t\t<div class=\"elementor-element elementor-element-308901f elementor-widget elementor-widget-image\" data-id=\"308901f\" data-element_type=\"widget\" data-e-type=\"widget\" data-widget_type=\"image.default\">\n\t\t\t\t<div class=\"elementor-widget-container\">\n\t\t\t\t\t\t\t\t\t\t\t\t\t\t\t<img decoding=\"async\" width=\"800\" height=\"534\" src=\"https:\/\/abcprato.it\/wp-content\/uploads\/2025\/12\/dettaglio-gobba-carrello-porta-pelle-1024x683.webp\" class=\"attachment-large size-large wp-image-36467\" alt=\"detalle-joroba-carrito\" srcset=\"https:\/\/abcprato.it\/wp-content\/uploads\/2025\/12\/dettaglio-gobba-carrello-porta-pelle-1024x683.webp 1024w, https:\/\/abcprato.it\/wp-content\/uploads\/2025\/12\/dettaglio-gobba-carrello-porta-pelle-300x200.webp 300w, https:\/\/abcprato.it\/wp-content\/uploads\/2025\/12\/dettaglio-gobba-carrello-porta-pelle-768x512.webp 768w, https:\/\/abcprato.it\/wp-content\/uploads\/2025\/12\/dettaglio-gobba-carrello-porta-pelle-24x16.webp 24w, https:\/\/abcprato.it\/wp-content\/uploads\/2025\/12\/dettaglio-gobba-carrello-porta-pelle-36x24.webp 36w, https:\/\/abcprato.it\/wp-content\/uploads\/2025\/12\/dettaglio-gobba-carrello-porta-pelle-48x32.webp 48w, https:\/\/abcprato.it\/wp-content\/uploads\/2025\/12\/dettaglio-gobba-carrello-porta-pelle.webp 1500w\" sizes=\"(max-width: 800px) 100vw, 800px\" \/>\t\t\t\t\t\t\t\t\t\t\t\t\t\t\t<\/div>\n\t\t\t\t<\/div>\n\t\t\t\t<\/div>\n\t\t<div class=\"elementor-element elementor-element-8233837 e-con-full e-flex e-con e-child\" data-id=\"8233837\" data-element_type=\"container\" data-e-type=\"container\">\n\t\t\t\t<div class=\"elementor-element elementor-element-b874586 elementor-widget elementor-widget-image\" data-id=\"b874586\" data-element_type=\"widget\" data-e-type=\"widget\" data-widget_type=\"image.default\">\n\t\t\t\t<div class=\"elementor-widget-container\">\n\t\t\t\t\t\t\t\t\t\t\t\t\t\t\t<img decoding=\"async\" width=\"800\" height=\"534\" src=\"https:\/\/abcprato.it\/wp-content\/uploads\/2025\/12\/dettaglio-ruote-porta-pelle-conceria-1024x683.webp\" class=\"attachment-large size-large wp-image-36468\" alt=\"detalle-ruedas-curtiduria\" srcset=\"https:\/\/abcprato.it\/wp-content\/uploads\/2025\/12\/dettaglio-ruote-porta-pelle-conceria-1024x683.webp 1024w, https:\/\/abcprato.it\/wp-content\/uploads\/2025\/12\/dettaglio-ruote-porta-pelle-conceria-300x200.webp 300w, https:\/\/abcprato.it\/wp-content\/uploads\/2025\/12\/dettaglio-ruote-porta-pelle-conceria-768x512.webp 768w, https:\/\/abcprato.it\/wp-content\/uploads\/2025\/12\/dettaglio-ruote-porta-pelle-conceria-24x16.webp 24w, https:\/\/abcprato.it\/wp-content\/uploads\/2025\/12\/dettaglio-ruote-porta-pelle-conceria-36x24.webp 36w, https:\/\/abcprato.it\/wp-content\/uploads\/2025\/12\/dettaglio-ruote-porta-pelle-conceria-48x32.webp 48w, https:\/\/abcprato.it\/wp-content\/uploads\/2025\/12\/dettaglio-ruote-porta-pelle-conceria.webp 1500w\" sizes=\"(max-width: 800px) 100vw, 800px\" \/>\t\t\t\t\t\t\t\t\t\t\t\t\t\t\t<\/div>\n\t\t\t\t<\/div>\n\t\t\t\t<\/div>\n\t\t\t\t\t<\/div>\n\t\t\t\t<\/div>\n\t\t<div class=\"elementor-element elementor-element-4149f33 e-flex e-con-boxed e-con e-parent\" data-id=\"4149f33\" data-element_type=\"container\" data-e-type=\"container\">\n\t\t\t\t\t<div class=\"e-con-inner\">\n\t\t\t\t<div class=\"elementor-element elementor-element-b61762c elementor-widget elementor-widget-heading\" data-id=\"b61762c\" data-element_type=\"widget\" data-e-type=\"widget\" data-widget_type=\"heading.default\">\n\t\t\t\t<div class=\"elementor-widget-container\">\n\t\t\t\t\t<h2 class=\"elementor-heading-title elementor-size-default\">\u00bfCu\u00e1les son las ventajas del carrito de cuero para la curtidur\u00eda? <\/h2>\t\t\t\t<\/div>\n\t\t\t\t<\/div>\n\t\t\t\t\t<\/div>\n\t\t\t\t<\/div>\n\t\t<div class=\"elementor-element elementor-element-f4ef1da e-flex e-con-boxed e-con e-parent\" data-id=\"f4ef1da\" data-element_type=\"container\" data-e-type=\"container\">\n\t\t\t\t\t<div class=\"e-con-inner\">\n\t\t\t\t<div class=\"elementor-element elementor-element-e1ca9d5 elementor-widget elementor-widget-text-editor\" data-id=\"e1ca9d5\" data-element_type=\"widget\" data-e-type=\"widget\" data-widget_type=\"text-editor.default\">\n\t\t\t\t<div class=\"elementor-widget-container\">\n\t\t\t\t\t\t\t\t\t<p>Las ventajas del caballete son:<\/p><ul><li><strong>Resistencia a la corrosi\u00f3n<\/strong>: ideal para ambientes h\u00famedos o con productos qu\u00edmicos. Los cueros est\u00e1n sobre una superficie de acero inoxidable. <\/li><li><strong>Versatilidad de uso<\/strong>: adecuado para todos los cueros, tanto peque\u00f1os como grandes (pieles bovinas enteras)<\/li><li><strong>Mejor manejo<\/strong>: gracias a las ruedas en forma de diamante que permiten moverse en espacios limitados.<\/li><\/ul>\t\t\t\t\t\t\t\t<\/div>\n\t\t\t\t<\/div>\n\t\t\t\t\t<\/div>\n\t\t\t\t<\/div>\n\t\t<div class=\"elementor-element elementor-element-c522b4c e-flex e-con-boxed e-con e-parent\" data-id=\"c522b4c\" data-element_type=\"container\" data-e-type=\"container\">\n\t\t\t\t\t<div class=\"e-con-inner\">\n\t\t\t\t<div class=\"elementor-element elementor-element-1cbc860 elementor-widget elementor-widget-image\" data-id=\"1cbc860\" data-element_type=\"widget\" data-e-type=\"widget\" data-widget_type=\"image.default\">\n\t\t\t\t<div class=\"elementor-widget-container\">\n\t\t\t\t\t\t\t\t\t\t\t\t\t\t\t<img loading=\"lazy\" decoding=\"async\" width=\"800\" height=\"534\" src=\"https:\/\/abcprato.it\/wp-content\/uploads\/2025\/12\/carrello-da-conceria-1024x683.webp\" class=\"attachment-large size-large wp-image-36469\" alt=\"caballete-para-curtiduria\" srcset=\"https:\/\/abcprato.it\/wp-content\/uploads\/2025\/12\/carrello-da-conceria-1024x683.webp 1024w, https:\/\/abcprato.it\/wp-content\/uploads\/2025\/12\/carrello-da-conceria-300x200.webp 300w, https:\/\/abcprato.it\/wp-content\/uploads\/2025\/12\/carrello-da-conceria-768x512.webp 768w, https:\/\/abcprato.it\/wp-content\/uploads\/2025\/12\/carrello-da-conceria-24x16.webp 24w, https:\/\/abcprato.it\/wp-content\/uploads\/2025\/12\/carrello-da-conceria-36x24.webp 36w, https:\/\/abcprato.it\/wp-content\/uploads\/2025\/12\/carrello-da-conceria-48x32.webp 48w, https:\/\/abcprato.it\/wp-content\/uploads\/2025\/12\/carrello-da-conceria.webp 1500w\" sizes=\"(max-width: 800px) 100vw, 800px\" \/>\t\t\t\t\t\t\t\t\t\t\t\t\t\t\t<\/div>\n\t\t\t\t<\/div>\n\t\t\t\t\t<\/div>\n\t\t\t\t<\/div>\n\t\t<div class=\"elementor-element elementor-element-925c71b e-flex e-con-boxed e-con e-parent\" data-id=\"925c71b\" data-element_type=\"container\" data-e-type=\"container\">\n\t\t\t\t\t<div class=\"e-con-inner\">\n\t\t\t\t<div class=\"elementor-element elementor-element-92d6c5b elementor-widget elementor-widget-heading\" data-id=\"92d6c5b\" data-element_type=\"widget\" data-e-type=\"widget\" data-widget_type=\"heading.default\">\n\t\t\t\t<div class=\"elementor-widget-container\">\n\t\t\t\t\t<h2 class=\"elementor-heading-title elementor-size-default\">\u00bfPor qu\u00e9 elegir el porta cuero para curtidur\u00eda ABC? <\/h2>\t\t\t\t<\/div>\n\t\t\t\t<\/div>\n\t\t\t\t\t<\/div>\n\t\t\t\t<\/div>\n\t\t<div class=\"elementor-element elementor-element-150646b e-flex e-con-boxed e-con e-parent\" data-id=\"150646b\" data-element_type=\"container\" data-e-type=\"container\">\n\t\t\t\t\t<div class=\"e-con-inner\">\n\t\t\t\t<div class=\"elementor-element elementor-element-b51167c elementor-widget elementor-widget-text-editor\" data-id=\"b51167c\" data-element_type=\"widget\" data-e-type=\"widget\" data-widget_type=\"text-editor.default\">\n\t\t\t\t<div class=\"elementor-widget-container\">\n\t\t\t\t\t\t\t\t\t<p>Contamos con muchos a\u00f1os de experiencia en la producci\u00f3n de equipos de procesamiento de cuero y desarrollamos soluciones cada vez m\u00e1s orientadas al cliente.<\/p><p>La producci\u00f3n se realiza en nuestra f\u00e1brica, garantizando una <strong>producci\u00f3n hecha en Italia<\/strong> con <strong>materiales de alta calidad<\/strong>. Tambi\u00e9n es posible solicitar <strong>soluciones personalizadas<\/strong>, para necesidades espec\u00edficas. <\/p>\t\t\t\t\t\t\t\t<\/div>\n\t\t\t\t<\/div>\n\t\t\t\t\t<\/div>\n\t\t\t\t<\/div>\n\t\t<div class=\"elementor-element elementor-element-4c43f77 e-flex e-con-boxed e-con e-parent\" data-id=\"4c43f77\" data-element_type=\"container\" data-e-type=\"container\">\n\t\t\t\t\t<div class=\"e-con-inner\">\n\t\t\t\t<div class=\"elementor-element elementor-element-26e88f6 elementor-widget elementor-widget-text-editor\" data-id=\"26e88f6\" data-element_type=\"widget\" data-e-type=\"widget\" data-widget_type=\"text-editor.default\">\n\t\t\t\t<div class=\"elementor-widget-container\">\n\t\t\t\t\t\t\t\t\t<p>Si trabajas en una <strong>curtidur\u00eda<\/strong> y buscas un carrito resistente, pr\u00e1ctico, vers\u00e1til y duradero, esta es la <strong>soluci\u00f3n para ti<\/strong>.<\/p><p>Ven a descubrirlo en las pr\u00f3ximas ferias de 2026 o reserva una cita en nuestro showroom.<\/p>\t\t\t\t\t\t\t\t<\/div>\n\t\t\t\t<\/div>\n\t\t\t\t\t<\/div>\n\t\t\t\t<\/div>\n\t\t<div class=\"elementor-element elementor-element-925f049 e-flex e-con-boxed e-con e-parent\" data-id=\"925f049\" data-element_type=\"container\" data-e-type=\"container\">\n\t\t\t\t\t<div class=\"e-con-inner\">\n\t\t\t\t<div class=\"elementor-element elementor-element-c84f3ec elementor-align-center elementor-widget elementor-widget-button\" data-id=\"c84f3ec\" data-element_type=\"widget\" data-e-type=\"widget\" data-widget_type=\"button.default\">\n\t\t\t\t<div class=\"elementor-widget-container\">\n\t\t\t\t\t\t\t\t\t<div class=\"elementor-button-wrapper\">\n\t\t\t\t\t<a class=\"elementor-button elementor-button-link elementor-size-sm\" href=\"https:\/\/abcprato.it\/es\/contacto\/\">\n\t\t\t\t\t\t<span class=\"elementor-button-content-wrapper\">\n\t\t\t\t\t\t\t\t\t<span class=\"elementor-button-text\">CONT\u00c1CTANOS PARA M\u00c1S INFORMACI\u00d3N<\/span>\n\t\t\t\t\t<\/span>\n\t\t\t\t\t<\/a>\n\t\t\t\t<\/div>\n\t\t\t\t\t\t\t\t<\/div>\n\t\t\t\t<\/div>\n\t\t\t\t\t<\/div>\n\t\t\t\t<\/div>\n\t\t\t\t<\/div>\n\t\t","protected":false},"excerpt":{"rendered":"<p>La gama de carritos de cuero ABC se est\u00e1 ampliando: el nuevo modelo de carrito de cuero para curtidur\u00eda pasa a formar parte de nuestra&#8230; <a class=\"read-more\" style=\"text-decoration:underline;\" href=\"https:\/\/abcprato.it\/es\/novedades\/carrito-de-cuero-para-curtiduria-la-nueva-solucion\/\">Leer m\u00e1s<\/a><\/p>\n","protected":false},"author":3,"featured_media":36471,"comment_status":"closed","ping_status":"closed","sticky":false,"template":"","format":"standard","meta":{"_acf_changed":false,"footnotes":""},"categories":[34],"tags":[],"class_list":["post-36472","post","type-post","status-publish","format-standard","has-post-thumbnail","hentry","category-novedades"],"acf":[],"yoast_head":"<!-- This site is optimized with the Yoast SEO plugin v27.2 - https:\/\/yoast.com\/product\/yoast-seo-wordpress\/ -->\n<title>Carrito porta cuero para curtidur\u00eda: la nueva soluci\u00f3n - ABC Equipment &amp; Solutions<\/title>\n<meta name=\"description\" content=\"El nuevo carrito porta cuero est\u00e1 dise\u00f1ado para la curtidur\u00eda. Resistentes, f\u00e1ciles de manejar y aptos para todo tipo de piel. Capacidad de carga de hasta 500 kg.\" \/>\n<meta name=\"robots\" content=\"index, follow, max-snippet:-1, max-image-preview:large, max-video-preview:-1\" \/>\n<link rel=\"canonical\" href=\"https:\/\/abcprato.it\/es\/novedades\/carrito-de-cuero-para-curtiduria-la-nueva-solucion\/\" \/>\n<meta property=\"og:locale\" content=\"es_ES\" \/>\n<meta property=\"og:type\" content=\"article\" \/>\n<meta property=\"og:title\" content=\"Carrito porta cuero para curtidur\u00eda: la nueva soluci\u00f3n - ABC Equipment &amp; Solutions\" \/>\n<meta property=\"og:description\" content=\"El nuevo carrito porta cuero est\u00e1 dise\u00f1ado para la curtidur\u00eda. Resistentes, f\u00e1ciles de manejar y aptos para todo tipo de piel. Capacidad de carga de hasta 500 kg.\" \/>\n<meta property=\"og:url\" content=\"https:\/\/abcprato.it\/es\/novedades\/carrito-de-cuero-para-curtiduria-la-nueva-solucion\/\" \/>\n<meta property=\"og:site_name\" content=\"ABC Equipment &amp; Solutions\" \/>\n<meta property=\"article:published_time\" content=\"2025-12-10T15:43:18+00:00\" \/>\n<meta property=\"article:modified_time\" content=\"2025-12-15T11:24:44+00:00\" \/>\n<meta property=\"og:image\" content=\"https:\/\/abcprato.it\/wp-content\/uploads\/2025\/12\/cavalletto-porta-pelle-da-conceria.jpg\" \/>\n\t<meta property=\"og:image:width\" content=\"1000\" \/>\n\t<meta property=\"og:image:height\" content=\"1000\" \/>\n\t<meta property=\"og:image:type\" content=\"image\/jpeg\" \/>\n<meta name=\"author\" content=\"Cecilia\" \/>\n<meta name=\"twitter:card\" content=\"summary_large_image\" \/>\n<meta name=\"twitter:label1\" content=\"Escrito por\" \/>\n\t<meta name=\"twitter:data1\" content=\"Cecilia\" \/>\n\t<meta name=\"twitter:label2\" content=\"Tiempo de lectura\" \/>\n\t<meta name=\"twitter:data2\" content=\"4 minutos\" \/>\n<script type=\"application\/ld+json\" class=\"yoast-schema-graph\">{\"@context\":\"https:\/\/schema.org\",\"@graph\":[{\"@type\":\"Article\",\"@id\":\"https:\/\/abcprato.it\/es\/novedades\/carrito-de-cuero-para-curtiduria-la-nueva-solucion\/#article\",\"isPartOf\":{\"@id\":\"https:\/\/abcprato.it\/es\/novedades\/carrito-de-cuero-para-curtiduria-la-nueva-solucion\/\"},\"author\":{\"name\":\"Cecilia\",\"@id\":\"https:\/\/abcprato.it\/es\/#\/schema\/person\/00ba479806c558acdde7a5906f2e4e24\"},\"headline\":\"Carrito porta cuero para curtidur\u00eda: la nueva soluci\u00f3n\",\"datePublished\":\"2025-12-10T15:43:18+00:00\",\"dateModified\":\"2025-12-15T11:24:44+00:00\",\"mainEntityOfPage\":{\"@id\":\"https:\/\/abcprato.it\/es\/novedades\/carrito-de-cuero-para-curtiduria-la-nueva-solucion\/\"},\"wordCount\":542,\"publisher\":{\"@id\":\"https:\/\/abcprato.it\/es\/#organization\"},\"image\":{\"@id\":\"https:\/\/abcprato.it\/es\/novedades\/carrito-de-cuero-para-curtiduria-la-nueva-solucion\/#primaryimage\"},\"thumbnailUrl\":\"https:\/\/abcprato.it\/wp-content\/uploads\/2025\/12\/cavalletto-porta-pelle-da-conceria.jpg\",\"articleSection\":[\"Novedades\"],\"inLanguage\":\"es\"},{\"@type\":\"WebPage\",\"@id\":\"https:\/\/abcprato.it\/es\/novedades\/carrito-de-cuero-para-curtiduria-la-nueva-solucion\/\",\"url\":\"https:\/\/abcprato.it\/es\/novedades\/carrito-de-cuero-para-curtiduria-la-nueva-solucion\/\",\"name\":\"Carrito porta cuero para curtidur\u00eda: la nueva soluci\u00f3n - ABC Equipment &amp; Solutions\",\"isPartOf\":{\"@id\":\"https:\/\/abcprato.it\/es\/#website\"},\"primaryImageOfPage\":{\"@id\":\"https:\/\/abcprato.it\/es\/novedades\/carrito-de-cuero-para-curtiduria-la-nueva-solucion\/#primaryimage\"},\"image\":{\"@id\":\"https:\/\/abcprato.it\/es\/novedades\/carrito-de-cuero-para-curtiduria-la-nueva-solucion\/#primaryimage\"},\"thumbnailUrl\":\"https:\/\/abcprato.it\/wp-content\/uploads\/2025\/12\/cavalletto-porta-pelle-da-conceria.jpg\",\"datePublished\":\"2025-12-10T15:43:18+00:00\",\"dateModified\":\"2025-12-15T11:24:44+00:00\",\"description\":\"El nuevo carrito porta cuero est\u00e1 dise\u00f1ado para la curtidur\u00eda. Resistentes, f\u00e1ciles de manejar y aptos para todo tipo de piel. Capacidad de carga de hasta 500 kg.\",\"breadcrumb\":{\"@id\":\"https:\/\/abcprato.it\/es\/novedades\/carrito-de-cuero-para-curtiduria-la-nueva-solucion\/#breadcrumb\"},\"inLanguage\":\"es\",\"potentialAction\":[{\"@type\":\"ReadAction\",\"target\":[\"https:\/\/abcprato.it\/es\/novedades\/carrito-de-cuero-para-curtiduria-la-nueva-solucion\/\"]}]},{\"@type\":\"ImageObject\",\"inLanguage\":\"es\",\"@id\":\"https:\/\/abcprato.it\/es\/novedades\/carrito-de-cuero-para-curtiduria-la-nueva-solucion\/#primaryimage\",\"url\":\"https:\/\/abcprato.it\/wp-content\/uploads\/2025\/12\/cavalletto-porta-pelle-da-conceria.jpg\",\"contentUrl\":\"https:\/\/abcprato.it\/wp-content\/uploads\/2025\/12\/cavalletto-porta-pelle-da-conceria.jpg\",\"width\":1000,\"height\":1000,\"caption\":\"caballete-de-transporte-de-cuero-para-curtiduria\"},{\"@type\":\"BreadcrumbList\",\"@id\":\"https:\/\/abcprato.it\/es\/novedades\/carrito-de-cuero-para-curtiduria-la-nueva-solucion\/#breadcrumb\",\"itemListElement\":[{\"@type\":\"ListItem\",\"position\":1,\"name\":\"Home\",\"item\":\"https:\/\/abcprato.it\/es\/\"},{\"@type\":\"ListItem\",\"position\":2,\"name\":\"Carrito porta cuero para curtidur\u00eda: la nueva soluci\u00f3n\"}]},{\"@type\":\"WebSite\",\"@id\":\"https:\/\/abcprato.it\/es\/#website\",\"url\":\"https:\/\/abcprato.it\/es\/\",\"name\":\"ABC Equipment &amp; Solutions\",\"description\":\"\",\"publisher\":{\"@id\":\"https:\/\/abcprato.it\/es\/#organization\"},\"potentialAction\":[{\"@type\":\"SearchAction\",\"target\":{\"@type\":\"EntryPoint\",\"urlTemplate\":\"https:\/\/abcprato.it\/es\/?s={search_term_string}\"},\"query-input\":{\"@type\":\"PropertyValueSpecification\",\"valueRequired\":true,\"valueName\":\"search_term_string\"}}],\"inLanguage\":\"es\"},{\"@type\":\"Organization\",\"@id\":\"https:\/\/abcprato.it\/es\/#organization\",\"name\":\"ABC Equipment & Solutions\",\"url\":\"https:\/\/abcprato.it\/es\/\",\"logo\":{\"@type\":\"ImageObject\",\"inLanguage\":\"es\",\"@id\":\"https:\/\/abcprato.it\/es\/#\/schema\/logo\/image\/\",\"url\":\"https:\/\/abcprato.it\/wp-content\/uploads\/2021\/01\/ABC-logo-2021.svg\",\"contentUrl\":\"https:\/\/abcprato.it\/wp-content\/uploads\/2021\/01\/ABC-logo-2021.svg\",\"width\":1,\"height\":1,\"caption\":\"ABC Equipment & Solutions\"},\"image\":{\"@id\":\"https:\/\/abcprato.it\/es\/#\/schema\/logo\/image\/\"}},{\"@type\":\"Person\",\"@id\":\"https:\/\/abcprato.it\/es\/#\/schema\/person\/00ba479806c558acdde7a5906f2e4e24\",\"name\":\"Cecilia\",\"image\":{\"@type\":\"ImageObject\",\"inLanguage\":\"es\",\"@id\":\"https:\/\/secure.gravatar.com\/avatar\/a59e665831e28f87b0e0b2993ccc300369a11814b880d658ae5ff4ed0d8687d0?s=96&d=mm&r=g\",\"url\":\"https:\/\/secure.gravatar.com\/avatar\/a59e665831e28f87b0e0b2993ccc300369a11814b880d658ae5ff4ed0d8687d0?s=96&d=mm&r=g\",\"contentUrl\":\"https:\/\/secure.gravatar.com\/avatar\/a59e665831e28f87b0e0b2993ccc300369a11814b880d658ae5ff4ed0d8687d0?s=96&d=mm&r=g\",\"caption\":\"Cecilia\"},\"url\":\"https:\/\/abcprato.it\/es\/author\/cecilia\/\"}]}<\/script>\n<!-- \/ Yoast SEO plugin. -->","yoast_head_json":{"title":"Carrito porta cuero para curtidur\u00eda: la nueva soluci\u00f3n - ABC Equipment &amp; Solutions","description":"El nuevo carrito porta cuero est\u00e1 dise\u00f1ado para la curtidur\u00eda. Resistentes, f\u00e1ciles de manejar y aptos para todo tipo de piel. Capacidad de carga de hasta 500 kg.","robots":{"index":"index","follow":"follow","max-snippet":"max-snippet:-1","max-image-preview":"max-image-preview:large","max-video-preview":"max-video-preview:-1"},"canonical":"https:\/\/abcprato.it\/es\/novedades\/carrito-de-cuero-para-curtiduria-la-nueva-solucion\/","og_locale":"es_ES","og_type":"article","og_title":"Carrito porta cuero para curtidur\u00eda: la nueva soluci\u00f3n - ABC Equipment &amp; Solutions","og_description":"El nuevo carrito porta cuero est\u00e1 dise\u00f1ado para la curtidur\u00eda. Resistentes, f\u00e1ciles de manejar y aptos para todo tipo de piel. Capacidad de carga de hasta 500 kg.","og_url":"https:\/\/abcprato.it\/es\/novedades\/carrito-de-cuero-para-curtiduria-la-nueva-solucion\/","og_site_name":"ABC Equipment &amp; Solutions","article_published_time":"2025-12-10T15:43:18+00:00","article_modified_time":"2025-12-15T11:24:44+00:00","og_image":[{"width":1000,"height":1000,"url":"https:\/\/abcprato.it\/wp-content\/uploads\/2025\/12\/cavalletto-porta-pelle-da-conceria.jpg","type":"image\/jpeg"}],"author":"Cecilia","twitter_card":"summary_large_image","twitter_misc":{"Escrito por":"Cecilia","Tiempo de lectura":"4 minutos"},"schema":{"@context":"https:\/\/schema.org","@graph":[{"@type":"Article","@id":"https:\/\/abcprato.it\/es\/novedades\/carrito-de-cuero-para-curtiduria-la-nueva-solucion\/#article","isPartOf":{"@id":"https:\/\/abcprato.it\/es\/novedades\/carrito-de-cuero-para-curtiduria-la-nueva-solucion\/"},"author":{"name":"Cecilia","@id":"https:\/\/abcprato.it\/es\/#\/schema\/person\/00ba479806c558acdde7a5906f2e4e24"},"headline":"Carrito porta cuero para curtidur\u00eda: la nueva soluci\u00f3n","datePublished":"2025-12-10T15:43:18+00:00","dateModified":"2025-12-15T11:24:44+00:00","mainEntityOfPage":{"@id":"https:\/\/abcprato.it\/es\/novedades\/carrito-de-cuero-para-curtiduria-la-nueva-solucion\/"},"wordCount":542,"publisher":{"@id":"https:\/\/abcprato.it\/es\/#organization"},"image":{"@id":"https:\/\/abcprato.it\/es\/novedades\/carrito-de-cuero-para-curtiduria-la-nueva-solucion\/#primaryimage"},"thumbnailUrl":"https:\/\/abcprato.it\/wp-content\/uploads\/2025\/12\/cavalletto-porta-pelle-da-conceria.jpg","articleSection":["Novedades"],"inLanguage":"es"},{"@type":"WebPage","@id":"https:\/\/abcprato.it\/es\/novedades\/carrito-de-cuero-para-curtiduria-la-nueva-solucion\/","url":"https:\/\/abcprato.it\/es\/novedades\/carrito-de-cuero-para-curtiduria-la-nueva-solucion\/","name":"Carrito porta cuero para curtidur\u00eda: la nueva soluci\u00f3n - ABC Equipment &amp; Solutions","isPartOf":{"@id":"https:\/\/abcprato.it\/es\/#website"},"primaryImageOfPage":{"@id":"https:\/\/abcprato.it\/es\/novedades\/carrito-de-cuero-para-curtiduria-la-nueva-solucion\/#primaryimage"},"image":{"@id":"https:\/\/abcprato.it\/es\/novedades\/carrito-de-cuero-para-curtiduria-la-nueva-solucion\/#primaryimage"},"thumbnailUrl":"https:\/\/abcprato.it\/wp-content\/uploads\/2025\/12\/cavalletto-porta-pelle-da-conceria.jpg","datePublished":"2025-12-10T15:43:18+00:00","dateModified":"2025-12-15T11:24:44+00:00","description":"El nuevo carrito porta cuero est\u00e1 dise\u00f1ado para la curtidur\u00eda. Resistentes, f\u00e1ciles de manejar y aptos para todo tipo de piel. Capacidad de carga de hasta 500 kg.","breadcrumb":{"@id":"https:\/\/abcprato.it\/es\/novedades\/carrito-de-cuero-para-curtiduria-la-nueva-solucion\/#breadcrumb"},"inLanguage":"es","potentialAction":[{"@type":"ReadAction","target":["https:\/\/abcprato.it\/es\/novedades\/carrito-de-cuero-para-curtiduria-la-nueva-solucion\/"]}]},{"@type":"ImageObject","inLanguage":"es","@id":"https:\/\/abcprato.it\/es\/novedades\/carrito-de-cuero-para-curtiduria-la-nueva-solucion\/#primaryimage","url":"https:\/\/abcprato.it\/wp-content\/uploads\/2025\/12\/cavalletto-porta-pelle-da-conceria.jpg","contentUrl":"https:\/\/abcprato.it\/wp-content\/uploads\/2025\/12\/cavalletto-porta-pelle-da-conceria.jpg","width":1000,"height":1000,"caption":"caballete-de-transporte-de-cuero-para-curtiduria"},{"@type":"BreadcrumbList","@id":"https:\/\/abcprato.it\/es\/novedades\/carrito-de-cuero-para-curtiduria-la-nueva-solucion\/#breadcrumb","itemListElement":[{"@type":"ListItem","position":1,"name":"Home","item":"https:\/\/abcprato.it\/es\/"},{"@type":"ListItem","position":2,"name":"Carrito porta cuero para curtidur\u00eda: la nueva soluci\u00f3n"}]},{"@type":"WebSite","@id":"https:\/\/abcprato.it\/es\/#website","url":"https:\/\/abcprato.it\/es\/","name":"ABC Equipment &amp; Solutions","description":"","publisher":{"@id":"https:\/\/abcprato.it\/es\/#organization"},"potentialAction":[{"@type":"SearchAction","target":{"@type":"EntryPoint","urlTemplate":"https:\/\/abcprato.it\/es\/?s={search_term_string}"},"query-input":{"@type":"PropertyValueSpecification","valueRequired":true,"valueName":"search_term_string"}}],"inLanguage":"es"},{"@type":"Organization","@id":"https:\/\/abcprato.it\/es\/#organization","name":"ABC Equipment & Solutions","url":"https:\/\/abcprato.it\/es\/","logo":{"@type":"ImageObject","inLanguage":"es","@id":"https:\/\/abcprato.it\/es\/#\/schema\/logo\/image\/","url":"https:\/\/abcprato.it\/wp-content\/uploads\/2021\/01\/ABC-logo-2021.svg","contentUrl":"https:\/\/abcprato.it\/wp-content\/uploads\/2021\/01\/ABC-logo-2021.svg","width":1,"height":1,"caption":"ABC Equipment & Solutions"},"image":{"@id":"https:\/\/abcprato.it\/es\/#\/schema\/logo\/image\/"}},{"@type":"Person","@id":"https:\/\/abcprato.it\/es\/#\/schema\/person\/00ba479806c558acdde7a5906f2e4e24","name":"Cecilia","image":{"@type":"ImageObject","inLanguage":"es","@id":"https:\/\/secure.gravatar.com\/avatar\/a59e665831e28f87b0e0b2993ccc300369a11814b880d658ae5ff4ed0d8687d0?s=96&d=mm&r=g","url":"https:\/\/secure.gravatar.com\/avatar\/a59e665831e28f87b0e0b2993ccc300369a11814b880d658ae5ff4ed0d8687d0?s=96&d=mm&r=g","contentUrl":"https:\/\/secure.gravatar.com\/avatar\/a59e665831e28f87b0e0b2993ccc300369a11814b880d658ae5ff4ed0d8687d0?s=96&d=mm&r=g","caption":"Cecilia"},"url":"https:\/\/abcprato.it\/es\/author\/cecilia\/"}]}},"_links":{"self":[{"href":"https:\/\/abcprato.it\/es\/wp-json\/wp\/v2\/posts\/36472","targetHints":{"allow":["GET"]}}],"collection":[{"href":"https:\/\/abcprato.it\/es\/wp-json\/wp\/v2\/posts"}],"about":[{"href":"https:\/\/abcprato.it\/es\/wp-json\/wp\/v2\/types\/post"}],"author":[{"embeddable":true,"href":"https:\/\/abcprato.it\/es\/wp-json\/wp\/v2\/users\/3"}],"replies":[{"embeddable":true,"href":"https:\/\/abcprato.it\/es\/wp-json\/wp\/v2\/comments?post=36472"}],"version-history":[{"count":5,"href":"https:\/\/abcprato.it\/es\/wp-json\/wp\/v2\/posts\/36472\/revisions"}],"predecessor-version":[{"id":36492,"href":"https:\/\/abcprato.it\/es\/wp-json\/wp\/v2\/posts\/36472\/revisions\/36492"}],"wp:featuredmedia":[{"embeddable":true,"href":"https:\/\/abcprato.it\/es\/wp-json\/wp\/v2\/media\/36471"}],"wp:attachment":[{"href":"https:\/\/abcprato.it\/es\/wp-json\/wp\/v2\/media?parent=36472"}],"wp:term":[{"taxonomy":"category","embeddable":true,"href":"https:\/\/abcprato.it\/es\/wp-json\/wp\/v2\/categories?post=36472"},{"taxonomy":"post_tag","embeddable":true,"href":"https:\/\/abcprato.it\/es\/wp-json\/wp\/v2\/tags?post=36472"}],"curies":[{"name":"wp","href":"https:\/\/api.w.org\/{rel}","templated":true}]}}