{"id":36534,"date":"2026-01-12T14:34:03","date_gmt":"2026-01-12T13:34:03","guid":{"rendered":"https:\/\/abcprato.it\/sin-categorizar\/ferias-del-sector-2026-para-abc-4-puntos-de-contacto-en-el-mundo\/"},"modified":"2026-01-12T08:49:24","modified_gmt":"2026-01-12T07:49:24","slug":"ferias-del-sector-2026-para-abc-4-puntos-de-contacto-en-el-mundo","status":"publish","type":"post","link":"https:\/\/abcprato.it\/es\/eventos-y-ferias\/ferias-del-sector-2026-para-abc-4-puntos-de-contacto-en-el-mundo\/","title":{"rendered":"Ferias del sector 2026 para ABC: 4 puntos de contacto en el mundo"},"content":{"rendered":"\t\t<div data-elementor-type=\"wp-post\" data-elementor-id=\"36534\" class=\"elementor elementor-36534 elementor-36495\" data-elementor-post-type=\"post\">\n\t\t\t\t<div class=\"elementor-element elementor-element-57f5eb3 e-flex e-con-boxed e-con e-parent\" data-id=\"57f5eb3\" data-element_type=\"container\" data-e-type=\"container\">\n\t\t\t\t\t<div class=\"e-con-inner\">\n\t\t\t\t<div class=\"elementor-element elementor-element-63de63c elementor-widget elementor-widget-text-editor\" data-id=\"63de63c\" data-element_type=\"widget\" data-e-type=\"widget\" data-widget_type=\"text-editor.default\">\n\t\t\t\t<div class=\"elementor-widget-container\">\n\t\t\t\t\t\t\t\t\t2026 ser\u00e1 un <strong>a\u00f1o rico y lleno de eventos<\/strong> donde podremos enfrentarnos y reunirnos en persona. Estas son las ferias donde puedes encontrarnos en uno de nuestros stands: \n<ol><br> \t<li><strong>IILF, India International Leather Fair<\/strong>, en Chennai, India<\/li>\n \t<li><strong>ABC Fashion Event<\/strong>, en Fermo, Italia<\/li>\n \t<li><strong>Simac Tanning Tech<\/strong>, en Mil\u00e1n, Italia<\/li>\n \t<li><strong>ANPIC<\/strong>, en Le\u00f3n, M\u00e9xico<\/li>\n<\/ol>\n<br>Cuatro citas bien distribuidas a lo largo del a\u00f1o, que abarcan \u00e1reas geogr\u00e1ficas diferentes y heterog\u00e9neas. Ser\u00e1 un placer darte la bienvenida y mostraros todas las \u00faltimas noticias presentadas. \t\t\t\t\t\t\t\t<\/div>\n\t\t\t\t<\/div>\n\t\t\t\t\t<\/div>\n\t\t\t\t<\/div>\n\t\t<div class=\"elementor-element elementor-element-cfdcd30 e-flex e-con-boxed e-con e-parent\" data-id=\"cfdcd30\" data-element_type=\"container\" data-e-type=\"container\">\n\t\t\t\t\t<div class=\"e-con-inner\">\n\t\t\t\t<div class=\"elementor-element elementor-element-bef3ba8 elementor-widget elementor-widget-image\" data-id=\"bef3ba8\" data-element_type=\"widget\" data-e-type=\"widget\" data-widget_type=\"image.default\">\n\t\t\t\t<div class=\"elementor-widget-container\">\n\t\t\t\t\t\t\t\t\t\t\t\t\t\t\t<img fetchpriority=\"high\" decoding=\"async\" width=\"800\" height=\"534\" src=\"https:\/\/abcprato.it\/wp-content\/uploads\/2026\/01\/mappa-fiere-di-settore-2026-1024x683.jpg\" class=\"attachment-large size-large wp-image-36529\" alt=\"mapa-ferias-del-sector-abc-2026\" srcset=\"https:\/\/abcprato.it\/wp-content\/uploads\/2026\/01\/mappa-fiere-di-settore-2026-1024x683.jpg 1024w, https:\/\/abcprato.it\/wp-content\/uploads\/2026\/01\/mappa-fiere-di-settore-2026-300x200.jpg 300w, https:\/\/abcprato.it\/wp-content\/uploads\/2026\/01\/mappa-fiere-di-settore-2026-768x512.jpg 768w, https:\/\/abcprato.it\/wp-content\/uploads\/2026\/01\/mappa-fiere-di-settore-2026-24x16.jpg 24w, https:\/\/abcprato.it\/wp-content\/uploads\/2026\/01\/mappa-fiere-di-settore-2026-36x24.jpg 36w, https:\/\/abcprato.it\/wp-content\/uploads\/2026\/01\/mappa-fiere-di-settore-2026-48x32.jpg 48w, https:\/\/abcprato.it\/wp-content\/uploads\/2026\/01\/mappa-fiere-di-settore-2026.jpg 1500w\" sizes=\"(max-width: 800px) 100vw, 800px\" \/>\t\t\t\t\t\t\t\t\t\t\t\t\t\t\t<\/div>\n\t\t\t\t<\/div>\n\t\t\t\t\t<\/div>\n\t\t\t\t<\/div>\n\t\t<div class=\"elementor-element elementor-element-7a89595 e-flex e-con-boxed e-con e-parent\" data-id=\"7a89595\" data-element_type=\"container\" data-e-type=\"container\">\n\t\t\t\t\t<div class=\"e-con-inner\">\n\t\t\t\t<div class=\"elementor-element elementor-element-ef609c4 elementor-widget elementor-widget-heading\" data-id=\"ef609c4\" data-element_type=\"widget\" data-e-type=\"widget\" data-widget_type=\"heading.default\">\n\t\t\t\t<div class=\"elementor-widget-container\">\n\t\t\t\t\t<h2 class=\"elementor-heading-title elementor-size-default\">IILF: 1-3 de febrero de 2026, Chennai, India<\/h2>\t\t\t\t<\/div>\n\t\t\t\t<\/div>\n\t\t\t\t\t<\/div>\n\t\t\t\t<\/div>\n\t\t<div class=\"elementor-element elementor-element-ea0a65d e-flex e-con-boxed e-con e-parent\" data-id=\"ea0a65d\" data-element_type=\"container\" data-e-type=\"container\">\n\t\t\t\t\t<div class=\"e-con-inner\">\n\t\t<div class=\"elementor-element elementor-element-53e3dfa e-con-full e-flex e-con e-child\" data-id=\"53e3dfa\" data-element_type=\"container\" data-e-type=\"container\">\n\t\t\t\t<div class=\"elementor-element elementor-element-2502fa1 elementor-widget elementor-widget-image\" data-id=\"2502fa1\" data-element_type=\"widget\" data-e-type=\"widget\" data-widget_type=\"image.default\">\n\t\t\t\t<div class=\"elementor-widget-container\">\n\t\t\t\t\t\t\t\t\t\t\t\t\t\t\t<img decoding=\"async\" width=\"500\" height=\"500\" src=\"https:\/\/abcprato.it\/wp-content\/uploads\/2026\/01\/logo-IILF-Chennai-2026.jpg\" class=\"attachment-large size-large wp-image-36530\" alt=\"logo-IILF-Chennai-2026\" srcset=\"https:\/\/abcprato.it\/wp-content\/uploads\/2026\/01\/logo-IILF-Chennai-2026.jpg 500w, https:\/\/abcprato.it\/wp-content\/uploads\/2026\/01\/logo-IILF-Chennai-2026-300x300.jpg 300w, https:\/\/abcprato.it\/wp-content\/uploads\/2026\/01\/logo-IILF-Chennai-2026-150x150.jpg 150w, https:\/\/abcprato.it\/wp-content\/uploads\/2026\/01\/logo-IILF-Chennai-2026-400x400.jpg 400w, https:\/\/abcprato.it\/wp-content\/uploads\/2026\/01\/logo-IILF-Chennai-2026-24x24.jpg 24w, https:\/\/abcprato.it\/wp-content\/uploads\/2026\/01\/logo-IILF-Chennai-2026-36x36.jpg 36w, https:\/\/abcprato.it\/wp-content\/uploads\/2026\/01\/logo-IILF-Chennai-2026-48x48.jpg 48w\" sizes=\"(max-width: 500px) 100vw, 500px\" \/>\t\t\t\t\t\t\t\t\t\t\t\t\t\t\t<\/div>\n\t\t\t\t<\/div>\n\t\t\t\t<\/div>\n\t\t<div class=\"elementor-element elementor-element-8b9d186 e-con-full e-flex e-con e-child\" data-id=\"8b9d186\" data-element_type=\"container\" data-e-type=\"container\">\n\t\t\t\t<div class=\"elementor-element elementor-element-dba5231 elementor-widget elementor-widget-text-editor\" data-id=\"dba5231\" data-element_type=\"widget\" data-e-type=\"widget\" data-widget_type=\"text-editor.default\">\n\t\t\t\t<div class=\"elementor-widget-container\">\n\t\t\t\t\t\t\t\t\t<p><strong>IILF, India International Leather Fair<\/strong>, es una de las ferias internacionales m\u00e1s importantes y consolidadas en el sector del cuero, calzado y curtido en Asia, con un enfoque tanto en el mercado indio como internacional.<\/p><p>La pr\u00f3xima edici\u00f3n se celebrar\u00e1 <strong>del 1 al 3 de febrero en Chennai, Tamil Nadu, en el Chennai Trade Centre<\/strong>.<\/p><p>Despu\u00e9s de a\u00f1os, volveremos a estar presentes en esta feria para presentar todas las innovaciones desarrolladas para el taller.<\/p>\t\t\t\t\t\t\t\t<\/div>\n\t\t\t\t<\/div>\n\t\t\t\t<\/div>\n\t\t\t\t\t<\/div>\n\t\t\t\t<\/div>\n\t\t<div class=\"elementor-element elementor-element-03c981e e-flex e-con-boxed e-con e-parent\" data-id=\"03c981e\" data-element_type=\"container\" data-e-type=\"container\">\n\t\t\t\t\t<div class=\"e-con-inner\">\n\t\t\t\t<div class=\"elementor-element elementor-element-70487f2 elementor-widget elementor-widget-heading\" data-id=\"70487f2\" data-element_type=\"widget\" data-e-type=\"widget\" data-widget_type=\"heading.default\">\n\t\t\t\t<div class=\"elementor-widget-container\">\n\t\t\t\t\t<h2 class=\"elementor-heading-title elementor-size-default\">ABC Fashion Event: 18-19 de marzo de 2026, Fermo, Italia<\/h2>\t\t\t\t<\/div>\n\t\t\t\t<\/div>\n\t\t\t\t\t<\/div>\n\t\t\t\t<\/div>\n\t\t<div class=\"elementor-element elementor-element-ee41dd3 e-flex e-con-boxed e-con e-parent\" data-id=\"ee41dd3\" data-element_type=\"container\" data-e-type=\"container\">\n\t\t\t\t\t<div class=\"e-con-inner\">\n\t\t<div class=\"elementor-element elementor-element-f78336d e-con-full e-flex e-con e-child\" data-id=\"f78336d\" data-element_type=\"container\" data-e-type=\"container\">\n\t\t\t\t<div class=\"elementor-element elementor-element-07c58d6 elementor-widget elementor-widget-text-editor\" data-id=\"07c58d6\" data-element_type=\"widget\" data-e-type=\"widget\" data-widget_type=\"text-editor.default\">\n\t\t\t\t<div class=\"elementor-widget-container\">\n\t\t\t\t\t\t\t\t\t<p><strong>ABC Fashion Event<\/strong> es una nueva feria comercial, con una huella local, dedicada a accesorios y componentes para calzado y art\u00edculos de cuero.<\/p><p>La pr\u00f3xima edici\u00f3n se celebrar\u00e1 los d\u00edas <strong>18 y 19 de marzo en Fermo, en el Fermo Forum<\/strong>.<br>Estaremos presentes por primera vez en esta feria.<\/p>\t\t\t\t\t\t\t\t<\/div>\n\t\t\t\t<\/div>\n\t\t\t\t<\/div>\n\t\t<div class=\"elementor-element elementor-element-0894562 e-con-full e-flex e-con e-child\" data-id=\"0894562\" data-element_type=\"container\" data-e-type=\"container\">\n\t\t\t\t<div class=\"elementor-element elementor-element-412410d elementor-widget elementor-widget-image\" data-id=\"412410d\" data-element_type=\"widget\" data-e-type=\"widget\" data-widget_type=\"image.default\">\n\t\t\t\t<div class=\"elementor-widget-container\">\n\t\t\t\t\t\t\t\t\t\t\t\t\t\t\t<img decoding=\"async\" width=\"500\" height=\"500\" src=\"https:\/\/abcprato.it\/wp-content\/uploads\/2026\/01\/logo-abc-fashion-event.jpg\" class=\"attachment-large size-large wp-image-36531\" alt=\"logo-abc-fashion-event\" srcset=\"https:\/\/abcprato.it\/wp-content\/uploads\/2026\/01\/logo-abc-fashion-event.jpg 500w, https:\/\/abcprato.it\/wp-content\/uploads\/2026\/01\/logo-abc-fashion-event-300x300.jpg 300w, https:\/\/abcprato.it\/wp-content\/uploads\/2026\/01\/logo-abc-fashion-event-150x150.jpg 150w, https:\/\/abcprato.it\/wp-content\/uploads\/2026\/01\/logo-abc-fashion-event-400x400.jpg 400w, https:\/\/abcprato.it\/wp-content\/uploads\/2026\/01\/logo-abc-fashion-event-24x24.jpg 24w, https:\/\/abcprato.it\/wp-content\/uploads\/2026\/01\/logo-abc-fashion-event-36x36.jpg 36w, https:\/\/abcprato.it\/wp-content\/uploads\/2026\/01\/logo-abc-fashion-event-48x48.jpg 48w\" sizes=\"(max-width: 500px) 100vw, 500px\" \/>\t\t\t\t\t\t\t\t\t\t\t\t\t\t\t<\/div>\n\t\t\t\t<\/div>\n\t\t\t\t<\/div>\n\t\t\t\t\t<\/div>\n\t\t\t\t<\/div>\n\t\t<div class=\"elementor-element elementor-element-d42a051 e-flex e-con-boxed e-con e-parent\" data-id=\"d42a051\" data-element_type=\"container\" data-e-type=\"container\">\n\t\t\t\t\t<div class=\"e-con-inner\">\n\t\t\t\t<div class=\"elementor-element elementor-element-9aa95e5 elementor-widget elementor-widget-heading\" data-id=\"9aa95e5\" data-element_type=\"widget\" data-e-type=\"widget\" data-widget_type=\"heading.default\">\n\t\t\t\t<div class=\"elementor-widget-container\">\n\t\t\t\t\t<h2 class=\"elementor-heading-title elementor-size-default\">Simac Tanning Tech: 15-17 de septiembre de 2026, Mil\u00e1n, Italia<\/h2>\t\t\t\t<\/div>\n\t\t\t\t<\/div>\n\t\t\t\t\t<\/div>\n\t\t\t\t<\/div>\n\t\t<div class=\"elementor-element elementor-element-90a030d e-flex e-con-boxed e-con e-parent\" data-id=\"90a030d\" data-element_type=\"container\" data-e-type=\"container\">\n\t\t\t\t\t<div class=\"e-con-inner\">\n\t\t<div class=\"elementor-element elementor-element-bb5f156 e-con-full e-flex e-con e-child\" data-id=\"bb5f156\" data-element_type=\"container\" data-e-type=\"container\">\n\t\t\t\t<div class=\"elementor-element elementor-element-4bba414 elementor-widget elementor-widget-image\" data-id=\"4bba414\" data-element_type=\"widget\" data-e-type=\"widget\" data-widget_type=\"image.default\">\n\t\t\t\t<div class=\"elementor-widget-container\">\n\t\t\t\t\t\t\t\t\t\t\t\t\t\t\t<img loading=\"lazy\" decoding=\"async\" width=\"500\" height=\"500\" src=\"https:\/\/abcprato.it\/wp-content\/uploads\/2026\/01\/logo-simac-tanning-tech.jpg\" class=\"attachment-large size-large wp-image-36532\" alt=\"\" srcset=\"https:\/\/abcprato.it\/wp-content\/uploads\/2026\/01\/logo-simac-tanning-tech.jpg 500w, https:\/\/abcprato.it\/wp-content\/uploads\/2026\/01\/logo-simac-tanning-tech-300x300.jpg 300w, https:\/\/abcprato.it\/wp-content\/uploads\/2026\/01\/logo-simac-tanning-tech-150x150.jpg 150w, https:\/\/abcprato.it\/wp-content\/uploads\/2026\/01\/logo-simac-tanning-tech-400x400.jpg 400w, https:\/\/abcprato.it\/wp-content\/uploads\/2026\/01\/logo-simac-tanning-tech-24x24.jpg 24w, https:\/\/abcprato.it\/wp-content\/uploads\/2026\/01\/logo-simac-tanning-tech-36x36.jpg 36w, https:\/\/abcprato.it\/wp-content\/uploads\/2026\/01\/logo-simac-tanning-tech-48x48.jpg 48w\" sizes=\"(max-width: 500px) 100vw, 500px\" \/>\t\t\t\t\t\t\t\t\t\t\t\t\t\t\t<\/div>\n\t\t\t\t<\/div>\n\t\t\t\t<\/div>\n\t\t<div class=\"elementor-element elementor-element-9be2896 e-con-full e-flex e-con e-child\" data-id=\"9be2896\" data-element_type=\"container\" data-e-type=\"container\">\n\t\t\t\t<div class=\"elementor-element elementor-element-19026a6 elementor-widget elementor-widget-text-editor\" data-id=\"19026a6\" data-element_type=\"widget\" data-e-type=\"widget\" data-widget_type=\"text-editor.default\">\n\t\t\t\t<div class=\"elementor-widget-container\">\n\t\t\t\t\t\t\t\t\t<p><strong>Simac Tanning Tech<\/strong> es la feria de referencia para el sector de maquinaria y tecnolog\u00eda en las industrias del calzado, la marroquiner\u00eda y el curtido.<br>Simac representa para nosotros la feria comercial por excelencia, un punto de encuentro fijo con clientes o potenciales clientes.<\/p><p>La pr\u00f3xima edici\u00f3n se celebrar\u00e1 del 15 al 17 de septiembre en Milan Rho Fiera.<\/p><p>No te pierdas esta oportunidad anual de descubrir todas las novedades de ABC.<\/p>\t\t\t\t\t\t\t\t<\/div>\n\t\t\t\t<\/div>\n\t\t\t\t<\/div>\n\t\t\t\t\t<\/div>\n\t\t\t\t<\/div>\n\t\t<div class=\"elementor-element elementor-element-0d0539d e-flex e-con-boxed e-con e-parent\" data-id=\"0d0539d\" data-element_type=\"container\" data-e-type=\"container\">\n\t\t\t\t\t<div class=\"e-con-inner\">\n\t\t\t\t<div class=\"elementor-element elementor-element-2b5c5be elementor-widget elementor-widget-heading\" data-id=\"2b5c5be\" data-element_type=\"widget\" data-e-type=\"widget\" data-widget_type=\"heading.default\">\n\t\t\t\t<div class=\"elementor-widget-container\">\n\t\t\t\t\t<h2 class=\"elementor-heading-title elementor-size-default\">ANPIC: octubre, Le\u00f3n, M\u00e9xico<\/h2>\t\t\t\t<\/div>\n\t\t\t\t<\/div>\n\t\t\t\t\t<\/div>\n\t\t\t\t<\/div>\n\t\t<div class=\"elementor-element elementor-element-0d62d62 e-flex e-con-boxed e-con e-parent\" data-id=\"0d62d62\" data-element_type=\"container\" data-e-type=\"container\">\n\t\t\t\t\t<div class=\"e-con-inner\">\n\t\t<div class=\"elementor-element elementor-element-a869751 e-con-full e-flex e-con e-child\" data-id=\"a869751\" data-element_type=\"container\" data-e-type=\"container\">\n\t\t\t\t<div class=\"elementor-element elementor-element-d386729 elementor-widget elementor-widget-text-editor\" data-id=\"d386729\" data-element_type=\"widget\" data-e-type=\"widget\" data-widget_type=\"text-editor.default\">\n\t\t\t\t<div class=\"elementor-widget-container\">\n\t\t\t\t\t\t\t\t\t<p><strong>ANPIC, Asociaci\u00f3n Nacional de Proveedores para la Industria del Calzado<\/strong>, es una feria comercial dirigida al sector del calzado con especial referencia al mercado americano, tanto latino como norte\u00f1o.<\/p><p>La pr\u00f3xima edici\u00f3n se celebrar\u00e1 en <strong>octubre en Le\u00f3n en el Poliforum Le\u00f3n<\/strong> y se presentar\u00e1n las tendencias futuras de oto\u00f1o e invierno del calzado.<\/p><p>Participamos el a\u00f1o pasado por primera vez y result\u00f3 ser una excelente oportunidad para profundizar el mercado. Este a\u00f1o volveremos a estar presentes para mostrar todas las noticias sobre el equipamiento de ABC.  <\/p>\t\t\t\t\t\t\t\t<\/div>\n\t\t\t\t<\/div>\n\t\t\t\t<\/div>\n\t\t<div class=\"elementor-element elementor-element-afed941 e-con-full e-flex e-con e-child\" data-id=\"afed941\" data-element_type=\"container\" data-e-type=\"container\">\n\t\t\t\t<div class=\"elementor-element elementor-element-e4143cf elementor-widget elementor-widget-image\" data-id=\"e4143cf\" data-element_type=\"widget\" data-e-type=\"widget\" data-widget_type=\"image.default\">\n\t\t\t\t<div class=\"elementor-widget-container\">\n\t\t\t\t\t\t\t\t\t\t\t\t\t\t\t<img loading=\"lazy\" decoding=\"async\" width=\"500\" height=\"500\" src=\"https:\/\/abcprato.it\/wp-content\/uploads\/2026\/01\/logo-ANPIC.jpg\" class=\"attachment-large size-large wp-image-36533\" alt=\"logo-ANPIC\" srcset=\"https:\/\/abcprato.it\/wp-content\/uploads\/2026\/01\/logo-ANPIC.jpg 500w, https:\/\/abcprato.it\/wp-content\/uploads\/2026\/01\/logo-ANPIC-300x300.jpg 300w, https:\/\/abcprato.it\/wp-content\/uploads\/2026\/01\/logo-ANPIC-150x150.jpg 150w, https:\/\/abcprato.it\/wp-content\/uploads\/2026\/01\/logo-ANPIC-400x400.jpg 400w, https:\/\/abcprato.it\/wp-content\/uploads\/2026\/01\/logo-ANPIC-24x24.jpg 24w, https:\/\/abcprato.it\/wp-content\/uploads\/2026\/01\/logo-ANPIC-36x36.jpg 36w, https:\/\/abcprato.it\/wp-content\/uploads\/2026\/01\/logo-ANPIC-48x48.jpg 48w\" sizes=\"(max-width: 500px) 100vw, 500px\" \/>\t\t\t\t\t\t\t\t\t\t\t\t\t\t\t<\/div>\n\t\t\t\t<\/div>\n\t\t\t\t<\/div>\n\t\t\t\t\t<\/div>\n\t\t\t\t<\/div>\n\t\t<div class=\"elementor-element elementor-element-4cc4045 e-flex e-con-boxed e-con e-parent\" data-id=\"4cc4045\" data-element_type=\"container\" data-e-type=\"container\">\n\t\t\t\t\t<div class=\"e-con-inner\">\n\t\t\t\t<div class=\"elementor-element elementor-element-807b220 elementor-widget elementor-widget-heading\" data-id=\"807b220\" data-element_type=\"widget\" data-e-type=\"widget\" data-widget_type=\"heading.default\">\n\t\t\t\t<div class=\"elementor-widget-container\">\n\t\t\t\t\t<h2 class=\"elementor-heading-title elementor-size-default\">\u00a1No pierdas las pr\u00f3ximas citas!<\/h2>\t\t\t\t<\/div>\n\t\t\t\t<\/div>\n\t\t\t\t\t<\/div>\n\t\t\t\t<\/div>\n\t\t<div class=\"elementor-element elementor-element-51f7ea3 e-flex e-con-boxed e-con e-parent\" data-id=\"51f7ea3\" data-element_type=\"container\" data-e-type=\"container\">\n\t\t\t\t\t<div class=\"e-con-inner\">\n\t\t\t\t<div class=\"elementor-element elementor-element-980f0ba elementor-widget elementor-widget-text-editor\" data-id=\"980f0ba\" data-element_type=\"widget\" data-e-type=\"widget\" data-widget_type=\"text-editor.default\">\n\t\t\t\t<div class=\"elementor-widget-container\">\n\t\t\t\t\t\t\t\t\t<p>Marca estas fechas en tu agenda:<\/p><ul><li><strong>IILF, India International Leather Fair, 1-3 de febrero <\/strong><\/li><li><strong>ABC Fashion Event, 18-19 de marzo<\/strong><\/li><li><strong>Simac Tanning Tech, 15-17 de septiembre<\/strong><\/li><li><strong>ANPIC, octubre <\/strong><\/li><\/ul>\t\t\t\t\t\t\t\t<\/div>\n\t\t\t\t<\/div>\n\t\t\t\t\t<\/div>\n\t\t\t\t<\/div>\n\t\t<div class=\"elementor-element elementor-element-838e6a0 e-flex e-con-boxed e-con e-parent\" data-id=\"838e6a0\" data-element_type=\"container\" data-e-type=\"container\">\n\t\t\t\t\t<div class=\"e-con-inner\">\n\t\t\t\t<div class=\"elementor-element elementor-element-b9aa1e8 elementor-widget elementor-widget-text-editor\" data-id=\"b9aa1e8\" data-element_type=\"widget\" data-e-type=\"widget\" data-widget_type=\"text-editor.default\">\n\t\t\t\t<div class=\"elementor-widget-container\">\n\t\t\t\t\t\t\t\t\t<p>No te pierdas las pr\u00f3ximas oportunidades de encontrarte con nosotros en la feria en el mundo. Mantente actualizado para descubrir todas las novedades de ABC y obtener m\u00e1s detalles sobre cada feria del sector. <\/p><p>Para m\u00e1s informaci\u00f3n, no dude en contactarnos por correo electr\u00f3nico en <strong><a href=\"mailto:solutions@abcprato.it\">solutions@abcprato.it<\/a><\/strong> o por tel\u00e9fono al <strong>+39 0574 25723<\/strong>. Estaremos encantados de aclarar cualquier duda y de reservar una cita dedicada a la feria. <\/p>\t\t\t\t\t\t\t\t<\/div>\n\t\t\t\t<\/div>\n\t\t\t\t\t<\/div>\n\t\t\t\t<\/div>\n\t\t<div class=\"elementor-element elementor-element-245379c e-flex e-con-boxed e-con e-parent\" data-id=\"245379c\" data-element_type=\"container\" data-e-type=\"container\">\n\t\t\t\t\t<div class=\"e-con-inner\">\n\t\t\t\t<div class=\"elementor-element elementor-element-eec7a6e elementor-align-center elementor-widget elementor-widget-button\" data-id=\"eec7a6e\" data-element_type=\"widget\" data-e-type=\"widget\" data-widget_type=\"button.default\">\n\t\t\t\t<div class=\"elementor-widget-container\">\n\t\t\t\t\t\t\t\t\t<div class=\"elementor-button-wrapper\">\n\t\t\t\t\t<a class=\"elementor-button elementor-button-link elementor-size-sm\" href=\"https:\/\/abcprato.it\/es\/contacto\/\">\n\t\t\t\t\t\t<span class=\"elementor-button-content-wrapper\">\n\t\t\t\t\t\t\t\t\t<span class=\"elementor-button-text\">PIDE M\u00c1S INFORMACIONES<\/span>\n\t\t\t\t\t<\/span>\n\t\t\t\t\t<\/a>\n\t\t\t\t<\/div>\n\t\t\t\t\t\t\t\t<\/div>\n\t\t\t\t<\/div>\n\t\t\t\t\t<\/div>\n\t\t\t\t<\/div>\n\t\t\t\t<\/div>\n\t\t","protected":false},"excerpt":{"rendered":"<p>2026 ser\u00e1 un a\u00f1o rico y lleno de eventos donde podremos enfrentarnos y reunirnos en persona. Estas son las ferias donde puedes encontrarnos en uno&#8230; <a class=\"read-more\" style=\"text-decoration:underline;\" href=\"https:\/\/abcprato.it\/es\/eventos-y-ferias\/ferias-del-sector-2026-para-abc-4-puntos-de-contacto-en-el-mundo\/\">Leer m\u00e1s<\/a><\/p>\n","protected":false},"author":3,"featured_media":36529,"comment_status":"closed","ping_status":"closed","sticky":false,"template":"","format":"standard","meta":{"_acf_changed":false,"footnotes":""},"categories":[33],"tags":[],"class_list":["post-36534","post","type-post","status-publish","format-standard","has-post-thumbnail","hentry","category-eventos-y-ferias"],"acf":[],"yoast_head":"<!-- This site is optimized with the Yoast SEO plugin v27.2 - https:\/\/yoast.com\/product\/yoast-seo-wordpress\/ -->\n<title>Ferias del sector 2026 para ABC: 4 puntos de contacto en el mundo - ABC Equipment &amp; Solutions<\/title>\n<meta name=\"description\" content=\"Descubra todas las pr\u00f3ximas ferias del sector donde estaremos presentes en 2026: 4 puntos de contacto en el mundo, desde Italia hasta India y M\u00e9xico.\" \/>\n<meta name=\"robots\" content=\"index, follow, max-snippet:-1, max-image-preview:large, max-video-preview:-1\" \/>\n<link rel=\"canonical\" href=\"https:\/\/abcprato.it\/es\/eventos-y-ferias\/ferias-del-sector-2026-para-abc-4-puntos-de-contacto-en-el-mundo\/\" \/>\n<meta property=\"og:locale\" content=\"es_ES\" \/>\n<meta property=\"og:type\" content=\"article\" \/>\n<meta property=\"og:title\" content=\"Ferias del sector 2026 para ABC: 4 puntos de contacto en el mundo - ABC Equipment &amp; Solutions\" \/>\n<meta property=\"og:description\" content=\"Descubra todas las pr\u00f3ximas ferias del sector donde estaremos presentes en 2026: 4 puntos de contacto en el mundo, desde Italia hasta India y M\u00e9xico.\" \/>\n<meta property=\"og:url\" content=\"https:\/\/abcprato.it\/es\/eventos-y-ferias\/ferias-del-sector-2026-para-abc-4-puntos-de-contacto-en-el-mundo\/\" \/>\n<meta property=\"og:site_name\" content=\"ABC Equipment &amp; Solutions\" \/>\n<meta property=\"article:published_time\" content=\"2026-01-12T13:34:03+00:00\" \/>\n<meta property=\"og:image\" content=\"https:\/\/abcprato.it\/wp-content\/uploads\/2026\/01\/mappa-fiere-di-settore-2026.jpg\" \/>\n\t<meta property=\"og:image:width\" content=\"1500\" \/>\n\t<meta property=\"og:image:height\" content=\"1000\" \/>\n\t<meta property=\"og:image:type\" content=\"image\/jpeg\" \/>\n<meta name=\"author\" content=\"Cecilia\" \/>\n<meta name=\"twitter:card\" content=\"summary_large_image\" \/>\n<meta name=\"twitter:label1\" content=\"Escrito por\" \/>\n\t<meta name=\"twitter:data1\" content=\"Cecilia\" \/>\n\t<meta name=\"twitter:label2\" content=\"Tiempo de lectura\" \/>\n\t<meta name=\"twitter:data2\" content=\"3 minutos\" \/>\n<script type=\"application\/ld+json\" class=\"yoast-schema-graph\">{\"@context\":\"https:\/\/schema.org\",\"@graph\":[{\"@type\":\"Article\",\"@id\":\"https:\/\/abcprato.it\/es\/eventos-y-ferias\/ferias-del-sector-2026-para-abc-4-puntos-de-contacto-en-el-mundo\/#article\",\"isPartOf\":{\"@id\":\"https:\/\/abcprato.it\/es\/eventos-y-ferias\/ferias-del-sector-2026-para-abc-4-puntos-de-contacto-en-el-mundo\/\"},\"author\":{\"name\":\"Cecilia\",\"@id\":\"https:\/\/abcprato.it\/es\/#\/schema\/person\/00ba479806c558acdde7a5906f2e4e24\"},\"headline\":\"Ferias del sector 2026 para ABC: 4 puntos de contacto en el mundo\",\"datePublished\":\"2026-01-12T13:34:03+00:00\",\"mainEntityOfPage\":{\"@id\":\"https:\/\/abcprato.it\/es\/eventos-y-ferias\/ferias-del-sector-2026-para-abc-4-puntos-de-contacto-en-el-mundo\/\"},\"wordCount\":540,\"publisher\":{\"@id\":\"https:\/\/abcprato.it\/es\/#organization\"},\"image\":{\"@id\":\"https:\/\/abcprato.it\/es\/eventos-y-ferias\/ferias-del-sector-2026-para-abc-4-puntos-de-contacto-en-el-mundo\/#primaryimage\"},\"thumbnailUrl\":\"https:\/\/abcprato.it\/wp-content\/uploads\/2026\/01\/mappa-fiere-di-settore-2026.jpg\",\"articleSection\":[\"Eventos y Ferias\"],\"inLanguage\":\"es\"},{\"@type\":\"WebPage\",\"@id\":\"https:\/\/abcprato.it\/es\/eventos-y-ferias\/ferias-del-sector-2026-para-abc-4-puntos-de-contacto-en-el-mundo\/\",\"url\":\"https:\/\/abcprato.it\/es\/eventos-y-ferias\/ferias-del-sector-2026-para-abc-4-puntos-de-contacto-en-el-mundo\/\",\"name\":\"Ferias del sector 2026 para ABC: 4 puntos de contacto en el mundo - ABC Equipment &amp; Solutions\",\"isPartOf\":{\"@id\":\"https:\/\/abcprato.it\/es\/#website\"},\"primaryImageOfPage\":{\"@id\":\"https:\/\/abcprato.it\/es\/eventos-y-ferias\/ferias-del-sector-2026-para-abc-4-puntos-de-contacto-en-el-mundo\/#primaryimage\"},\"image\":{\"@id\":\"https:\/\/abcprato.it\/es\/eventos-y-ferias\/ferias-del-sector-2026-para-abc-4-puntos-de-contacto-en-el-mundo\/#primaryimage\"},\"thumbnailUrl\":\"https:\/\/abcprato.it\/wp-content\/uploads\/2026\/01\/mappa-fiere-di-settore-2026.jpg\",\"datePublished\":\"2026-01-12T13:34:03+00:00\",\"description\":\"Descubra todas las pr\u00f3ximas ferias del sector donde estaremos presentes en 2026: 4 puntos de contacto en el mundo, desde Italia hasta India y M\u00e9xico.\",\"breadcrumb\":{\"@id\":\"https:\/\/abcprato.it\/es\/eventos-y-ferias\/ferias-del-sector-2026-para-abc-4-puntos-de-contacto-en-el-mundo\/#breadcrumb\"},\"inLanguage\":\"es\",\"potentialAction\":[{\"@type\":\"ReadAction\",\"target\":[\"https:\/\/abcprato.it\/es\/eventos-y-ferias\/ferias-del-sector-2026-para-abc-4-puntos-de-contacto-en-el-mundo\/\"]}]},{\"@type\":\"ImageObject\",\"inLanguage\":\"es\",\"@id\":\"https:\/\/abcprato.it\/es\/eventos-y-ferias\/ferias-del-sector-2026-para-abc-4-puntos-de-contacto-en-el-mundo\/#primaryimage\",\"url\":\"https:\/\/abcprato.it\/wp-content\/uploads\/2026\/01\/mappa-fiere-di-settore-2026.jpg\",\"contentUrl\":\"https:\/\/abcprato.it\/wp-content\/uploads\/2026\/01\/mappa-fiere-di-settore-2026.jpg\",\"width\":1500,\"height\":1000,\"caption\":\"mapa-ferias-del-sector-abc-2026\"},{\"@type\":\"BreadcrumbList\",\"@id\":\"https:\/\/abcprato.it\/es\/eventos-y-ferias\/ferias-del-sector-2026-para-abc-4-puntos-de-contacto-en-el-mundo\/#breadcrumb\",\"itemListElement\":[{\"@type\":\"ListItem\",\"position\":1,\"name\":\"Home\",\"item\":\"https:\/\/abcprato.it\/es\/\"},{\"@type\":\"ListItem\",\"position\":2,\"name\":\"Ferias del sector 2026 para ABC: 4 puntos de contacto en el mundo\"}]},{\"@type\":\"WebSite\",\"@id\":\"https:\/\/abcprato.it\/es\/#website\",\"url\":\"https:\/\/abcprato.it\/es\/\",\"name\":\"ABC Equipment &amp; Solutions\",\"description\":\"\",\"publisher\":{\"@id\":\"https:\/\/abcprato.it\/es\/#organization\"},\"potentialAction\":[{\"@type\":\"SearchAction\",\"target\":{\"@type\":\"EntryPoint\",\"urlTemplate\":\"https:\/\/abcprato.it\/es\/?s={search_term_string}\"},\"query-input\":{\"@type\":\"PropertyValueSpecification\",\"valueRequired\":true,\"valueName\":\"search_term_string\"}}],\"inLanguage\":\"es\"},{\"@type\":\"Organization\",\"@id\":\"https:\/\/abcprato.it\/es\/#organization\",\"name\":\"ABC Equipment & Solutions\",\"url\":\"https:\/\/abcprato.it\/es\/\",\"logo\":{\"@type\":\"ImageObject\",\"inLanguage\":\"es\",\"@id\":\"https:\/\/abcprato.it\/es\/#\/schema\/logo\/image\/\",\"url\":\"https:\/\/abcprato.it\/wp-content\/uploads\/2021\/01\/ABC-logo-2021.svg\",\"contentUrl\":\"https:\/\/abcprato.it\/wp-content\/uploads\/2021\/01\/ABC-logo-2021.svg\",\"width\":1,\"height\":1,\"caption\":\"ABC Equipment & Solutions\"},\"image\":{\"@id\":\"https:\/\/abcprato.it\/es\/#\/schema\/logo\/image\/\"}},{\"@type\":\"Person\",\"@id\":\"https:\/\/abcprato.it\/es\/#\/schema\/person\/00ba479806c558acdde7a5906f2e4e24\",\"name\":\"Cecilia\",\"image\":{\"@type\":\"ImageObject\",\"inLanguage\":\"es\",\"@id\":\"https:\/\/secure.gravatar.com\/avatar\/a59e665831e28f87b0e0b2993ccc300369a11814b880d658ae5ff4ed0d8687d0?s=96&d=mm&r=g\",\"url\":\"https:\/\/secure.gravatar.com\/avatar\/a59e665831e28f87b0e0b2993ccc300369a11814b880d658ae5ff4ed0d8687d0?s=96&d=mm&r=g\",\"contentUrl\":\"https:\/\/secure.gravatar.com\/avatar\/a59e665831e28f87b0e0b2993ccc300369a11814b880d658ae5ff4ed0d8687d0?s=96&d=mm&r=g\",\"caption\":\"Cecilia\"},\"url\":\"https:\/\/abcprato.it\/es\/author\/cecilia\/\"}]}<\/script>\n<!-- \/ Yoast SEO plugin. -->","yoast_head_json":{"title":"Ferias del sector 2026 para ABC: 4 puntos de contacto en el mundo - ABC Equipment &amp; Solutions","description":"Descubra todas las pr\u00f3ximas ferias del sector donde estaremos presentes en 2026: 4 puntos de contacto en el mundo, desde Italia hasta India y M\u00e9xico.","robots":{"index":"index","follow":"follow","max-snippet":"max-snippet:-1","max-image-preview":"max-image-preview:large","max-video-preview":"max-video-preview:-1"},"canonical":"https:\/\/abcprato.it\/es\/eventos-y-ferias\/ferias-del-sector-2026-para-abc-4-puntos-de-contacto-en-el-mundo\/","og_locale":"es_ES","og_type":"article","og_title":"Ferias del sector 2026 para ABC: 4 puntos de contacto en el mundo - ABC Equipment &amp; Solutions","og_description":"Descubra todas las pr\u00f3ximas ferias del sector donde estaremos presentes en 2026: 4 puntos de contacto en el mundo, desde Italia hasta India y M\u00e9xico.","og_url":"https:\/\/abcprato.it\/es\/eventos-y-ferias\/ferias-del-sector-2026-para-abc-4-puntos-de-contacto-en-el-mundo\/","og_site_name":"ABC Equipment &amp; Solutions","article_published_time":"2026-01-12T13:34:03+00:00","og_image":[{"width":1500,"height":1000,"url":"https:\/\/abcprato.it\/wp-content\/uploads\/2026\/01\/mappa-fiere-di-settore-2026.jpg","type":"image\/jpeg"}],"author":"Cecilia","twitter_card":"summary_large_image","twitter_misc":{"Escrito por":"Cecilia","Tiempo de lectura":"3 minutos"},"schema":{"@context":"https:\/\/schema.org","@graph":[{"@type":"Article","@id":"https:\/\/abcprato.it\/es\/eventos-y-ferias\/ferias-del-sector-2026-para-abc-4-puntos-de-contacto-en-el-mundo\/#article","isPartOf":{"@id":"https:\/\/abcprato.it\/es\/eventos-y-ferias\/ferias-del-sector-2026-para-abc-4-puntos-de-contacto-en-el-mundo\/"},"author":{"name":"Cecilia","@id":"https:\/\/abcprato.it\/es\/#\/schema\/person\/00ba479806c558acdde7a5906f2e4e24"},"headline":"Ferias del sector 2026 para ABC: 4 puntos de contacto en el mundo","datePublished":"2026-01-12T13:34:03+00:00","mainEntityOfPage":{"@id":"https:\/\/abcprato.it\/es\/eventos-y-ferias\/ferias-del-sector-2026-para-abc-4-puntos-de-contacto-en-el-mundo\/"},"wordCount":540,"publisher":{"@id":"https:\/\/abcprato.it\/es\/#organization"},"image":{"@id":"https:\/\/abcprato.it\/es\/eventos-y-ferias\/ferias-del-sector-2026-para-abc-4-puntos-de-contacto-en-el-mundo\/#primaryimage"},"thumbnailUrl":"https:\/\/abcprato.it\/wp-content\/uploads\/2026\/01\/mappa-fiere-di-settore-2026.jpg","articleSection":["Eventos y Ferias"],"inLanguage":"es"},{"@type":"WebPage","@id":"https:\/\/abcprato.it\/es\/eventos-y-ferias\/ferias-del-sector-2026-para-abc-4-puntos-de-contacto-en-el-mundo\/","url":"https:\/\/abcprato.it\/es\/eventos-y-ferias\/ferias-del-sector-2026-para-abc-4-puntos-de-contacto-en-el-mundo\/","name":"Ferias del sector 2026 para ABC: 4 puntos de contacto en el mundo - ABC Equipment &amp; Solutions","isPartOf":{"@id":"https:\/\/abcprato.it\/es\/#website"},"primaryImageOfPage":{"@id":"https:\/\/abcprato.it\/es\/eventos-y-ferias\/ferias-del-sector-2026-para-abc-4-puntos-de-contacto-en-el-mundo\/#primaryimage"},"image":{"@id":"https:\/\/abcprato.it\/es\/eventos-y-ferias\/ferias-del-sector-2026-para-abc-4-puntos-de-contacto-en-el-mundo\/#primaryimage"},"thumbnailUrl":"https:\/\/abcprato.it\/wp-content\/uploads\/2026\/01\/mappa-fiere-di-settore-2026.jpg","datePublished":"2026-01-12T13:34:03+00:00","description":"Descubra todas las pr\u00f3ximas ferias del sector donde estaremos presentes en 2026: 4 puntos de contacto en el mundo, desde Italia hasta India y M\u00e9xico.","breadcrumb":{"@id":"https:\/\/abcprato.it\/es\/eventos-y-ferias\/ferias-del-sector-2026-para-abc-4-puntos-de-contacto-en-el-mundo\/#breadcrumb"},"inLanguage":"es","potentialAction":[{"@type":"ReadAction","target":["https:\/\/abcprato.it\/es\/eventos-y-ferias\/ferias-del-sector-2026-para-abc-4-puntos-de-contacto-en-el-mundo\/"]}]},{"@type":"ImageObject","inLanguage":"es","@id":"https:\/\/abcprato.it\/es\/eventos-y-ferias\/ferias-del-sector-2026-para-abc-4-puntos-de-contacto-en-el-mundo\/#primaryimage","url":"https:\/\/abcprato.it\/wp-content\/uploads\/2026\/01\/mappa-fiere-di-settore-2026.jpg","contentUrl":"https:\/\/abcprato.it\/wp-content\/uploads\/2026\/01\/mappa-fiere-di-settore-2026.jpg","width":1500,"height":1000,"caption":"mapa-ferias-del-sector-abc-2026"},{"@type":"BreadcrumbList","@id":"https:\/\/abcprato.it\/es\/eventos-y-ferias\/ferias-del-sector-2026-para-abc-4-puntos-de-contacto-en-el-mundo\/#breadcrumb","itemListElement":[{"@type":"ListItem","position":1,"name":"Home","item":"https:\/\/abcprato.it\/es\/"},{"@type":"ListItem","position":2,"name":"Ferias del sector 2026 para ABC: 4 puntos de contacto en el mundo"}]},{"@type":"WebSite","@id":"https:\/\/abcprato.it\/es\/#website","url":"https:\/\/abcprato.it\/es\/","name":"ABC Equipment &amp; Solutions","description":"","publisher":{"@id":"https:\/\/abcprato.it\/es\/#organization"},"potentialAction":[{"@type":"SearchAction","target":{"@type":"EntryPoint","urlTemplate":"https:\/\/abcprato.it\/es\/?s={search_term_string}"},"query-input":{"@type":"PropertyValueSpecification","valueRequired":true,"valueName":"search_term_string"}}],"inLanguage":"es"},{"@type":"Organization","@id":"https:\/\/abcprato.it\/es\/#organization","name":"ABC Equipment & Solutions","url":"https:\/\/abcprato.it\/es\/","logo":{"@type":"ImageObject","inLanguage":"es","@id":"https:\/\/abcprato.it\/es\/#\/schema\/logo\/image\/","url":"https:\/\/abcprato.it\/wp-content\/uploads\/2021\/01\/ABC-logo-2021.svg","contentUrl":"https:\/\/abcprato.it\/wp-content\/uploads\/2021\/01\/ABC-logo-2021.svg","width":1,"height":1,"caption":"ABC Equipment & Solutions"},"image":{"@id":"https:\/\/abcprato.it\/es\/#\/schema\/logo\/image\/"}},{"@type":"Person","@id":"https:\/\/abcprato.it\/es\/#\/schema\/person\/00ba479806c558acdde7a5906f2e4e24","name":"Cecilia","image":{"@type":"ImageObject","inLanguage":"es","@id":"https:\/\/secure.gravatar.com\/avatar\/a59e665831e28f87b0e0b2993ccc300369a11814b880d658ae5ff4ed0d8687d0?s=96&d=mm&r=g","url":"https:\/\/secure.gravatar.com\/avatar\/a59e665831e28f87b0e0b2993ccc300369a11814b880d658ae5ff4ed0d8687d0?s=96&d=mm&r=g","contentUrl":"https:\/\/secure.gravatar.com\/avatar\/a59e665831e28f87b0e0b2993ccc300369a11814b880d658ae5ff4ed0d8687d0?s=96&d=mm&r=g","caption":"Cecilia"},"url":"https:\/\/abcprato.it\/es\/author\/cecilia\/"}]}},"_links":{"self":[{"href":"https:\/\/abcprato.it\/es\/wp-json\/wp\/v2\/posts\/36534","targetHints":{"allow":["GET"]}}],"collection":[{"href":"https:\/\/abcprato.it\/es\/wp-json\/wp\/v2\/posts"}],"about":[{"href":"https:\/\/abcprato.it\/es\/wp-json\/wp\/v2\/types\/post"}],"author":[{"embeddable":true,"href":"https:\/\/abcprato.it\/es\/wp-json\/wp\/v2\/users\/3"}],"replies":[{"embeddable":true,"href":"https:\/\/abcprato.it\/es\/wp-json\/wp\/v2\/comments?post=36534"}],"version-history":[{"count":4,"href":"https:\/\/abcprato.it\/es\/wp-json\/wp\/v2\/posts\/36534\/revisions"}],"predecessor-version":[{"id":36548,"href":"https:\/\/abcprato.it\/es\/wp-json\/wp\/v2\/posts\/36534\/revisions\/36548"}],"wp:featuredmedia":[{"embeddable":true,"href":"https:\/\/abcprato.it\/es\/wp-json\/wp\/v2\/media\/36529"}],"wp:attachment":[{"href":"https:\/\/abcprato.it\/es\/wp-json\/wp\/v2\/media?parent=36534"}],"wp:term":[{"taxonomy":"category","embeddable":true,"href":"https:\/\/abcprato.it\/es\/wp-json\/wp\/v2\/categories?post=36534"},{"taxonomy":"post_tag","embeddable":true,"href":"https:\/\/abcprato.it\/es\/wp-json\/wp\/v2\/tags?post=36534"}],"curies":[{"name":"wp","href":"https:\/\/api.w.org\/{rel}","templated":true}]}}