{"id":14402,"date":"2023-02-07T15:52:16","date_gmt":"2023-02-07T14:52:16","guid":{"rendered":"https:\/\/abcprato.it\/?p=14402"},"modified":"2023-03-01T15:37:02","modified_gmt":"2023-03-01T14:37:02","slug":"futurmoda-49-march-2023-edition-retour-en-espagne-avec-notre-stand","status":"publish","type":"post","link":"https:\/\/abcprato.it\/fr\/evenements-et-salon\/futurmoda-49-march-2023-edition-retour-en-espagne-avec-notre-stand\/","title":{"rendered":"Futurmoda 49, March 2023 edition : retour en Espagne avec notre stand"},"content":{"rendered":"\t\t<div data-elementor-type=\"wp-post\" data-elementor-id=\"14402\" class=\"elementor elementor-14402 elementor-14336\" data-elementor-post-type=\"post\">\n\t\t\t\t\t\t<section class=\"elementor-section elementor-top-section elementor-element elementor-element-93c571f elementor-section-boxed elementor-section-height-default elementor-section-height-default\" data-id=\"93c571f\" data-element_type=\"section\" data-e-type=\"section\">\n\t\t\t\t\t\t<div class=\"elementor-container elementor-column-gap-default\">\n\t\t\t\t\t<div class=\"elementor-column elementor-col-100 elementor-top-column elementor-element elementor-element-20a1329\" data-id=\"20a1329\" data-element_type=\"column\" data-e-type=\"column\">\n\t\t\t<div class=\"elementor-widget-wrap elementor-element-populated\">\n\t\t\t\t\t\t<div class=\"elementor-element elementor-element-09c8380 elementor-widget elementor-widget-text-editor\" data-id=\"09c8380\" data-element_type=\"widget\" data-e-type=\"widget\" data-widget_type=\"text-editor.default\">\n\t\t\t\t<div class=\"elementor-widget-container\">\n\t\t\t\t\t\t\t\t\t<p>Nous vous attendons en <strong>Futurmoda 49<\/strong>, le salon international des composants, de tissus, du cuir et dans cette \u00e9dition sp\u00e9ciale de Mars, aussi de <strong>machinerie<\/strong> pour la chaussure et la maroquinerie.<\/p>\t\t\t\t\t\t\t\t<\/div>\n\t\t\t\t<\/div>\n\t\t\t\t\t<\/div>\n\t\t<\/div>\n\t\t\t\t\t<\/div>\n\t\t<\/section>\n\t\t\t\t<section class=\"elementor-section elementor-top-section elementor-element elementor-element-6da4e95 elementor-section-boxed elementor-section-height-default elementor-section-height-default\" data-id=\"6da4e95\" data-element_type=\"section\" data-e-type=\"section\">\n\t\t\t\t\t\t<div class=\"elementor-container elementor-column-gap-default\">\n\t\t\t\t\t<div class=\"elementor-column elementor-col-100 elementor-top-column elementor-element elementor-element-34e4daa\" data-id=\"34e4daa\" data-element_type=\"column\" data-e-type=\"column\">\n\t\t\t<div class=\"elementor-widget-wrap elementor-element-populated\">\n\t\t\t\t\t\t<div class=\"elementor-element elementor-element-3ffd2d7 elementor-widget elementor-widget-image\" data-id=\"3ffd2d7\" data-element_type=\"widget\" data-e-type=\"widget\" data-widget_type=\"image.default\">\n\t\t\t\t<div class=\"elementor-widget-container\">\n\t\t\t\t\t\t\t\t\t\t\t\t\t\t\t\t<a href=\"https:\/\/abcprato.it\/wp-content\/uploads\/2023\/02\/abc-perseo-Futurmoda.jpg\" data-elementor-open-lightbox=\"yes\" data-e-action-hash=\"#elementor-action%3Aaction%3Dlightbox%26settings%3DeyJpZCI6MTQzNDQsInVybCI6Imh0dHBzOlwvXC9hYmNwcmF0by5pdFwvd3AtY29udGVudFwvdXBsb2Fkc1wvMjAyM1wvMDJcL2FiYy1wZXJzZW8tRnV0dXJtb2RhLmpwZyJ9\">\n\t\t\t\t\t\t\t<img fetchpriority=\"high\" decoding=\"async\" width=\"400\" height=\"400\" src=\"https:\/\/abcprato.it\/wp-content\/uploads\/2023\/02\/abc-perseo-Futurmoda-400x400.jpg\" class=\"attachment-collection-thumb size-collection-thumb wp-image-14344\" alt=\"abc-perseo-Futurmoda\" srcset=\"https:\/\/abcprato.it\/wp-content\/uploads\/2023\/02\/abc-perseo-Futurmoda-400x400.jpg 400w, https:\/\/abcprato.it\/wp-content\/uploads\/2023\/02\/abc-perseo-Futurmoda-300x300.jpg 300w, https:\/\/abcprato.it\/wp-content\/uploads\/2023\/02\/abc-perseo-Futurmoda-1024x1024.jpg 1024w, https:\/\/abcprato.it\/wp-content\/uploads\/2023\/02\/abc-perseo-Futurmoda-150x150.jpg 150w, https:\/\/abcprato.it\/wp-content\/uploads\/2023\/02\/abc-perseo-Futurmoda-768x768.jpg 768w, https:\/\/abcprato.it\/wp-content\/uploads\/2023\/02\/abc-perseo-Futurmoda-24x24.jpg 24w, https:\/\/abcprato.it\/wp-content\/uploads\/2023\/02\/abc-perseo-Futurmoda-36x36.jpg 36w, https:\/\/abcprato.it\/wp-content\/uploads\/2023\/02\/abc-perseo-Futurmoda-48x48.jpg 48w, https:\/\/abcprato.it\/wp-content\/uploads\/2023\/02\/abc-perseo-Futurmoda.jpg 1080w\" sizes=\"(max-width: 400px) 100vw, 400px\" \/>\t\t\t\t\t\t\t\t<\/a>\n\t\t\t\t\t\t\t\t\t\t\t\t\t\t\t<\/div>\n\t\t\t\t<\/div>\n\t\t\t\t\t<\/div>\n\t\t<\/div>\n\t\t\t\t\t<\/div>\n\t\t<\/section>\n\t\t\t\t<section class=\"elementor-section elementor-top-section elementor-element elementor-element-4d882f0 elementor-section-boxed elementor-section-height-default elementor-section-height-default\" data-id=\"4d882f0\" data-element_type=\"section\" data-e-type=\"section\">\n\t\t\t\t\t\t<div class=\"elementor-container elementor-column-gap-default\">\n\t\t\t\t\t<div class=\"elementor-column elementor-col-100 elementor-top-column elementor-element elementor-element-2860c7f\" data-id=\"2860c7f\" data-element_type=\"column\" data-e-type=\"column\">\n\t\t\t<div class=\"elementor-widget-wrap elementor-element-populated\">\n\t\t\t\t\t\t<div class=\"elementor-element elementor-element-714aaa1 elementor-widget elementor-widget-text-editor\" data-id=\"714aaa1\" data-element_type=\"widget\" data-e-type=\"widget\" data-widget_type=\"text-editor.default\">\n\t\t\t\t<div class=\"elementor-widget-container\">\n\t\t\t\t\t\t\t\t\t<p>La foire Futurmoda 49 organis\u00e9e par <strong>AEC<\/strong>, l\u2019Association espagnole pour les industries de composants pour la chaussure, a lieu \u00e0 <strong>IFA<\/strong>, la Instituci\u00f3n Ferial Alicantina, \u00e0 Elche (Alicante) du 8 au 9 mars 2023.<\/p><p>Nous revenons apr\u00e8s des ann\u00e9es avec notre stand B19 en el Pavillon Machinerie. L\u2019espace de 25 m<sup>2 <\/sup>sera d\u00e9di\u00e9 \u00e0 tous nos produits <strong>ABC &amp; PERSEO Equipment &amp; Solutions<\/strong> pour les secteurs du cuir et de chaussure.<\/p>\t\t\t\t\t\t\t\t<\/div>\n\t\t\t\t<\/div>\n\t\t\t\t\t<\/div>\n\t\t<\/div>\n\t\t\t\t\t<\/div>\n\t\t<\/section>\n\t\t\t\t<section class=\"elementor-section elementor-top-section elementor-element elementor-element-f32b743 elementor-section-boxed elementor-section-height-default elementor-section-height-default\" data-id=\"f32b743\" data-element_type=\"section\" data-e-type=\"section\">\n\t\t\t\t\t\t<div class=\"elementor-container elementor-column-gap-default\">\n\t\t\t\t\t<div class=\"elementor-column elementor-col-100 elementor-top-column elementor-element elementor-element-db12eeb\" data-id=\"db12eeb\" data-element_type=\"column\" data-e-type=\"column\">\n\t\t\t<div class=\"elementor-widget-wrap elementor-element-populated\">\n\t\t\t\t\t\t<div class=\"elementor-element elementor-element-9b3d5d1 elementor-widget elementor-widget-image\" data-id=\"9b3d5d1\" data-element_type=\"widget\" data-e-type=\"widget\" data-widget_type=\"image.default\">\n\t\t\t\t<div class=\"elementor-widget-container\">\n\t\t\t\t\t\t\t\t\t\t\t\t<figure class=\"wp-caption\">\n\t\t\t\t\t\t\t\t\t\t\t<a href=\"https:\/\/abcprato.it\/wp-content\/uploads\/2023\/02\/equipement-stand-Futurmoda49.jpg\" data-elementor-open-lightbox=\"yes\" data-e-action-hash=\"#elementor-action%3Aaction%3Dlightbox%26settings%3DeyJpZCI6MTQ0MDUsInVybCI6Imh0dHBzOlwvXC9hYmNwcmF0by5pdFwvd3AtY29udGVudFwvdXBsb2Fkc1wvMjAyM1wvMDJcL2VxdWlwZW1lbnQtc3RhbmQtRnV0dXJtb2RhNDkuanBnIn0%3D\">\n\t\t\t\t\t\t\t<img decoding=\"async\" width=\"800\" height=\"534\" src=\"https:\/\/abcprato.it\/wp-content\/uploads\/2023\/02\/equipement-stand-Futurmoda49-1024x683.jpg\" class=\"attachment-large size-large wp-image-14405\" alt=\"\u00e9quipement-stand-Futurmoda49\" srcset=\"https:\/\/abcprato.it\/wp-content\/uploads\/2023\/02\/equipement-stand-Futurmoda49-1024x683.jpg 1024w, https:\/\/abcprato.it\/wp-content\/uploads\/2023\/02\/equipement-stand-Futurmoda49-300x200.jpg 300w, https:\/\/abcprato.it\/wp-content\/uploads\/2023\/02\/equipement-stand-Futurmoda49-768x512.jpg 768w, https:\/\/abcprato.it\/wp-content\/uploads\/2023\/02\/equipement-stand-Futurmoda49-24x16.jpg 24w, https:\/\/abcprato.it\/wp-content\/uploads\/2023\/02\/equipement-stand-Futurmoda49-36x24.jpg 36w, https:\/\/abcprato.it\/wp-content\/uploads\/2023\/02\/equipement-stand-Futurmoda49-48x32.jpg 48w, https:\/\/abcprato.it\/wp-content\/uploads\/2023\/02\/equipement-stand-Futurmoda49.jpg 1500w\" sizes=\"(max-width: 800px) 100vw, 800px\" \/>\t\t\t\t\t\t\t\t<\/a>\n\t\t\t\t\t\t\t\t\t\t\t<figcaption class=\"widget-image-caption wp-caption-text\">\u00c9quipement stand foire Futurmoda<\/figcaption>\n\t\t\t\t\t\t\t\t\t\t<\/figure>\n\t\t\t\t\t\t\t\t\t<\/div>\n\t\t\t\t<\/div>\n\t\t\t\t\t<\/div>\n\t\t<\/div>\n\t\t\t\t\t<\/div>\n\t\t<\/section>\n\t\t\t\t<section class=\"elementor-section elementor-top-section elementor-element elementor-element-824790a elementor-section-boxed elementor-section-height-default elementor-section-height-default\" data-id=\"824790a\" data-element_type=\"section\" data-e-type=\"section\">\n\t\t\t\t\t\t<div class=\"elementor-container elementor-column-gap-default\">\n\t\t\t\t\t<div class=\"elementor-column elementor-col-100 elementor-top-column elementor-element elementor-element-aa7e03a\" data-id=\"aa7e03a\" data-element_type=\"column\" data-e-type=\"column\">\n\t\t\t<div class=\"elementor-widget-wrap elementor-element-populated\">\n\t\t\t\t\t\t<div class=\"elementor-element elementor-element-c577cce elementor-widget elementor-widget-text-editor\" data-id=\"c577cce\" data-element_type=\"widget\" data-e-type=\"widget\" data-widget_type=\"text-editor.default\">\n\t\t\t\t<div class=\"elementor-widget-container\">\n\t\t\t\t\t\t\t\t\t<p>Les nouveaut\u00e9s pr\u00e9sent\u00e9es concernent tous produits avec une refonte compl\u00e8te et am\u00e9liorations. On vous attend pour pr\u00e9senter la s\u00e9lection de nos meilleurs produits\u00a0: chevalets cuir, meubles horizontal et vertical pour emporte-pi\u00e8ces, chariot porte rouleaux, chariots avec \u00e9tag\u00e8res\u2026<\/p><p>On se voit en personne \u00e0 notre stand B19, Pavillon Machinerie apr\u00e8s de notre revendeur <a href=\"https:\/\/www.pacobazan.es\/\"><strong>Paco Bazan<\/strong><\/a>.<\/p>\t\t\t\t\t\t\t\t<\/div>\n\t\t\t\t<\/div>\n\t\t\t\t\t<\/div>\n\t\t<\/div>\n\t\t\t\t\t<\/div>\n\t\t<\/section>\n\t\t\t\t<section class=\"elementor-section elementor-top-section elementor-element elementor-element-67b9093 elementor-section-boxed elementor-section-height-default elementor-section-height-default\" data-id=\"67b9093\" data-element_type=\"section\" data-e-type=\"section\">\n\t\t\t\t\t\t<div class=\"elementor-container elementor-column-gap-default\">\n\t\t\t\t\t<div class=\"elementor-column elementor-col-100 elementor-top-column elementor-element elementor-element-25cab70\" data-id=\"25cab70\" data-element_type=\"column\" data-e-type=\"column\">\n\t\t\t<div class=\"elementor-widget-wrap elementor-element-populated\">\n\t\t\t\t\t\t<div class=\"elementor-element elementor-element-a917937 elementor-widget elementor-widget-text-editor\" data-id=\"a917937\" data-element_type=\"widget\" data-e-type=\"widget\" data-widget_type=\"text-editor.default\">\n\t\t\t\t<div class=\"elementor-widget-container\">\n\t\t\t\t\t\t\t\t\t<p>Entr\u00e9e <a href=\"https:\/\/www.futurmoda.es\/obten-tu-entrada\/\">libre<\/a> pour les professionnels du secteur.<\/p>\t\t\t\t\t\t\t\t<\/div>\n\t\t\t\t<\/div>\n\t\t\t\t\t<\/div>\n\t\t<\/div>\n\t\t\t\t\t<\/div>\n\t\t<\/section>\n\t\t\t\t<section class=\"elementor-section elementor-top-section elementor-element elementor-element-bf187a8 elementor-section-boxed elementor-section-height-default elementor-section-height-default\" data-id=\"bf187a8\" data-element_type=\"section\" data-e-type=\"section\">\n\t\t\t\t\t\t<div class=\"elementor-container elementor-column-gap-default\">\n\t\t\t\t\t<div class=\"elementor-column elementor-col-100 elementor-top-column elementor-element elementor-element-2025426\" data-id=\"2025426\" data-element_type=\"column\" data-e-type=\"column\">\n\t\t\t<div class=\"elementor-widget-wrap elementor-element-populated\">\n\t\t\t\t\t\t<div class=\"elementor-element elementor-element-2aa0e06 elementor-widget elementor-widget-text-editor\" data-id=\"2aa0e06\" data-element_type=\"widget\" data-e-type=\"widget\" data-widget_type=\"text-editor.default\">\n\t\t\t\t<div class=\"elementor-widget-container\">\n\t\t\t\t\t\t\t\t\t<p>Ici la <strong>position<\/strong> de notre stand\u00a0:<\/p><p><strong>ABC &amp; PERSEO EQUIPMENT<\/strong><br \/>Pavillon Machinerie <br \/>Stand B19<\/p>\t\t\t\t\t\t\t\t<\/div>\n\t\t\t\t<\/div>\n\t\t\t\t\t<\/div>\n\t\t<\/div>\n\t\t\t\t\t<\/div>\n\t\t<\/section>\n\t\t\t\t<section class=\"elementor-section elementor-top-section elementor-element elementor-element-fc39169 elementor-section-boxed elementor-section-height-default elementor-section-height-default\" data-id=\"fc39169\" data-element_type=\"section\" data-e-type=\"section\">\n\t\t\t\t\t\t<div class=\"elementor-container elementor-column-gap-default\">\n\t\t\t\t\t<div class=\"elementor-column elementor-col-100 elementor-top-column elementor-element elementor-element-2e18a9f\" data-id=\"2e18a9f\" data-element_type=\"column\" data-e-type=\"column\">\n\t\t\t<div class=\"elementor-widget-wrap elementor-element-populated\">\n\t\t\t\t\t\t<div class=\"elementor-element elementor-element-5ceb89a elementor-widget elementor-widget-image\" data-id=\"5ceb89a\" data-element_type=\"widget\" data-e-type=\"widget\" data-widget_type=\"image.default\">\n\t\t\t\t<div class=\"elementor-widget-container\">\n\t\t\t\t\t\t\t\t\t\t\t\t<figure class=\"wp-caption\">\n\t\t\t\t\t\t\t\t\t\t\t<a href=\"https:\/\/abcprato.it\/wp-content\/uploads\/2023\/02\/plan-foire-Futurmoda.jpg\" data-elementor-open-lightbox=\"yes\" data-e-action-hash=\"#elementor-action%3Aaction%3Dlightbox%26settings%3DeyJpZCI6MTQ0MDksInVybCI6Imh0dHBzOlwvXC9hYmNwcmF0by5pdFwvd3AtY29udGVudFwvdXBsb2Fkc1wvMjAyM1wvMDJcL3BsYW4tZm9pcmUtRnV0dXJtb2RhLmpwZyJ9\">\n\t\t\t\t\t\t\t<img decoding=\"async\" width=\"800\" height=\"534\" src=\"https:\/\/abcprato.it\/wp-content\/uploads\/2023\/02\/plan-foire-Futurmoda-1024x683.jpg\" class=\"attachment-large size-large wp-image-14409\" alt=\"plan-foire-Futurmoda\" srcset=\"https:\/\/abcprato.it\/wp-content\/uploads\/2023\/02\/plan-foire-Futurmoda-1024x683.jpg 1024w, https:\/\/abcprato.it\/wp-content\/uploads\/2023\/02\/plan-foire-Futurmoda-300x200.jpg 300w, https:\/\/abcprato.it\/wp-content\/uploads\/2023\/02\/plan-foire-Futurmoda-768x512.jpg 768w, https:\/\/abcprato.it\/wp-content\/uploads\/2023\/02\/plan-foire-Futurmoda-24x16.jpg 24w, https:\/\/abcprato.it\/wp-content\/uploads\/2023\/02\/plan-foire-Futurmoda-36x24.jpg 36w, https:\/\/abcprato.it\/wp-content\/uploads\/2023\/02\/plan-foire-Futurmoda-48x32.jpg 48w, https:\/\/abcprato.it\/wp-content\/uploads\/2023\/02\/plan-foire-Futurmoda.jpg 1500w\" sizes=\"(max-width: 800px) 100vw, 800px\" \/>\t\t\t\t\t\t\t\t<\/a>\n\t\t\t\t\t\t\t\t\t\t\t<figcaption class=\"widget-image-caption wp-caption-text\">Plan foire Futurmoda<\/figcaption>\n\t\t\t\t\t\t\t\t\t\t<\/figure>\n\t\t\t\t\t\t\t\t\t<\/div>\n\t\t\t\t<\/div>\n\t\t\t\t\t<\/div>\n\t\t<\/div>\n\t\t\t\t\t<\/div>\n\t\t<\/section>\n\t\t\t\t<section class=\"elementor-section elementor-top-section elementor-element elementor-element-2da5c68 elementor-section-boxed elementor-section-height-default elementor-section-height-default\" data-id=\"2da5c68\" data-element_type=\"section\" data-e-type=\"section\">\n\t\t\t\t\t\t<div class=\"elementor-container elementor-column-gap-default\">\n\t\t\t\t\t<div class=\"elementor-column elementor-col-50 elementor-top-column elementor-element elementor-element-94101c6\" data-id=\"94101c6\" data-element_type=\"column\" data-e-type=\"column\">\n\t\t\t<div class=\"elementor-widget-wrap elementor-element-populated\">\n\t\t\t\t\t\t<div class=\"elementor-element elementor-element-ba1165d elementor-widget elementor-widget-text-editor\" data-id=\"ba1165d\" data-element_type=\"widget\" data-e-type=\"widget\" data-widget_type=\"text-editor.default\">\n\t\t\t\t<div class=\"elementor-widget-container\">\n\t\t\t\t\t\t\t\t\t<p><strong>Heures de visite<\/strong> :<\/p><ul><li><strong>Mercredi 8 mars<\/strong> de 09:30 \u00e0 19:00<\/li><li><strong>Jeudi 9 mars<\/strong> de 09:30 \u00e0 19:00<\/li><\/ul><p><strong>\u00a0<\/strong><\/p><p><strong>Emplacement de la foire\u00a0:<\/strong><\/p><p>Tous les ann\u00e9es Futurmoda 49 se tient \u00e0 Elche (Alicante) en Espagne \u00e0 la IFA, dans la Carrettera Nacional km 731. Le centre d&rsquo;exposition se trouve \u00e0 quelques minutes seulement de l\u2019a\u00e9roport \u201cEl Altet\u201d de Alicante.<\/p>\t\t\t\t\t\t\t\t<\/div>\n\t\t\t\t<\/div>\n\t\t\t\t\t<\/div>\n\t\t<\/div>\n\t\t\t\t<div class=\"elementor-column elementor-col-50 elementor-top-column elementor-element elementor-element-fbb0287\" data-id=\"fbb0287\" data-element_type=\"column\" data-e-type=\"column\">\n\t\t\t<div class=\"elementor-widget-wrap elementor-element-populated\">\n\t\t\t\t\t\t<div class=\"elementor-element elementor-element-934fee0 elementor-widget elementor-widget-image\" data-id=\"934fee0\" data-element_type=\"widget\" data-e-type=\"widget\" data-widget_type=\"image.default\">\n\t\t\t\t<div class=\"elementor-widget-container\">\n\t\t\t\t\t\t\t\t\t\t\t\t\t\t\t<img loading=\"lazy\" decoding=\"async\" width=\"600\" height=\"598\" src=\"https:\/\/abcprato.it\/wp-content\/uploads\/2023\/02\/SELLO-Futurmoda-49ED.png\" class=\"attachment-large size-large wp-image-14356\" alt=\"SELLO-Futurmoda-49ED\" srcset=\"https:\/\/abcprato.it\/wp-content\/uploads\/2023\/02\/SELLO-Futurmoda-49ED.png 600w, https:\/\/abcprato.it\/wp-content\/uploads\/2023\/02\/SELLO-Futurmoda-49ED-300x300.png 300w, https:\/\/abcprato.it\/wp-content\/uploads\/2023\/02\/SELLO-Futurmoda-49ED-150x150.png 150w, https:\/\/abcprato.it\/wp-content\/uploads\/2023\/02\/SELLO-Futurmoda-49ED-400x400.png 400w, https:\/\/abcprato.it\/wp-content\/uploads\/2023\/02\/SELLO-Futurmoda-49ED-24x24.png 24w, https:\/\/abcprato.it\/wp-content\/uploads\/2023\/02\/SELLO-Futurmoda-49ED-36x36.png 36w, https:\/\/abcprato.it\/wp-content\/uploads\/2023\/02\/SELLO-Futurmoda-49ED-48x48.png 48w\" sizes=\"(max-width: 600px) 100vw, 600px\" \/>\t\t\t\t\t\t\t\t\t\t\t\t\t\t\t<\/div>\n\t\t\t\t<\/div>\n\t\t\t\t\t<\/div>\n\t\t<\/div>\n\t\t\t\t\t<\/div>\n\t\t<\/section>\n\t\t\t\t<section class=\"elementor-section elementor-top-section elementor-element elementor-element-ba20736 elementor-section-boxed elementor-section-height-default elementor-section-height-default\" data-id=\"ba20736\" data-element_type=\"section\" data-e-type=\"section\">\n\t\t\t\t\t\t<div class=\"elementor-container elementor-column-gap-default\">\n\t\t\t\t\t<div class=\"elementor-column elementor-col-100 elementor-top-column elementor-element elementor-element-646e3a8\" data-id=\"646e3a8\" data-element_type=\"column\" data-e-type=\"column\">\n\t\t\t<div class=\"elementor-widget-wrap elementor-element-populated\">\n\t\t\t\t\t\t<div class=\"elementor-element elementor-element-8f24c3f elementor-widget elementor-widget-spacer\" data-id=\"8f24c3f\" data-element_type=\"widget\" data-e-type=\"widget\" data-widget_type=\"spacer.default\">\n\t\t\t\t<div class=\"elementor-widget-container\">\n\t\t\t\t\t\t\t<div class=\"elementor-spacer\">\n\t\t\t<div class=\"elementor-spacer-inner\"><\/div>\n\t\t<\/div>\n\t\t\t\t\t\t<\/div>\n\t\t\t\t<\/div>\n\t\t\t\t<div class=\"elementor-element elementor-element-1b75e29 elementor-widget elementor-widget-text-editor\" data-id=\"1b75e29\" data-element_type=\"widget\" data-e-type=\"widget\" data-widget_type=\"text-editor.default\">\n\t\t\t\t<div class=\"elementor-widget-container\">\n\t\t\t\t\t\t\t\t\t<p>Pour prendre rendez-vous ou pour plus informations, envoyez-nous un courriel \u00e0 <strong><a href=\"mailto:solutions@abcprato.it\">solutions@abcprato.it<\/a><\/strong> ou \u00e0 <strong><a href=\"mailto:info@magazzinoperseo.it\">info@magazzinoperseo.it<\/a><\/strong> .\u00a0<\/p>\t\t\t\t\t\t\t\t<\/div>\n\t\t\t\t<\/div>\n\t\t\t\t\t<\/div>\n\t\t<\/div>\n\t\t\t\t\t<\/div>\n\t\t<\/section>\n\t\t\t\t<section class=\"elementor-section elementor-top-section elementor-element elementor-element-bca0116 elementor-section-boxed elementor-section-height-default elementor-section-height-default\" data-id=\"bca0116\" data-element_type=\"section\" data-e-type=\"section\">\n\t\t\t\t\t\t<div class=\"elementor-container elementor-column-gap-default\">\n\t\t\t\t\t<div class=\"elementor-column elementor-col-100 elementor-top-column elementor-element elementor-element-a58b580\" data-id=\"a58b580\" data-element_type=\"column\" data-e-type=\"column\">\n\t\t\t<div class=\"elementor-widget-wrap elementor-element-populated\">\n\t\t\t\t\t\t<div class=\"elementor-element elementor-element-ca368fc elementor-widget elementor-widget-spacer\" data-id=\"ca368fc\" data-element_type=\"widget\" data-e-type=\"widget\" data-widget_type=\"spacer.default\">\n\t\t\t\t<div class=\"elementor-widget-container\">\n\t\t\t\t\t\t\t<div class=\"elementor-spacer\">\n\t\t\t<div class=\"elementor-spacer-inner\"><\/div>\n\t\t<\/div>\n\t\t\t\t\t\t<\/div>\n\t\t\t\t<\/div>\n\t\t\t\t<div class=\"elementor-element elementor-element-7cbe26f elementor-align-center elementor-widget elementor-widget-button\" data-id=\"7cbe26f\" data-element_type=\"widget\" data-e-type=\"widget\" data-widget_type=\"button.default\">\n\t\t\t\t<div class=\"elementor-widget-container\">\n\t\t\t\t\t\t\t\t\t<div class=\"elementor-button-wrapper\">\n\t\t\t\t\t<a class=\"elementor-button elementor-button-link elementor-size-md\" href=\"https:\/\/abcprato.it\/fr\/contactez-nous\/\">\n\t\t\t\t\t\t<span class=\"elementor-button-content-wrapper\">\n\t\t\t\t\t\t\t\t\t<span class=\"elementor-button-text\">Contactez-nous<\/span>\n\t\t\t\t\t<\/span>\n\t\t\t\t\t<\/a>\n\t\t\t\t<\/div>\n\t\t\t\t\t\t\t\t<\/div>\n\t\t\t\t<\/div>\n\t\t\t\t\t<\/div>\n\t\t<\/div>\n\t\t\t\t\t<\/div>\n\t\t<\/section>\n\t\t\t\t<section class=\"elementor-section elementor-top-section elementor-element elementor-element-abfe406 elementor-section-boxed elementor-section-height-default elementor-section-height-default\" data-id=\"abfe406\" data-element_type=\"section\" data-e-type=\"section\">\n\t\t\t\t\t\t<div class=\"elementor-container elementor-column-gap-default\">\n\t\t\t\t\t<div class=\"elementor-column elementor-col-100 elementor-top-column elementor-element elementor-element-b8a133b\" data-id=\"b8a133b\" data-element_type=\"column\" data-e-type=\"column\">\n\t\t\t<div class=\"elementor-widget-wrap\">\n\t\t\t\t\t\t\t<\/div>\n\t\t<\/div>\n\t\t\t\t\t<\/div>\n\t\t<\/section>\n\t\t\t\t<\/div>\n\t\t","protected":false},"excerpt":{"rendered":"<p>Nous vous attendons en Futurmoda 49, le salon international des composants, de tissus, du cuir et dans cette \u00e9dition sp\u00e9ciale de Mars, aussi de machinerie&#8230; <a class=\"read-more\" style=\"text-decoration:underline;\" href=\"https:\/\/abcprato.it\/fr\/evenements-et-salon\/futurmoda-49-march-2023-edition-retour-en-espagne-avec-notre-stand\/\">En savoir plus<\/a><\/p>\n","protected":false},"author":3,"featured_media":14344,"comment_status":"closed","ping_status":"closed","sticky":false,"template":"","format":"standard","meta":{"_acf_changed":false,"footnotes":""},"categories":[3],"tags":[],"class_list":["post-14402","post","type-post","status-publish","format-standard","has-post-thumbnail","hentry","category-eventi-e-fiere"],"acf":[],"yoast_head":"<!-- This site is optimized with the Yoast SEO plugin v27.2 - https:\/\/yoast.com\/product\/yoast-seo-wordpress\/ -->\n<title>Futurmoda 49, March 2023 edition : retour en Espagne avec notre stand - ABC Equipment &amp; Solutions<\/title>\n<meta name=\"description\" content=\"Nous sommes impatients de vous voir \u00e0 Futurmoda 49 - Stand B19 avec toutes nos nouveaut\u00e9s d\u00e9di\u00e9es au monde de la chaussure et du cuir.\" \/>\n<meta name=\"robots\" content=\"index, follow, max-snippet:-1, max-image-preview:large, max-video-preview:-1\" \/>\n<link rel=\"canonical\" href=\"https:\/\/abcprato.it\/fr\/evenements-et-salon\/futurmoda-49-march-2023-edition-retour-en-espagne-avec-notre-stand\/\" \/>\n<meta property=\"og:locale\" content=\"fr_FR\" \/>\n<meta property=\"og:type\" content=\"article\" \/>\n<meta property=\"og:title\" content=\"Futurmoda 49, March 2023 edition : retour en Espagne avec notre stand - ABC Equipment &amp; Solutions\" \/>\n<meta property=\"og:description\" content=\"Nous sommes impatients de vous voir \u00e0 Futurmoda 49 - Stand B19 avec toutes nos nouveaut\u00e9s d\u00e9di\u00e9es au monde de la chaussure et du cuir.\" \/>\n<meta property=\"og:url\" content=\"https:\/\/abcprato.it\/fr\/evenements-et-salon\/futurmoda-49-march-2023-edition-retour-en-espagne-avec-notre-stand\/\" \/>\n<meta property=\"og:site_name\" content=\"ABC Equipment &amp; Solutions\" \/>\n<meta property=\"article:published_time\" content=\"2023-02-07T14:52:16+00:00\" \/>\n<meta property=\"article:modified_time\" content=\"2023-03-01T14:37:02+00:00\" \/>\n<meta property=\"og:image\" content=\"https:\/\/abcprato.it\/wp-content\/uploads\/2023\/02\/abc-perseo-Futurmoda.jpg\" \/>\n\t<meta property=\"og:image:width\" content=\"1080\" \/>\n\t<meta property=\"og:image:height\" content=\"1080\" \/>\n\t<meta property=\"og:image:type\" content=\"image\/jpeg\" \/>\n<meta name=\"author\" content=\"Cecilia\" \/>\n<meta name=\"twitter:card\" content=\"summary_large_image\" \/>\n<meta name=\"twitter:label1\" content=\"\u00c9crit par\" \/>\n\t<meta name=\"twitter:data1\" content=\"Cecilia\" \/>\n\t<meta name=\"twitter:label2\" content=\"Dur\u00e9e de lecture estim\u00e9e\" \/>\n\t<meta name=\"twitter:data2\" content=\"3 minutes\" \/>\n<script type=\"application\/ld+json\" class=\"yoast-schema-graph\">{\"@context\":\"https:\/\/schema.org\",\"@graph\":[{\"@type\":\"Article\",\"@id\":\"https:\/\/abcprato.it\/fr\/evenements-et-salon\/futurmoda-49-march-2023-edition-retour-en-espagne-avec-notre-stand\/#article\",\"isPartOf\":{\"@id\":\"https:\/\/abcprato.it\/fr\/evenements-et-salon\/futurmoda-49-march-2023-edition-retour-en-espagne-avec-notre-stand\/\"},\"author\":{\"name\":\"Cecilia\",\"@id\":\"https:\/\/abcprato.it\/fr\/#\/schema\/person\/00ba479806c558acdde7a5906f2e4e24\"},\"headline\":\"Futurmoda 49, March 2023 edition : retour en Espagne avec notre stand\",\"datePublished\":\"2023-02-07T14:52:16+00:00\",\"dateModified\":\"2023-03-01T14:37:02+00:00\",\"mainEntityOfPage\":{\"@id\":\"https:\/\/abcprato.it\/fr\/evenements-et-salon\/futurmoda-49-march-2023-edition-retour-en-espagne-avec-notre-stand\/\"},\"wordCount\":268,\"publisher\":{\"@id\":\"https:\/\/abcprato.it\/fr\/#organization\"},\"image\":{\"@id\":\"https:\/\/abcprato.it\/fr\/evenements-et-salon\/futurmoda-49-march-2023-edition-retour-en-espagne-avec-notre-stand\/#primaryimage\"},\"thumbnailUrl\":\"https:\/\/abcprato.it\/wp-content\/uploads\/2023\/02\/abc-perseo-Futurmoda.jpg\",\"articleSection\":[\"Eventi &amp; Fiere\"],\"inLanguage\":\"fr-FR\"},{\"@type\":\"WebPage\",\"@id\":\"https:\/\/abcprato.it\/fr\/evenements-et-salon\/futurmoda-49-march-2023-edition-retour-en-espagne-avec-notre-stand\/\",\"url\":\"https:\/\/abcprato.it\/fr\/evenements-et-salon\/futurmoda-49-march-2023-edition-retour-en-espagne-avec-notre-stand\/\",\"name\":\"Futurmoda 49, March 2023 edition : retour en Espagne avec notre stand - ABC Equipment &amp; Solutions\",\"isPartOf\":{\"@id\":\"https:\/\/abcprato.it\/fr\/#website\"},\"primaryImageOfPage\":{\"@id\":\"https:\/\/abcprato.it\/fr\/evenements-et-salon\/futurmoda-49-march-2023-edition-retour-en-espagne-avec-notre-stand\/#primaryimage\"},\"image\":{\"@id\":\"https:\/\/abcprato.it\/fr\/evenements-et-salon\/futurmoda-49-march-2023-edition-retour-en-espagne-avec-notre-stand\/#primaryimage\"},\"thumbnailUrl\":\"https:\/\/abcprato.it\/wp-content\/uploads\/2023\/02\/abc-perseo-Futurmoda.jpg\",\"datePublished\":\"2023-02-07T14:52:16+00:00\",\"dateModified\":\"2023-03-01T14:37:02+00:00\",\"description\":\"Nous sommes impatients de vous voir \u00e0 Futurmoda 49 - Stand B19 avec toutes nos nouveaut\u00e9s d\u00e9di\u00e9es au monde de la chaussure et du cuir.\",\"breadcrumb\":{\"@id\":\"https:\/\/abcprato.it\/fr\/evenements-et-salon\/futurmoda-49-march-2023-edition-retour-en-espagne-avec-notre-stand\/#breadcrumb\"},\"inLanguage\":\"fr-FR\",\"potentialAction\":[{\"@type\":\"ReadAction\",\"target\":[\"https:\/\/abcprato.it\/fr\/evenements-et-salon\/futurmoda-49-march-2023-edition-retour-en-espagne-avec-notre-stand\/\"]}]},{\"@type\":\"ImageObject\",\"inLanguage\":\"fr-FR\",\"@id\":\"https:\/\/abcprato.it\/fr\/evenements-et-salon\/futurmoda-49-march-2023-edition-retour-en-espagne-avec-notre-stand\/#primaryimage\",\"url\":\"https:\/\/abcprato.it\/wp-content\/uploads\/2023\/02\/abc-perseo-Futurmoda.jpg\",\"contentUrl\":\"https:\/\/abcprato.it\/wp-content\/uploads\/2023\/02\/abc-perseo-Futurmoda.jpg\",\"width\":1080,\"height\":1080,\"caption\":\"abc-perseo-Futurmoda\"},{\"@type\":\"BreadcrumbList\",\"@id\":\"https:\/\/abcprato.it\/fr\/evenements-et-salon\/futurmoda-49-march-2023-edition-retour-en-espagne-avec-notre-stand\/#breadcrumb\",\"itemListElement\":[{\"@type\":\"ListItem\",\"position\":1,\"name\":\"Home\",\"item\":\"https:\/\/abcprato.it\/fr\/\"},{\"@type\":\"ListItem\",\"position\":2,\"name\":\"Futurmoda 49, March 2023 edition : retour en Espagne avec notre stand\"}]},{\"@type\":\"WebSite\",\"@id\":\"https:\/\/abcprato.it\/fr\/#website\",\"url\":\"https:\/\/abcprato.it\/fr\/\",\"name\":\"ABC Equipment &amp; Solutions\",\"description\":\"\",\"publisher\":{\"@id\":\"https:\/\/abcprato.it\/fr\/#organization\"},\"potentialAction\":[{\"@type\":\"SearchAction\",\"target\":{\"@type\":\"EntryPoint\",\"urlTemplate\":\"https:\/\/abcprato.it\/fr\/?s={search_term_string}\"},\"query-input\":{\"@type\":\"PropertyValueSpecification\",\"valueRequired\":true,\"valueName\":\"search_term_string\"}}],\"inLanguage\":\"fr-FR\"},{\"@type\":\"Organization\",\"@id\":\"https:\/\/abcprato.it\/fr\/#organization\",\"name\":\"ABC Equipment & Solutions\",\"url\":\"https:\/\/abcprato.it\/fr\/\",\"logo\":{\"@type\":\"ImageObject\",\"inLanguage\":\"fr-FR\",\"@id\":\"https:\/\/abcprato.it\/fr\/#\/schema\/logo\/image\/\",\"url\":\"https:\/\/abcprato.it\/wp-content\/uploads\/2021\/01\/ABC-logo-2021.svg\",\"contentUrl\":\"https:\/\/abcprato.it\/wp-content\/uploads\/2021\/01\/ABC-logo-2021.svg\",\"width\":1,\"height\":1,\"caption\":\"ABC Equipment & Solutions\"},\"image\":{\"@id\":\"https:\/\/abcprato.it\/fr\/#\/schema\/logo\/image\/\"}},{\"@type\":\"Person\",\"@id\":\"https:\/\/abcprato.it\/fr\/#\/schema\/person\/00ba479806c558acdde7a5906f2e4e24\",\"name\":\"Cecilia\",\"image\":{\"@type\":\"ImageObject\",\"inLanguage\":\"fr-FR\",\"@id\":\"https:\/\/secure.gravatar.com\/avatar\/a59e665831e28f87b0e0b2993ccc300369a11814b880d658ae5ff4ed0d8687d0?s=96&d=mm&r=g\",\"url\":\"https:\/\/secure.gravatar.com\/avatar\/a59e665831e28f87b0e0b2993ccc300369a11814b880d658ae5ff4ed0d8687d0?s=96&d=mm&r=g\",\"contentUrl\":\"https:\/\/secure.gravatar.com\/avatar\/a59e665831e28f87b0e0b2993ccc300369a11814b880d658ae5ff4ed0d8687d0?s=96&d=mm&r=g\",\"caption\":\"Cecilia\"},\"url\":\"https:\/\/abcprato.it\/fr\/author\/cecilia\/\"}]}<\/script>\n<!-- \/ Yoast SEO plugin. -->","yoast_head_json":{"title":"Futurmoda 49, March 2023 edition : retour en Espagne avec notre stand - ABC Equipment &amp; Solutions","description":"Nous sommes impatients de vous voir \u00e0 Futurmoda 49 - Stand B19 avec toutes nos nouveaut\u00e9s d\u00e9di\u00e9es au monde de la chaussure et du cuir.","robots":{"index":"index","follow":"follow","max-snippet":"max-snippet:-1","max-image-preview":"max-image-preview:large","max-video-preview":"max-video-preview:-1"},"canonical":"https:\/\/abcprato.it\/fr\/evenements-et-salon\/futurmoda-49-march-2023-edition-retour-en-espagne-avec-notre-stand\/","og_locale":"fr_FR","og_type":"article","og_title":"Futurmoda 49, March 2023 edition : retour en Espagne avec notre stand - ABC Equipment &amp; Solutions","og_description":"Nous sommes impatients de vous voir \u00e0 Futurmoda 49 - Stand B19 avec toutes nos nouveaut\u00e9s d\u00e9di\u00e9es au monde de la chaussure et du cuir.","og_url":"https:\/\/abcprato.it\/fr\/evenements-et-salon\/futurmoda-49-march-2023-edition-retour-en-espagne-avec-notre-stand\/","og_site_name":"ABC Equipment &amp; Solutions","article_published_time":"2023-02-07T14:52:16+00:00","article_modified_time":"2023-03-01T14:37:02+00:00","og_image":[{"width":1080,"height":1080,"url":"https:\/\/abcprato.it\/wp-content\/uploads\/2023\/02\/abc-perseo-Futurmoda.jpg","type":"image\/jpeg"}],"author":"Cecilia","twitter_card":"summary_large_image","twitter_misc":{"\u00c9crit par":"Cecilia","Dur\u00e9e de lecture estim\u00e9e":"3 minutes"},"schema":{"@context":"https:\/\/schema.org","@graph":[{"@type":"Article","@id":"https:\/\/abcprato.it\/fr\/evenements-et-salon\/futurmoda-49-march-2023-edition-retour-en-espagne-avec-notre-stand\/#article","isPartOf":{"@id":"https:\/\/abcprato.it\/fr\/evenements-et-salon\/futurmoda-49-march-2023-edition-retour-en-espagne-avec-notre-stand\/"},"author":{"name":"Cecilia","@id":"https:\/\/abcprato.it\/fr\/#\/schema\/person\/00ba479806c558acdde7a5906f2e4e24"},"headline":"Futurmoda 49, March 2023 edition : retour en Espagne avec notre stand","datePublished":"2023-02-07T14:52:16+00:00","dateModified":"2023-03-01T14:37:02+00:00","mainEntityOfPage":{"@id":"https:\/\/abcprato.it\/fr\/evenements-et-salon\/futurmoda-49-march-2023-edition-retour-en-espagne-avec-notre-stand\/"},"wordCount":268,"publisher":{"@id":"https:\/\/abcprato.it\/fr\/#organization"},"image":{"@id":"https:\/\/abcprato.it\/fr\/evenements-et-salon\/futurmoda-49-march-2023-edition-retour-en-espagne-avec-notre-stand\/#primaryimage"},"thumbnailUrl":"https:\/\/abcprato.it\/wp-content\/uploads\/2023\/02\/abc-perseo-Futurmoda.jpg","articleSection":["Eventi &amp; Fiere"],"inLanguage":"fr-FR"},{"@type":"WebPage","@id":"https:\/\/abcprato.it\/fr\/evenements-et-salon\/futurmoda-49-march-2023-edition-retour-en-espagne-avec-notre-stand\/","url":"https:\/\/abcprato.it\/fr\/evenements-et-salon\/futurmoda-49-march-2023-edition-retour-en-espagne-avec-notre-stand\/","name":"Futurmoda 49, March 2023 edition : retour en Espagne avec notre stand - ABC Equipment &amp; Solutions","isPartOf":{"@id":"https:\/\/abcprato.it\/fr\/#website"},"primaryImageOfPage":{"@id":"https:\/\/abcprato.it\/fr\/evenements-et-salon\/futurmoda-49-march-2023-edition-retour-en-espagne-avec-notre-stand\/#primaryimage"},"image":{"@id":"https:\/\/abcprato.it\/fr\/evenements-et-salon\/futurmoda-49-march-2023-edition-retour-en-espagne-avec-notre-stand\/#primaryimage"},"thumbnailUrl":"https:\/\/abcprato.it\/wp-content\/uploads\/2023\/02\/abc-perseo-Futurmoda.jpg","datePublished":"2023-02-07T14:52:16+00:00","dateModified":"2023-03-01T14:37:02+00:00","description":"Nous sommes impatients de vous voir \u00e0 Futurmoda 49 - Stand B19 avec toutes nos nouveaut\u00e9s d\u00e9di\u00e9es au monde de la chaussure et du cuir.","breadcrumb":{"@id":"https:\/\/abcprato.it\/fr\/evenements-et-salon\/futurmoda-49-march-2023-edition-retour-en-espagne-avec-notre-stand\/#breadcrumb"},"inLanguage":"fr-FR","potentialAction":[{"@type":"ReadAction","target":["https:\/\/abcprato.it\/fr\/evenements-et-salon\/futurmoda-49-march-2023-edition-retour-en-espagne-avec-notre-stand\/"]}]},{"@type":"ImageObject","inLanguage":"fr-FR","@id":"https:\/\/abcprato.it\/fr\/evenements-et-salon\/futurmoda-49-march-2023-edition-retour-en-espagne-avec-notre-stand\/#primaryimage","url":"https:\/\/abcprato.it\/wp-content\/uploads\/2023\/02\/abc-perseo-Futurmoda.jpg","contentUrl":"https:\/\/abcprato.it\/wp-content\/uploads\/2023\/02\/abc-perseo-Futurmoda.jpg","width":1080,"height":1080,"caption":"abc-perseo-Futurmoda"},{"@type":"BreadcrumbList","@id":"https:\/\/abcprato.it\/fr\/evenements-et-salon\/futurmoda-49-march-2023-edition-retour-en-espagne-avec-notre-stand\/#breadcrumb","itemListElement":[{"@type":"ListItem","position":1,"name":"Home","item":"https:\/\/abcprato.it\/fr\/"},{"@type":"ListItem","position":2,"name":"Futurmoda 49, March 2023 edition : retour en Espagne avec notre stand"}]},{"@type":"WebSite","@id":"https:\/\/abcprato.it\/fr\/#website","url":"https:\/\/abcprato.it\/fr\/","name":"ABC Equipment &amp; Solutions","description":"","publisher":{"@id":"https:\/\/abcprato.it\/fr\/#organization"},"potentialAction":[{"@type":"SearchAction","target":{"@type":"EntryPoint","urlTemplate":"https:\/\/abcprato.it\/fr\/?s={search_term_string}"},"query-input":{"@type":"PropertyValueSpecification","valueRequired":true,"valueName":"search_term_string"}}],"inLanguage":"fr-FR"},{"@type":"Organization","@id":"https:\/\/abcprato.it\/fr\/#organization","name":"ABC Equipment & Solutions","url":"https:\/\/abcprato.it\/fr\/","logo":{"@type":"ImageObject","inLanguage":"fr-FR","@id":"https:\/\/abcprato.it\/fr\/#\/schema\/logo\/image\/","url":"https:\/\/abcprato.it\/wp-content\/uploads\/2021\/01\/ABC-logo-2021.svg","contentUrl":"https:\/\/abcprato.it\/wp-content\/uploads\/2021\/01\/ABC-logo-2021.svg","width":1,"height":1,"caption":"ABC Equipment & Solutions"},"image":{"@id":"https:\/\/abcprato.it\/fr\/#\/schema\/logo\/image\/"}},{"@type":"Person","@id":"https:\/\/abcprato.it\/fr\/#\/schema\/person\/00ba479806c558acdde7a5906f2e4e24","name":"Cecilia","image":{"@type":"ImageObject","inLanguage":"fr-FR","@id":"https:\/\/secure.gravatar.com\/avatar\/a59e665831e28f87b0e0b2993ccc300369a11814b880d658ae5ff4ed0d8687d0?s=96&d=mm&r=g","url":"https:\/\/secure.gravatar.com\/avatar\/a59e665831e28f87b0e0b2993ccc300369a11814b880d658ae5ff4ed0d8687d0?s=96&d=mm&r=g","contentUrl":"https:\/\/secure.gravatar.com\/avatar\/a59e665831e28f87b0e0b2993ccc300369a11814b880d658ae5ff4ed0d8687d0?s=96&d=mm&r=g","caption":"Cecilia"},"url":"https:\/\/abcprato.it\/fr\/author\/cecilia\/"}]}},"_links":{"self":[{"href":"https:\/\/abcprato.it\/fr\/wp-json\/wp\/v2\/posts\/14402","targetHints":{"allow":["GET"]}}],"collection":[{"href":"https:\/\/abcprato.it\/fr\/wp-json\/wp\/v2\/posts"}],"about":[{"href":"https:\/\/abcprato.it\/fr\/wp-json\/wp\/v2\/types\/post"}],"author":[{"embeddable":true,"href":"https:\/\/abcprato.it\/fr\/wp-json\/wp\/v2\/users\/3"}],"replies":[{"embeddable":true,"href":"https:\/\/abcprato.it\/fr\/wp-json\/wp\/v2\/comments?post=14402"}],"version-history":[{"count":11,"href":"https:\/\/abcprato.it\/fr\/wp-json\/wp\/v2\/posts\/14402\/revisions"}],"predecessor-version":[{"id":14681,"href":"https:\/\/abcprato.it\/fr\/wp-json\/wp\/v2\/posts\/14402\/revisions\/14681"}],"wp:featuredmedia":[{"embeddable":true,"href":"https:\/\/abcprato.it\/fr\/wp-json\/wp\/v2\/media\/14344"}],"wp:attachment":[{"href":"https:\/\/abcprato.it\/fr\/wp-json\/wp\/v2\/media?parent=14402"}],"wp:term":[{"taxonomy":"category","embeddable":true,"href":"https:\/\/abcprato.it\/fr\/wp-json\/wp\/v2\/categories?post=14402"},{"taxonomy":"post_tag","embeddable":true,"href":"https:\/\/abcprato.it\/fr\/wp-json\/wp\/v2\/tags?post=14402"}],"curies":[{"name":"wp","href":"https:\/\/api.w.org\/{rel}","templated":true}]}}