{"id":26095,"date":"2024-06-04T12:34:31","date_gmt":"2024-06-04T10:34:31","guid":{"rendered":"https:\/\/abcprato.it\/?p=26095"},"modified":"2024-06-04T15:27:02","modified_gmt":"2024-06-04T13:27:02","slug":"open-house-paco-bazan-du-18-au-21-juin","status":"publish","type":"post","link":"https:\/\/abcprato.it\/fr\/evenements-et-salon\/open-house-paco-bazan-du-18-au-21-juin\/","title":{"rendered":"Open House Paco Bazan du 18 au 21 juin : d\u00e9couvrez notre prochain \u00e9v\u00e9nement"},"content":{"rendered":"\t\t<div data-elementor-type=\"wp-post\" data-elementor-id=\"26095\" class=\"elementor elementor-26095 elementor-26061\" data-elementor-post-type=\"post\">\n\t\t\t\t\t\t<section class=\"elementor-section elementor-top-section elementor-element elementor-element-767b98b elementor-section-boxed elementor-section-height-default elementor-section-height-default\" data-id=\"767b98b\" data-element_type=\"section\" data-e-type=\"section\">\n\t\t\t\t\t\t<div class=\"elementor-container elementor-column-gap-default\">\n\t\t\t\t\t<div class=\"elementor-column elementor-col-100 elementor-top-column elementor-element elementor-element-2be3ef5\" data-id=\"2be3ef5\" data-element_type=\"column\" data-e-type=\"column\">\n\t\t\t<div class=\"elementor-widget-wrap elementor-element-populated\">\n\t\t\t\t\t\t<div class=\"elementor-element elementor-element-ab870e7 elementor-widget elementor-widget-text-editor\" data-id=\"ab870e7\" data-element_type=\"widget\" data-e-type=\"widget\" data-widget_type=\"text-editor.default\">\n\t\t\t\t<div class=\"elementor-widget-container\">\n\t\t\t\t\t\t\t\t\t<p>Ne manquez pas le prochain \u00e9v\u00e9nement : \u00ab\u00a0<strong>3e edition Open House \u2013 Evento Technologique<\/strong>\u00a0\u00bb chez le d\u00e9taillant Paco Bazan <strong>du 18 au 21 juin 2024<\/strong>. <br \/>Venez nous rendre visite \u00e0 <strong>Ubrique<\/strong>, en <strong>Espagne<\/strong>, pour d\u00e9couvrir tous les derniers \u00e9quipements ABC d\u00e9di\u00e9s \u00e0 la chaussure et \u00e0 la maroquinerie.<\/p>\t\t\t\t\t\t\t\t<\/div>\n\t\t\t\t<\/div>\n\t\t\t\t\t<\/div>\n\t\t<\/div>\n\t\t\t\t\t<\/div>\n\t\t<\/section>\n\t\t\t\t<section class=\"elementor-section elementor-top-section elementor-element elementor-element-06d6f61 elementor-section-boxed elementor-section-height-default elementor-section-height-default\" data-id=\"06d6f61\" data-element_type=\"section\" data-e-type=\"section\">\n\t\t\t\t\t\t<div class=\"elementor-container elementor-column-gap-default\">\n\t\t\t\t\t<div class=\"elementor-column elementor-col-33 elementor-top-column elementor-element elementor-element-92a7de7\" data-id=\"92a7de7\" data-element_type=\"column\" data-e-type=\"column\">\n\t\t\t<div class=\"elementor-widget-wrap\">\n\t\t\t\t\t\t\t<\/div>\n\t\t<\/div>\n\t\t\t\t<div class=\"elementor-column elementor-col-33 elementor-top-column elementor-element elementor-element-aa387f8\" data-id=\"aa387f8\" data-element_type=\"column\" data-e-type=\"column\">\n\t\t\t<div class=\"elementor-widget-wrap elementor-element-populated\">\n\t\t\t\t\t\t<div class=\"elementor-element elementor-element-d6ae48f elementor-widget elementor-widget-image\" data-id=\"d6ae48f\" data-element_type=\"widget\" data-e-type=\"widget\" data-widget_type=\"image.default\">\n\t\t\t\t<div class=\"elementor-widget-container\">\n\t\t\t\t\t\t\t\t\t\t\t\t\t\t\t\t<a href=\"https:\/\/abcprato.it\/wp-content\/uploads\/2024\/06\/poster-evenement-open-house-technologique-paco-bazan.jpg\" data-elementor-open-lightbox=\"yes\" data-e-action-hash=\"#elementor-action%3Aaction%3Dlightbox%26settings%3DeyJpZCI6MjYwOTcsInVybCI6Imh0dHBzOlwvXC9hYmNwcmF0by5pdFwvd3AtY29udGVudFwvdXBsb2Fkc1wvMjAyNFwvMDZcL3Bvc3Rlci1ldmVuZW1lbnQtb3Blbi1ob3VzZS10ZWNobm9sb2dpcXVlLXBhY28tYmF6YW4uanBnIn0%3D\">\n\t\t\t\t\t\t\t<img fetchpriority=\"high\" decoding=\"async\" width=\"683\" height=\"1024\" src=\"https:\/\/abcprato.it\/wp-content\/uploads\/2024\/06\/poster-evenement-open-house-technologique-paco-bazan-683x1024.jpg\" class=\"attachment-large size-large wp-image-26097\" alt=\"poster-evenement-open-house-technologique-paco-bazan\" srcset=\"https:\/\/abcprato.it\/wp-content\/uploads\/2024\/06\/poster-evenement-open-house-technologique-paco-bazan-683x1024.jpg 683w, https:\/\/abcprato.it\/wp-content\/uploads\/2024\/06\/poster-evenement-open-house-technologique-paco-bazan-200x300.jpg 200w, https:\/\/abcprato.it\/wp-content\/uploads\/2024\/06\/poster-evenement-open-house-technologique-paco-bazan-768x1152.jpg 768w, https:\/\/abcprato.it\/wp-content\/uploads\/2024\/06\/poster-evenement-open-house-technologique-paco-bazan-16x24.jpg 16w, https:\/\/abcprato.it\/wp-content\/uploads\/2024\/06\/poster-evenement-open-house-technologique-paco-bazan-24x36.jpg 24w, https:\/\/abcprato.it\/wp-content\/uploads\/2024\/06\/poster-evenement-open-house-technologique-paco-bazan-32x48.jpg 32w, https:\/\/abcprato.it\/wp-content\/uploads\/2024\/06\/poster-evenement-open-house-technologique-paco-bazan.jpg 1000w\" sizes=\"(max-width: 683px) 100vw, 683px\" \/>\t\t\t\t\t\t\t\t<\/a>\n\t\t\t\t\t\t\t\t\t\t\t\t\t\t\t<\/div>\n\t\t\t\t<\/div>\n\t\t\t\t\t<\/div>\n\t\t<\/div>\n\t\t\t\t<div class=\"elementor-column elementor-col-33 elementor-top-column elementor-element elementor-element-249b35a\" data-id=\"249b35a\" data-element_type=\"column\" data-e-type=\"column\">\n\t\t\t<div class=\"elementor-widget-wrap\">\n\t\t\t\t\t\t\t<\/div>\n\t\t<\/div>\n\t\t\t\t\t<\/div>\n\t\t<\/section>\n\t\t\t\t<section class=\"elementor-section elementor-top-section elementor-element elementor-element-2c80d74 elementor-section-boxed elementor-section-height-default elementor-section-height-default\" data-id=\"2c80d74\" data-element_type=\"section\" data-e-type=\"section\">\n\t\t\t\t\t\t<div class=\"elementor-container elementor-column-gap-default\">\n\t\t\t\t\t<div class=\"elementor-column elementor-col-100 elementor-top-column elementor-element elementor-element-39a9772\" data-id=\"39a9772\" data-element_type=\"column\" data-e-type=\"column\">\n\t\t\t<div class=\"elementor-widget-wrap elementor-element-populated\">\n\t\t\t\t\t\t<div class=\"elementor-element elementor-element-e68b326 elementor-widget elementor-widget-spacer\" data-id=\"e68b326\" data-element_type=\"widget\" data-e-type=\"widget\" data-widget_type=\"spacer.default\">\n\t\t\t\t<div class=\"elementor-widget-container\">\n\t\t\t\t\t\t\t<div class=\"elementor-spacer\">\n\t\t\t<div class=\"elementor-spacer-inner\"><\/div>\n\t\t<\/div>\n\t\t\t\t\t\t<\/div>\n\t\t\t\t<\/div>\n\t\t\t\t\t<\/div>\n\t\t<\/div>\n\t\t\t\t\t<\/div>\n\t\t<\/section>\n\t\t\t\t<section class=\"elementor-section elementor-top-section elementor-element elementor-element-3d1fb72 elementor-section-boxed elementor-section-height-default elementor-section-height-default\" data-id=\"3d1fb72\" data-element_type=\"section\" data-e-type=\"section\">\n\t\t\t\t\t\t<div class=\"elementor-container elementor-column-gap-default\">\n\t\t\t\t\t<div class=\"elementor-column elementor-col-100 elementor-top-column elementor-element elementor-element-b1d6c2a\" data-id=\"b1d6c2a\" data-element_type=\"column\" data-e-type=\"column\">\n\t\t\t<div class=\"elementor-widget-wrap elementor-element-populated\">\n\t\t\t\t\t\t<div class=\"elementor-element elementor-element-6c77b32 elementor-widget elementor-widget-heading\" data-id=\"6c77b32\" data-element_type=\"widget\" data-e-type=\"widget\" data-widget_type=\"heading.default\">\n\t\t\t\t<div class=\"elementor-widget-container\">\n\t\t\t\t\t<h2 class=\"elementor-heading-title elementor-size-default\">Nous vous attendons \u00e0 Ubrique<\/h2>\t\t\t\t<\/div>\n\t\t\t\t<\/div>\n\t\t\t\t\t<\/div>\n\t\t<\/div>\n\t\t\t\t\t<\/div>\n\t\t<\/section>\n\t\t\t\t<section class=\"elementor-section elementor-top-section elementor-element elementor-element-11e6717 elementor-section-boxed elementor-section-height-default elementor-section-height-default\" data-id=\"11e6717\" data-element_type=\"section\" data-e-type=\"section\">\n\t\t\t\t\t\t<div class=\"elementor-container elementor-column-gap-default\">\n\t\t\t\t\t<div class=\"elementor-column elementor-col-100 elementor-top-column elementor-element elementor-element-1b6f101\" data-id=\"1b6f101\" data-element_type=\"column\" data-e-type=\"column\">\n\t\t\t<div class=\"elementor-widget-wrap elementor-element-populated\">\n\t\t\t\t\t\t<div class=\"elementor-element elementor-element-6789130 elementor-widget elementor-widget-text-editor\" data-id=\"6789130\" data-element_type=\"widget\" data-e-type=\"widget\" data-widget_type=\"text-editor.default\">\n\t\t\t\t<div class=\"elementor-widget-container\">\n\t\t\t\t\t\t\t\t\t<p>Les troisi\u00e8mes edition de Open House Technologique se d\u00e9roule directement au si\u00e8ge du d\u00e9taillant <a href=\"https:\/\/www.pacobazan.es\/\"><strong><u>Paco Bazan<\/u><\/strong><\/a>\u00a0\u00e0 Ubrique (Espagne), qui ouvrira les portes de sa salle d&rsquo;exposition du 18 au 21 juin.<\/p><p>Vous trouverez une large gamme de produits d\u00e9di\u00e9s \u00e0 l&rsquo;<strong>atelier de la chaussure et de la maroquinerie<\/strong>, notamment des <strong>\u00e9quipements ABC <\/strong>tels que des chevalet porte-peaux, des meubles pour EP, des chariots \u00e0 rouleaux, des chariots \u00e0 sacs&#8230; <br \/>L&rsquo;objectif de nos articles est d&rsquo;am\u00e9liorer le temps et les m\u00e9thodes dans le d\u00e9partement, de trouver imm\u00e9diatement ce dont vous avez besoin et d&rsquo;optimiser la production de produits. <\/p>\t\t\t\t\t\t\t\t<\/div>\n\t\t\t\t<\/div>\n\t\t\t\t\t<\/div>\n\t\t<\/div>\n\t\t\t\t\t<\/div>\n\t\t<\/section>\n\t\t\t\t<section class=\"elementor-section elementor-top-section elementor-element elementor-element-799e908 elementor-section-boxed elementor-section-height-default elementor-section-height-default\" data-id=\"799e908\" data-element_type=\"section\" data-e-type=\"section\">\n\t\t\t\t\t\t<div class=\"elementor-container elementor-column-gap-default\">\n\t\t\t\t\t<div class=\"elementor-column elementor-col-100 elementor-top-column elementor-element elementor-element-9397365\" data-id=\"9397365\" data-element_type=\"column\" data-e-type=\"column\">\n\t\t\t<div class=\"elementor-widget-wrap elementor-element-populated\">\n\t\t\t\t\t\t<div class=\"elementor-element elementor-element-a3734d0 elementor-widget elementor-widget-image\" data-id=\"a3734d0\" data-element_type=\"widget\" data-e-type=\"widget\" data-widget_type=\"image.default\">\n\t\t\t\t<div class=\"elementor-widget-container\">\n\t\t\t\t\t\t\t\t\t\t\t\t\t\t\t<img decoding=\"async\" width=\"800\" height=\"534\" src=\"https:\/\/abcprato.it\/wp-content\/uploads\/2024\/06\/open-house-technologique-paco-bazan-18-21-juin-1024x683.jpg\" class=\"attachment-large size-large wp-image-26101\" alt=\"\" srcset=\"https:\/\/abcprato.it\/wp-content\/uploads\/2024\/06\/open-house-technologique-paco-bazan-18-21-juin-1024x683.jpg 1024w, https:\/\/abcprato.it\/wp-content\/uploads\/2024\/06\/open-house-technologique-paco-bazan-18-21-juin-300x200.jpg 300w, https:\/\/abcprato.it\/wp-content\/uploads\/2024\/06\/open-house-technologique-paco-bazan-18-21-juin-768x512.jpg 768w, https:\/\/abcprato.it\/wp-content\/uploads\/2024\/06\/open-house-technologique-paco-bazan-18-21-juin-24x16.jpg 24w, https:\/\/abcprato.it\/wp-content\/uploads\/2024\/06\/open-house-technologique-paco-bazan-18-21-juin-36x24.jpg 36w, https:\/\/abcprato.it\/wp-content\/uploads\/2024\/06\/open-house-technologique-paco-bazan-18-21-juin-48x32.jpg 48w, https:\/\/abcprato.it\/wp-content\/uploads\/2024\/06\/open-house-technologique-paco-bazan-18-21-juin.jpg 1500w\" sizes=\"(max-width: 800px) 100vw, 800px\" \/>\t\t\t\t\t\t\t\t\t\t\t\t\t\t\t<\/div>\n\t\t\t\t<\/div>\n\t\t\t\t\t<\/div>\n\t\t<\/div>\n\t\t\t\t\t<\/div>\n\t\t<\/section>\n\t\t\t\t<section class=\"elementor-section elementor-top-section elementor-element elementor-element-22efa25 elementor-section-boxed elementor-section-height-default elementor-section-height-default\" data-id=\"22efa25\" data-element_type=\"section\" data-e-type=\"section\">\n\t\t\t\t\t\t<div class=\"elementor-container elementor-column-gap-default\">\n\t\t\t\t\t<div class=\"elementor-column elementor-col-100 elementor-top-column elementor-element elementor-element-a06541b\" data-id=\"a06541b\" data-element_type=\"column\" data-e-type=\"column\">\n\t\t\t<div class=\"elementor-widget-wrap elementor-element-populated\">\n\t\t\t\t\t\t<div class=\"elementor-element elementor-element-60bdad4 elementor-widget elementor-widget-spacer\" data-id=\"60bdad4\" data-element_type=\"widget\" data-e-type=\"widget\" data-widget_type=\"spacer.default\">\n\t\t\t\t<div class=\"elementor-widget-container\">\n\t\t\t\t\t\t\t<div class=\"elementor-spacer\">\n\t\t\t<div class=\"elementor-spacer-inner\"><\/div>\n\t\t<\/div>\n\t\t\t\t\t\t<\/div>\n\t\t\t\t<\/div>\n\t\t\t\t\t<\/div>\n\t\t<\/div>\n\t\t\t\t\t<\/div>\n\t\t<\/section>\n\t\t\t\t<section class=\"elementor-section elementor-top-section elementor-element elementor-element-358875d elementor-section-boxed elementor-section-height-default elementor-section-height-default\" data-id=\"358875d\" data-element_type=\"section\" data-e-type=\"section\">\n\t\t\t\t\t\t<div class=\"elementor-container elementor-column-gap-default\">\n\t\t\t\t\t<div class=\"elementor-column elementor-col-100 elementor-top-column elementor-element elementor-element-d76f586\" data-id=\"d76f586\" data-element_type=\"column\" data-e-type=\"column\">\n\t\t\t<div class=\"elementor-widget-wrap elementor-element-populated\">\n\t\t\t\t\t\t<div class=\"elementor-element elementor-element-9ea900d elementor-widget elementor-widget-text-editor\" data-id=\"9ea900d\" data-element_type=\"widget\" data-e-type=\"widget\" data-widget_type=\"text-editor.default\">\n\t\t\t\t<div class=\"elementor-widget-container\">\n\t\t\t\t\t\t\t\t\t<p>Voici ce que l&rsquo;on peut attendre des journ\u00e9es de l&rsquo;\u00e9v\u00e9nement :<\/p>\t\t\t\t\t\t\t\t<\/div>\n\t\t\t\t<\/div>\n\t\t\t\t\t<\/div>\n\t\t<\/div>\n\t\t\t\t\t<\/div>\n\t\t<\/section>\n\t\t\t\t<section class=\"elementor-section elementor-top-section elementor-element elementor-element-432c346 elementor-section-boxed elementor-section-height-default elementor-section-height-default\" data-id=\"432c346\" data-element_type=\"section\" data-e-type=\"section\">\n\t\t\t\t\t\t<div class=\"elementor-container elementor-column-gap-default\">\n\t\t\t\t\t<div class=\"elementor-column elementor-col-100 elementor-top-column elementor-element elementor-element-bfd7dcc\" data-id=\"bfd7dcc\" data-element_type=\"column\" data-e-type=\"column\">\n\t\t\t<div class=\"elementor-widget-wrap elementor-element-populated\">\n\t\t\t\t\t\t<div class=\"elementor-element elementor-element-6e2a829 elementor-widget elementor-widget-heading\" data-id=\"6e2a829\" data-element_type=\"widget\" data-e-type=\"widget\" data-widget_type=\"heading.default\">\n\t\t\t\t<div class=\"elementor-widget-container\">\n\t\t\t\t\t<h3 class=\"elementor-heading-title elementor-size-default\">1. Pr\u00e9sentation de l'\u00e9quipement<\/h3>\t\t\t\t<\/div>\n\t\t\t\t<\/div>\n\t\t\t\t<div class=\"elementor-element elementor-element-58b98ba elementor-widget elementor-widget-text-editor\" data-id=\"58b98ba\" data-element_type=\"widget\" data-e-type=\"widget\" data-widget_type=\"text-editor.default\">\n\t\t\t\t<div class=\"elementor-widget-container\">\n\t\t\t\t\t\t\t\t\t<ul><li>Possibilit\u00e9 de voir de pr\u00e8s et de toucher les \u00e9quipements ABC en acier galvanis\u00e9 destin\u00e9s \u00e0 la production de chaussures et d&rsquo;articles en cuir.<\/li><\/ul><ul><li>Notre personnel du d\u00e9partement commercial sera pr\u00e9sent pour expliquer tous les produits et r\u00e9pondre \u00e0 toutes les questions.<\/li><\/ul>\t\t\t\t\t\t\t\t<\/div>\n\t\t\t\t<\/div>\n\t\t\t\t<div class=\"elementor-element elementor-element-e134173 elementor-widget elementor-widget-spacer\" data-id=\"e134173\" data-element_type=\"widget\" data-e-type=\"widget\" data-widget_type=\"spacer.default\">\n\t\t\t\t<div class=\"elementor-widget-container\">\n\t\t\t\t\t\t\t<div class=\"elementor-spacer\">\n\t\t\t<div class=\"elementor-spacer-inner\"><\/div>\n\t\t<\/div>\n\t\t\t\t\t\t<\/div>\n\t\t\t\t<\/div>\n\t\t\t\t\t<\/div>\n\t\t<\/div>\n\t\t\t\t\t<\/div>\n\t\t<\/section>\n\t\t\t\t<section class=\"elementor-section elementor-top-section elementor-element elementor-element-28da7a5 elementor-section-boxed elementor-section-height-default elementor-section-height-default\" data-id=\"28da7a5\" data-element_type=\"section\" data-e-type=\"section\">\n\t\t\t\t\t\t<div class=\"elementor-container elementor-column-gap-default\">\n\t\t\t\t\t<div class=\"elementor-column elementor-col-100 elementor-top-column elementor-element elementor-element-c3be691\" data-id=\"c3be691\" data-element_type=\"column\" data-e-type=\"column\">\n\t\t\t<div class=\"elementor-widget-wrap elementor-element-populated\">\n\t\t\t\t\t\t<div class=\"elementor-element elementor-element-d073287 elementor-widget elementor-widget-heading\" data-id=\"d073287\" data-element_type=\"widget\" data-e-type=\"widget\" data-widget_type=\"heading.default\">\n\t\t\t\t<div class=\"elementor-widget-container\">\n\t\t\t\t\t<h3 class=\"elementor-heading-title elementor-size-default\">2. Conseils personnalis\u00e9s<\/h3>\t\t\t\t<\/div>\n\t\t\t\t<\/div>\n\t\t\t\t<div class=\"elementor-element elementor-element-16bea40 elementor-widget elementor-widget-text-editor\" data-id=\"16bea40\" data-element_type=\"widget\" data-e-type=\"widget\" data-widget_type=\"text-editor.default\">\n\t\t\t\t<div class=\"elementor-widget-container\">\n\t\t\t\t\t\t\t\t\t<ul><li>Notre personnel sera \u00e0 votre disposition pour vous fournir des conseils sur mesure et vous recommander la meilleure solution pour optimiser les processus de production dans le d\u00e9partement, en am\u00e9liorant le temp et les m\u00e9thodes.<\/li><\/ul><ul><li>Prenez rendez-vous avec notre personnel qui vous proposera l&rsquo;\u00e9quipement id\u00e9al pour optimiser la production dans l&rsquo;atelier.<\/li><\/ul>\t\t\t\t\t\t\t\t<\/div>\n\t\t\t\t<\/div>\n\t\t\t\t<div class=\"elementor-element elementor-element-fefe1e7 elementor-widget elementor-widget-spacer\" data-id=\"fefe1e7\" data-element_type=\"widget\" data-e-type=\"widget\" data-widget_type=\"spacer.default\">\n\t\t\t\t<div class=\"elementor-widget-container\">\n\t\t\t\t\t\t\t<div class=\"elementor-spacer\">\n\t\t\t<div class=\"elementor-spacer-inner\"><\/div>\n\t\t<\/div>\n\t\t\t\t\t\t<\/div>\n\t\t\t\t<\/div>\n\t\t\t\t\t<\/div>\n\t\t<\/div>\n\t\t\t\t\t<\/div>\n\t\t<\/section>\n\t\t\t\t<section class=\"elementor-section elementor-top-section elementor-element elementor-element-d883a5a elementor-section-boxed elementor-section-height-default elementor-section-height-default\" data-id=\"d883a5a\" data-element_type=\"section\" data-e-type=\"section\">\n\t\t\t\t\t\t<div class=\"elementor-container elementor-column-gap-default\">\n\t\t\t\t\t<div class=\"elementor-column elementor-col-100 elementor-top-column elementor-element elementor-element-3df590d\" data-id=\"3df590d\" data-element_type=\"column\" data-e-type=\"column\">\n\t\t\t<div class=\"elementor-widget-wrap elementor-element-populated\">\n\t\t\t\t\t\t<div class=\"elementor-element elementor-element-8aa2ead elementor-widget elementor-widget-heading\" data-id=\"8aa2ead\" data-element_type=\"widget\" data-e-type=\"widget\" data-widget_type=\"heading.default\">\n\t\t\t\t<div class=\"elementor-widget-container\">\n\t\t\t\t\t<h3 class=\"elementor-heading-title elementor-size-default\">3. Mise en r\u00e9seau <\/h3>\t\t\t\t<\/div>\n\t\t\t\t<\/div>\n\t\t\t\t<div class=\"elementor-element elementor-element-e12208a elementor-widget elementor-widget-text-editor\" data-id=\"e12208a\" data-element_type=\"widget\" data-e-type=\"widget\" data-widget_type=\"text-editor.default\">\n\t\t\t\t<div class=\"elementor-widget-container\">\n\t\t\t\t\t\t\t\t\t<ul><li>Cet \u00e9v\u00e9nement est l&rsquo;occasion de nouer des contacts, de rencontrer d&rsquo;autres professionnels, de cr\u00e9er de nouvelles collaborations et de d\u00e9couvrir toutes les derni\u00e8res actualit\u00e9s de l&rsquo;industrie de la mode.<\/li><\/ul>\t\t\t\t\t\t\t\t<\/div>\n\t\t\t\t<\/div>\n\t\t\t\t<div class=\"elementor-element elementor-element-52c9f07 elementor-widget elementor-widget-spacer\" data-id=\"52c9f07\" data-element_type=\"widget\" data-e-type=\"widget\" data-widget_type=\"spacer.default\">\n\t\t\t\t<div class=\"elementor-widget-container\">\n\t\t\t\t\t\t\t<div class=\"elementor-spacer\">\n\t\t\t<div class=\"elementor-spacer-inner\"><\/div>\n\t\t<\/div>\n\t\t\t\t\t\t<\/div>\n\t\t\t\t<\/div>\n\t\t\t\t\t<\/div>\n\t\t<\/div>\n\t\t\t\t\t<\/div>\n\t\t<\/section>\n\t\t\t\t<section class=\"elementor-section elementor-top-section elementor-element elementor-element-dd142fa elementor-section-boxed elementor-section-height-default elementor-section-height-default\" data-id=\"dd142fa\" data-element_type=\"section\" data-e-type=\"section\">\n\t\t\t\t\t\t<div class=\"elementor-container elementor-column-gap-default\">\n\t\t\t\t\t<div class=\"elementor-column elementor-col-100 elementor-top-column elementor-element elementor-element-50ee5c1\" data-id=\"50ee5c1\" data-element_type=\"column\" data-e-type=\"column\">\n\t\t\t<div class=\"elementor-widget-wrap elementor-element-populated\">\n\t\t\t\t\t\t<div class=\"elementor-element elementor-element-2f1dad4 elementor-widget elementor-widget-heading\" data-id=\"2f1dad4\" data-element_type=\"widget\" data-e-type=\"widget\" data-widget_type=\"heading.default\">\n\t\t\t\t<div class=\"elementor-widget-container\">\n\t\t\t\t\t<h2 class=\"elementor-heading-title elementor-size-default\">Informations utiles sur l\u2019\u00e9v\u00e9nement<\/h2>\t\t\t\t<\/div>\n\t\t\t\t<\/div>\n\t\t\t\t\t<\/div>\n\t\t<\/div>\n\t\t\t\t\t<\/div>\n\t\t<\/section>\n\t\t\t\t<section class=\"elementor-section elementor-top-section elementor-element elementor-element-37f22fa elementor-section-boxed elementor-section-height-default elementor-section-height-default\" data-id=\"37f22fa\" data-element_type=\"section\" data-e-type=\"section\">\n\t\t\t\t\t\t<div class=\"elementor-container elementor-column-gap-default\">\n\t\t\t\t\t<div class=\"elementor-column elementor-col-50 elementor-top-column elementor-element elementor-element-225cb28\" data-id=\"225cb28\" data-element_type=\"column\" data-e-type=\"column\">\n\t\t\t<div class=\"elementor-widget-wrap elementor-element-populated\">\n\t\t\t\t\t\t<div class=\"elementor-element elementor-element-757fd56 elementor-widget elementor-widget-text-editor\" data-id=\"757fd56\" data-element_type=\"widget\" data-e-type=\"widget\" data-widget_type=\"text-editor.default\">\n\t\t\t\t<div class=\"elementor-widget-container\">\n\t\t\t\t\t\t\t\t\t<ul><li><strong>Date <\/strong>: du 18 au 21 juin 2024<\/li><\/ul><ul><li><strong>Localisation : <\/strong>PACO BAZAN SL<br \/>Sol\u00eds Pascual, 4 bajo <br \/>11600 Ubrique (C\u00e1diz) &#8211; Andaluc\u00eda <br \/>Espagne<\/li><\/ul><ul><li><strong>Heures : <\/strong>08:00 &#8211; 18:00<\/li><\/ul>\t\t\t\t\t\t\t\t<\/div>\n\t\t\t\t<\/div>\n\t\t\t\t\t<\/div>\n\t\t<\/div>\n\t\t\t\t<div class=\"elementor-column elementor-col-50 elementor-top-column elementor-element elementor-element-5496be3\" data-id=\"5496be3\" data-element_type=\"column\" data-e-type=\"column\">\n\t\t\t<div class=\"elementor-widget-wrap elementor-element-populated\">\n\t\t\t\t\t\t<div class=\"elementor-element elementor-element-27270af elementor-widget elementor-widget-image\" data-id=\"27270af\" data-element_type=\"widget\" data-e-type=\"widget\" data-widget_type=\"image.default\">\n\t\t\t\t<div class=\"elementor-widget-container\">\n\t\t\t\t\t\t\t\t\t\t\t\t\t\t\t<img decoding=\"async\" width=\"300\" height=\"300\" src=\"https:\/\/abcprato.it\/wp-content\/uploads\/2024\/06\/abc-perseo-paco-bazan-300x300.jpg\" class=\"attachment-medium size-medium wp-image-26065\" alt=\"abc-perseo-paco-bazan\" srcset=\"https:\/\/abcprato.it\/wp-content\/uploads\/2024\/06\/abc-perseo-paco-bazan-300x300.jpg 300w, https:\/\/abcprato.it\/wp-content\/uploads\/2024\/06\/abc-perseo-paco-bazan-150x150.jpg 150w, https:\/\/abcprato.it\/wp-content\/uploads\/2024\/06\/abc-perseo-paco-bazan-768x768.jpg 768w, https:\/\/abcprato.it\/wp-content\/uploads\/2024\/06\/abc-perseo-paco-bazan-400x400.jpg 400w, https:\/\/abcprato.it\/wp-content\/uploads\/2024\/06\/abc-perseo-paco-bazan-24x24.jpg 24w, https:\/\/abcprato.it\/wp-content\/uploads\/2024\/06\/abc-perseo-paco-bazan-36x36.jpg 36w, https:\/\/abcprato.it\/wp-content\/uploads\/2024\/06\/abc-perseo-paco-bazan-48x48.jpg 48w, https:\/\/abcprato.it\/wp-content\/uploads\/2024\/06\/abc-perseo-paco-bazan.jpg 1000w\" sizes=\"(max-width: 300px) 100vw, 300px\" \/>\t\t\t\t\t\t\t\t\t\t\t\t\t\t\t<\/div>\n\t\t\t\t<\/div>\n\t\t\t\t\t<\/div>\n\t\t<\/div>\n\t\t\t\t\t<\/div>\n\t\t<\/section>\n\t\t\t\t<section class=\"elementor-section elementor-top-section elementor-element elementor-element-d665c7c elementor-section-boxed elementor-section-height-default elementor-section-height-default\" data-id=\"d665c7c\" data-element_type=\"section\" data-e-type=\"section\">\n\t\t\t\t\t\t<div class=\"elementor-container elementor-column-gap-default\">\n\t\t\t\t\t<div class=\"elementor-column elementor-col-100 elementor-top-column elementor-element elementor-element-63a7a33\" data-id=\"63a7a33\" data-element_type=\"column\" data-e-type=\"column\">\n\t\t\t<div class=\"elementor-widget-wrap elementor-element-populated\">\n\t\t\t\t\t\t<div class=\"elementor-element elementor-element-9b3381c elementor-widget elementor-widget-spacer\" data-id=\"9b3381c\" data-element_type=\"widget\" data-e-type=\"widget\" data-widget_type=\"spacer.default\">\n\t\t\t\t<div class=\"elementor-widget-container\">\n\t\t\t\t\t\t\t<div class=\"elementor-spacer\">\n\t\t\t<div class=\"elementor-spacer-inner\"><\/div>\n\t\t<\/div>\n\t\t\t\t\t\t<\/div>\n\t\t\t\t<\/div>\n\t\t\t\t\t<\/div>\n\t\t<\/div>\n\t\t\t\t\t<\/div>\n\t\t<\/section>\n\t\t\t\t<section class=\"elementor-section elementor-top-section elementor-element elementor-element-dd03bae elementor-section-boxed elementor-section-height-default elementor-section-height-default\" data-id=\"dd03bae\" data-element_type=\"section\" data-e-type=\"section\">\n\t\t\t\t\t\t<div class=\"elementor-container elementor-column-gap-default\">\n\t\t\t\t\t<div class=\"elementor-column elementor-col-100 elementor-top-column elementor-element elementor-element-84de190\" data-id=\"84de190\" data-element_type=\"column\" data-e-type=\"column\">\n\t\t\t<div class=\"elementor-widget-wrap elementor-element-populated\">\n\t\t\t\t\t\t<div class=\"elementor-element elementor-element-d5868f1 elementor-widget elementor-widget-heading\" data-id=\"d5868f1\" data-element_type=\"widget\" data-e-type=\"widget\" data-widget_type=\"heading.default\">\n\t\t\t\t<div class=\"elementor-widget-container\">\n\t\t\t\t\t<h2 class=\"elementor-heading-title elementor-size-default\">Contact<\/h2>\t\t\t\t<\/div>\n\t\t\t\t<\/div>\n\t\t\t\t\t<\/div>\n\t\t<\/div>\n\t\t\t\t\t<\/div>\n\t\t<\/section>\n\t\t\t\t<section class=\"elementor-section elementor-top-section elementor-element elementor-element-705a6fc elementor-section-boxed elementor-section-height-default elementor-section-height-default\" data-id=\"705a6fc\" data-element_type=\"section\" data-e-type=\"section\">\n\t\t\t\t\t\t<div class=\"elementor-container elementor-column-gap-default\">\n\t\t\t\t\t<div class=\"elementor-column elementor-col-100 elementor-top-column elementor-element elementor-element-4f3a9fa\" data-id=\"4f3a9fa\" data-element_type=\"column\" data-e-type=\"column\">\n\t\t\t<div class=\"elementor-widget-wrap elementor-element-populated\">\n\t\t\t\t\t\t<div class=\"elementor-element elementor-element-0814fdf elementor-widget elementor-widget-text-editor\" data-id=\"0814fdf\" data-element_type=\"widget\" data-e-type=\"widget\" data-widget_type=\"text-editor.default\">\n\t\t\t\t<div class=\"elementor-widget-container\">\n\t\t\t\t\t\t\t\t\t<p>Pour plus d&rsquo;informations sur l&rsquo;\u00e9v\u00e9nement, envoyez un courriel \u00e0 <a href=\"mailto:solutions@abcprato.it\"><strong>solutions@abcprato.it<\/strong><\/a> ou appelez le standard au <strong>+39 0574 25723. <\/strong>Vous pouvez \u00e9galement contacter le <strong>distributeur espagnol Paco Bazan <\/strong>directement \u00e0 info@pacobazan.es, au <strong>+34 956 463 542. <\/strong><\/p><p>Nous nous r\u00e9jouissons de vous rencontrer \u00e0 Ubrique pour partager avec vous les derni\u00e8res nouveaut\u00e9s ABC dans le domaine de la chaussure et de la maroquinerie.<\/p>\t\t\t\t\t\t\t\t<\/div>\n\t\t\t\t<\/div>\n\t\t\t\t\t<\/div>\n\t\t<\/div>\n\t\t\t\t\t<\/div>\n\t\t<\/section>\n\t\t\t\t<section class=\"elementor-section elementor-top-section elementor-element elementor-element-2bf5926 elementor-section-boxed elementor-section-height-default elementor-section-height-default\" data-id=\"2bf5926\" data-element_type=\"section\" data-e-type=\"section\">\n\t\t\t\t\t\t<div class=\"elementor-container elementor-column-gap-default\">\n\t\t\t\t\t<div class=\"elementor-column elementor-col-100 elementor-top-column elementor-element elementor-element-7d9594c\" data-id=\"7d9594c\" data-element_type=\"column\" data-e-type=\"column\">\n\t\t\t<div class=\"elementor-widget-wrap elementor-element-populated\">\n\t\t\t\t\t\t<div class=\"elementor-element elementor-element-0662174 elementor-widget elementor-widget-spacer\" data-id=\"0662174\" data-element_type=\"widget\" data-e-type=\"widget\" data-widget_type=\"spacer.default\">\n\t\t\t\t<div class=\"elementor-widget-container\">\n\t\t\t\t\t\t\t<div class=\"elementor-spacer\">\n\t\t\t<div class=\"elementor-spacer-inner\"><\/div>\n\t\t<\/div>\n\t\t\t\t\t\t<\/div>\n\t\t\t\t<\/div>\n\t\t\t\t\t<\/div>\n\t\t<\/div>\n\t\t\t\t\t<\/div>\n\t\t<\/section>\n\t\t\t\t<section class=\"elementor-section elementor-top-section elementor-element elementor-element-e509185 elementor-section-boxed elementor-section-height-default elementor-section-height-default\" data-id=\"e509185\" data-element_type=\"section\" data-e-type=\"section\">\n\t\t\t\t\t\t<div class=\"elementor-container elementor-column-gap-default\">\n\t\t\t\t\t<div class=\"elementor-column elementor-col-100 elementor-top-column elementor-element elementor-element-64baeb0\" data-id=\"64baeb0\" data-element_type=\"column\" data-e-type=\"column\">\n\t\t\t<div class=\"elementor-widget-wrap elementor-element-populated\">\n\t\t\t\t\t\t<div class=\"elementor-element elementor-element-a00fae8 elementor-align-center elementor-widget elementor-widget-button\" data-id=\"a00fae8\" data-element_type=\"widget\" data-e-type=\"widget\" data-widget_type=\"button.default\">\n\t\t\t\t<div class=\"elementor-widget-container\">\n\t\t\t\t\t\t\t\t\t<div class=\"elementor-button-wrapper\">\n\t\t\t\t\t<a class=\"elementor-button elementor-button-link elementor-size-sm\" href=\"https:\/\/abcprato.it\/fr\/contactez-nous\/\">\n\t\t\t\t\t\t<span class=\"elementor-button-content-wrapper\">\n\t\t\t\t\t\t\t\t\t<span class=\"elementor-button-text\">R\u00e9servez un rendez-vous<\/span>\n\t\t\t\t\t<\/span>\n\t\t\t\t\t<\/a>\n\t\t\t\t<\/div>\n\t\t\t\t\t\t\t\t<\/div>\n\t\t\t\t<\/div>\n\t\t\t\t\t<\/div>\n\t\t<\/div>\n\t\t\t\t\t<\/div>\n\t\t<\/section>\n\t\t\t\t<\/div>\n\t\t","protected":false},"excerpt":{"rendered":"<p>Ne manquez pas le prochain \u00e9v\u00e9nement : \u00ab\u00a03e edition Open House \u2013 Evento Technologique\u00a0\u00bb chez le d\u00e9taillant Paco Bazan du 18 au 21 juin 2024&#8230;. <a class=\"read-more\" style=\"text-decoration:underline;\" href=\"https:\/\/abcprato.it\/fr\/evenements-et-salon\/open-house-paco-bazan-du-18-au-21-juin\/\">En savoir plus<\/a><\/p>\n","protected":false},"author":3,"featured_media":26073,"comment_status":"closed","ping_status":"closed","sticky":false,"template":"","format":"standard","meta":{"_acf_changed":false,"footnotes":""},"categories":[29],"tags":[],"class_list":["post-26095","post","type-post","status-publish","format-standard","has-post-thumbnail","hentry","category-evenements-et-salon"],"acf":[],"yoast_head":"<!-- This site is optimized with the Yoast SEO plugin v27.2 - https:\/\/yoast.com\/product\/yoast-seo-wordpress\/ -->\n<title>Open House Paco Bazan du 18 au 21 Juin - ABC Equipment &amp; Solutions<\/title>\n<meta name=\"description\" content=\"Nous vous attendons au Open House de Paco Bazan \u00e0 Ubrique (Espagne) du 18 au 21 Juin pour d\u00e9couvrir les derni\u00e8res nouveaut\u00e9s de l&#039;\u00e9quipement ABC.\" \/>\n<meta name=\"robots\" content=\"index, follow, max-snippet:-1, max-image-preview:large, max-video-preview:-1\" \/>\n<link rel=\"canonical\" href=\"https:\/\/abcprato.it\/fr\/evenements-et-salon\/open-house-paco-bazan-du-18-au-21-juin\/\" \/>\n<meta property=\"og:locale\" content=\"fr_FR\" \/>\n<meta property=\"og:type\" content=\"article\" \/>\n<meta property=\"og:title\" content=\"Open House Paco Bazan du 18 au 21 Juin - ABC Equipment &amp; Solutions\" \/>\n<meta property=\"og:description\" content=\"Nous vous attendons au Open House de Paco Bazan \u00e0 Ubrique (Espagne) du 18 au 21 Juin pour d\u00e9couvrir les derni\u00e8res nouveaut\u00e9s de l&#039;\u00e9quipement ABC.\" \/>\n<meta property=\"og:url\" content=\"https:\/\/abcprato.it\/fr\/evenements-et-salon\/open-house-paco-bazan-du-18-au-21-juin\/\" \/>\n<meta property=\"og:site_name\" content=\"ABC Equipment &amp; Solutions\" \/>\n<meta property=\"article:published_time\" content=\"2024-06-04T10:34:31+00:00\" \/>\n<meta property=\"article:modified_time\" content=\"2024-06-04T13:27:02+00:00\" \/>\n<meta property=\"og:image\" content=\"https:\/\/abcprato.it\/wp-content\/uploads\/2024\/06\/open-house-tecnologico-paco-bazan-18-21-giugno.jpg\" \/>\n\t<meta property=\"og:image:width\" content=\"1500\" \/>\n\t<meta property=\"og:image:height\" content=\"1000\" \/>\n\t<meta property=\"og:image:type\" content=\"image\/jpeg\" \/>\n<meta name=\"author\" content=\"Cecilia\" \/>\n<meta name=\"twitter:card\" content=\"summary_large_image\" \/>\n<meta name=\"twitter:label1\" content=\"\u00c9crit par\" \/>\n\t<meta name=\"twitter:data1\" content=\"Cecilia\" \/>\n\t<meta name=\"twitter:label2\" content=\"Dur\u00e9e de lecture estim\u00e9e\" \/>\n\t<meta name=\"twitter:data2\" content=\"3 minutes\" \/>\n<script type=\"application\/ld+json\" class=\"yoast-schema-graph\">{\"@context\":\"https:\/\/schema.org\",\"@graph\":[{\"@type\":\"Article\",\"@id\":\"https:\/\/abcprato.it\/fr\/evenements-et-salon\/open-house-paco-bazan-du-18-au-21-juin\/#article\",\"isPartOf\":{\"@id\":\"https:\/\/abcprato.it\/fr\/evenements-et-salon\/open-house-paco-bazan-du-18-au-21-juin\/\"},\"author\":{\"name\":\"Cecilia\",\"@id\":\"https:\/\/abcprato.it\/fr\/#\/schema\/person\/00ba479806c558acdde7a5906f2e4e24\"},\"headline\":\"Open House Paco Bazan du 18 au 21 juin : d\u00e9couvrez notre prochain \u00e9v\u00e9nement\",\"datePublished\":\"2024-06-04T10:34:31+00:00\",\"dateModified\":\"2024-06-04T13:27:02+00:00\",\"mainEntityOfPage\":{\"@id\":\"https:\/\/abcprato.it\/fr\/evenements-et-salon\/open-house-paco-bazan-du-18-au-21-juin\/\"},\"wordCount\":426,\"publisher\":{\"@id\":\"https:\/\/abcprato.it\/fr\/#organization\"},\"image\":{\"@id\":\"https:\/\/abcprato.it\/fr\/evenements-et-salon\/open-house-paco-bazan-du-18-au-21-juin\/#primaryimage\"},\"thumbnailUrl\":\"https:\/\/abcprato.it\/wp-content\/uploads\/2024\/06\/open-house-tecnologico-paco-bazan-18-21-giugno.jpg\",\"articleSection\":[\"\u00c9v\u00e9nements et Salon\"],\"inLanguage\":\"fr-FR\"},{\"@type\":\"WebPage\",\"@id\":\"https:\/\/abcprato.it\/fr\/evenements-et-salon\/open-house-paco-bazan-du-18-au-21-juin\/\",\"url\":\"https:\/\/abcprato.it\/fr\/evenements-et-salon\/open-house-paco-bazan-du-18-au-21-juin\/\",\"name\":\"Open House Paco Bazan du 18 au 21 Juin - ABC Equipment &amp; Solutions\",\"isPartOf\":{\"@id\":\"https:\/\/abcprato.it\/fr\/#website\"},\"primaryImageOfPage\":{\"@id\":\"https:\/\/abcprato.it\/fr\/evenements-et-salon\/open-house-paco-bazan-du-18-au-21-juin\/#primaryimage\"},\"image\":{\"@id\":\"https:\/\/abcprato.it\/fr\/evenements-et-salon\/open-house-paco-bazan-du-18-au-21-juin\/#primaryimage\"},\"thumbnailUrl\":\"https:\/\/abcprato.it\/wp-content\/uploads\/2024\/06\/open-house-tecnologico-paco-bazan-18-21-giugno.jpg\",\"datePublished\":\"2024-06-04T10:34:31+00:00\",\"dateModified\":\"2024-06-04T13:27:02+00:00\",\"description\":\"Nous vous attendons au Open House de Paco Bazan \u00e0 Ubrique (Espagne) du 18 au 21 Juin pour d\u00e9couvrir les derni\u00e8res nouveaut\u00e9s de l'\u00e9quipement ABC.\",\"breadcrumb\":{\"@id\":\"https:\/\/abcprato.it\/fr\/evenements-et-salon\/open-house-paco-bazan-du-18-au-21-juin\/#breadcrumb\"},\"inLanguage\":\"fr-FR\",\"potentialAction\":[{\"@type\":\"ReadAction\",\"target\":[\"https:\/\/abcprato.it\/fr\/evenements-et-salon\/open-house-paco-bazan-du-18-au-21-juin\/\"]}]},{\"@type\":\"ImageObject\",\"inLanguage\":\"fr-FR\",\"@id\":\"https:\/\/abcprato.it\/fr\/evenements-et-salon\/open-house-paco-bazan-du-18-au-21-juin\/#primaryimage\",\"url\":\"https:\/\/abcprato.it\/wp-content\/uploads\/2024\/06\/open-house-tecnologico-paco-bazan-18-21-giugno.jpg\",\"contentUrl\":\"https:\/\/abcprato.it\/wp-content\/uploads\/2024\/06\/open-house-tecnologico-paco-bazan-18-21-giugno.jpg\",\"width\":1500,\"height\":1000,\"caption\":\"open-house-tecnologico-paco-bazan-18-21-giugno\"},{\"@type\":\"BreadcrumbList\",\"@id\":\"https:\/\/abcprato.it\/fr\/evenements-et-salon\/open-house-paco-bazan-du-18-au-21-juin\/#breadcrumb\",\"itemListElement\":[{\"@type\":\"ListItem\",\"position\":1,\"name\":\"Home\",\"item\":\"https:\/\/abcprato.it\/fr\/\"},{\"@type\":\"ListItem\",\"position\":2,\"name\":\"Open House Paco Bazan du 18 au 21 juin : d\u00e9couvrez notre prochain \u00e9v\u00e9nement\"}]},{\"@type\":\"WebSite\",\"@id\":\"https:\/\/abcprato.it\/fr\/#website\",\"url\":\"https:\/\/abcprato.it\/fr\/\",\"name\":\"ABC Equipment &amp; Solutions\",\"description\":\"\",\"publisher\":{\"@id\":\"https:\/\/abcprato.it\/fr\/#organization\"},\"potentialAction\":[{\"@type\":\"SearchAction\",\"target\":{\"@type\":\"EntryPoint\",\"urlTemplate\":\"https:\/\/abcprato.it\/fr\/?s={search_term_string}\"},\"query-input\":{\"@type\":\"PropertyValueSpecification\",\"valueRequired\":true,\"valueName\":\"search_term_string\"}}],\"inLanguage\":\"fr-FR\"},{\"@type\":\"Organization\",\"@id\":\"https:\/\/abcprato.it\/fr\/#organization\",\"name\":\"ABC Equipment & Solutions\",\"url\":\"https:\/\/abcprato.it\/fr\/\",\"logo\":{\"@type\":\"ImageObject\",\"inLanguage\":\"fr-FR\",\"@id\":\"https:\/\/abcprato.it\/fr\/#\/schema\/logo\/image\/\",\"url\":\"https:\/\/abcprato.it\/wp-content\/uploads\/2021\/01\/ABC-logo-2021.svg\",\"contentUrl\":\"https:\/\/abcprato.it\/wp-content\/uploads\/2021\/01\/ABC-logo-2021.svg\",\"width\":1,\"height\":1,\"caption\":\"ABC Equipment & Solutions\"},\"image\":{\"@id\":\"https:\/\/abcprato.it\/fr\/#\/schema\/logo\/image\/\"}},{\"@type\":\"Person\",\"@id\":\"https:\/\/abcprato.it\/fr\/#\/schema\/person\/00ba479806c558acdde7a5906f2e4e24\",\"name\":\"Cecilia\",\"image\":{\"@type\":\"ImageObject\",\"inLanguage\":\"fr-FR\",\"@id\":\"https:\/\/secure.gravatar.com\/avatar\/a59e665831e28f87b0e0b2993ccc300369a11814b880d658ae5ff4ed0d8687d0?s=96&d=mm&r=g\",\"url\":\"https:\/\/secure.gravatar.com\/avatar\/a59e665831e28f87b0e0b2993ccc300369a11814b880d658ae5ff4ed0d8687d0?s=96&d=mm&r=g\",\"contentUrl\":\"https:\/\/secure.gravatar.com\/avatar\/a59e665831e28f87b0e0b2993ccc300369a11814b880d658ae5ff4ed0d8687d0?s=96&d=mm&r=g\",\"caption\":\"Cecilia\"},\"url\":\"https:\/\/abcprato.it\/fr\/author\/cecilia\/\"}]}<\/script>\n<!-- \/ Yoast SEO plugin. -->","yoast_head_json":{"title":"Open House Paco Bazan du 18 au 21 Juin - ABC Equipment &amp; Solutions","description":"Nous vous attendons au Open House de Paco Bazan \u00e0 Ubrique (Espagne) du 18 au 21 Juin pour d\u00e9couvrir les derni\u00e8res nouveaut\u00e9s de l'\u00e9quipement ABC.","robots":{"index":"index","follow":"follow","max-snippet":"max-snippet:-1","max-image-preview":"max-image-preview:large","max-video-preview":"max-video-preview:-1"},"canonical":"https:\/\/abcprato.it\/fr\/evenements-et-salon\/open-house-paco-bazan-du-18-au-21-juin\/","og_locale":"fr_FR","og_type":"article","og_title":"Open House Paco Bazan du 18 au 21 Juin - ABC Equipment &amp; Solutions","og_description":"Nous vous attendons au Open House de Paco Bazan \u00e0 Ubrique (Espagne) du 18 au 21 Juin pour d\u00e9couvrir les derni\u00e8res nouveaut\u00e9s de l'\u00e9quipement ABC.","og_url":"https:\/\/abcprato.it\/fr\/evenements-et-salon\/open-house-paco-bazan-du-18-au-21-juin\/","og_site_name":"ABC Equipment &amp; Solutions","article_published_time":"2024-06-04T10:34:31+00:00","article_modified_time":"2024-06-04T13:27:02+00:00","og_image":[{"width":1500,"height":1000,"url":"https:\/\/abcprato.it\/wp-content\/uploads\/2024\/06\/open-house-tecnologico-paco-bazan-18-21-giugno.jpg","type":"image\/jpeg"}],"author":"Cecilia","twitter_card":"summary_large_image","twitter_misc":{"\u00c9crit par":"Cecilia","Dur\u00e9e de lecture estim\u00e9e":"3 minutes"},"schema":{"@context":"https:\/\/schema.org","@graph":[{"@type":"Article","@id":"https:\/\/abcprato.it\/fr\/evenements-et-salon\/open-house-paco-bazan-du-18-au-21-juin\/#article","isPartOf":{"@id":"https:\/\/abcprato.it\/fr\/evenements-et-salon\/open-house-paco-bazan-du-18-au-21-juin\/"},"author":{"name":"Cecilia","@id":"https:\/\/abcprato.it\/fr\/#\/schema\/person\/00ba479806c558acdde7a5906f2e4e24"},"headline":"Open House Paco Bazan du 18 au 21 juin : d\u00e9couvrez notre prochain \u00e9v\u00e9nement","datePublished":"2024-06-04T10:34:31+00:00","dateModified":"2024-06-04T13:27:02+00:00","mainEntityOfPage":{"@id":"https:\/\/abcprato.it\/fr\/evenements-et-salon\/open-house-paco-bazan-du-18-au-21-juin\/"},"wordCount":426,"publisher":{"@id":"https:\/\/abcprato.it\/fr\/#organization"},"image":{"@id":"https:\/\/abcprato.it\/fr\/evenements-et-salon\/open-house-paco-bazan-du-18-au-21-juin\/#primaryimage"},"thumbnailUrl":"https:\/\/abcprato.it\/wp-content\/uploads\/2024\/06\/open-house-tecnologico-paco-bazan-18-21-giugno.jpg","articleSection":["\u00c9v\u00e9nements et Salon"],"inLanguage":"fr-FR"},{"@type":"WebPage","@id":"https:\/\/abcprato.it\/fr\/evenements-et-salon\/open-house-paco-bazan-du-18-au-21-juin\/","url":"https:\/\/abcprato.it\/fr\/evenements-et-salon\/open-house-paco-bazan-du-18-au-21-juin\/","name":"Open House Paco Bazan du 18 au 21 Juin - ABC Equipment &amp; Solutions","isPartOf":{"@id":"https:\/\/abcprato.it\/fr\/#website"},"primaryImageOfPage":{"@id":"https:\/\/abcprato.it\/fr\/evenements-et-salon\/open-house-paco-bazan-du-18-au-21-juin\/#primaryimage"},"image":{"@id":"https:\/\/abcprato.it\/fr\/evenements-et-salon\/open-house-paco-bazan-du-18-au-21-juin\/#primaryimage"},"thumbnailUrl":"https:\/\/abcprato.it\/wp-content\/uploads\/2024\/06\/open-house-tecnologico-paco-bazan-18-21-giugno.jpg","datePublished":"2024-06-04T10:34:31+00:00","dateModified":"2024-06-04T13:27:02+00:00","description":"Nous vous attendons au Open House de Paco Bazan \u00e0 Ubrique (Espagne) du 18 au 21 Juin pour d\u00e9couvrir les derni\u00e8res nouveaut\u00e9s de l'\u00e9quipement ABC.","breadcrumb":{"@id":"https:\/\/abcprato.it\/fr\/evenements-et-salon\/open-house-paco-bazan-du-18-au-21-juin\/#breadcrumb"},"inLanguage":"fr-FR","potentialAction":[{"@type":"ReadAction","target":["https:\/\/abcprato.it\/fr\/evenements-et-salon\/open-house-paco-bazan-du-18-au-21-juin\/"]}]},{"@type":"ImageObject","inLanguage":"fr-FR","@id":"https:\/\/abcprato.it\/fr\/evenements-et-salon\/open-house-paco-bazan-du-18-au-21-juin\/#primaryimage","url":"https:\/\/abcprato.it\/wp-content\/uploads\/2024\/06\/open-house-tecnologico-paco-bazan-18-21-giugno.jpg","contentUrl":"https:\/\/abcprato.it\/wp-content\/uploads\/2024\/06\/open-house-tecnologico-paco-bazan-18-21-giugno.jpg","width":1500,"height":1000,"caption":"open-house-tecnologico-paco-bazan-18-21-giugno"},{"@type":"BreadcrumbList","@id":"https:\/\/abcprato.it\/fr\/evenements-et-salon\/open-house-paco-bazan-du-18-au-21-juin\/#breadcrumb","itemListElement":[{"@type":"ListItem","position":1,"name":"Home","item":"https:\/\/abcprato.it\/fr\/"},{"@type":"ListItem","position":2,"name":"Open House Paco Bazan du 18 au 21 juin : d\u00e9couvrez notre prochain \u00e9v\u00e9nement"}]},{"@type":"WebSite","@id":"https:\/\/abcprato.it\/fr\/#website","url":"https:\/\/abcprato.it\/fr\/","name":"ABC Equipment &amp; Solutions","description":"","publisher":{"@id":"https:\/\/abcprato.it\/fr\/#organization"},"potentialAction":[{"@type":"SearchAction","target":{"@type":"EntryPoint","urlTemplate":"https:\/\/abcprato.it\/fr\/?s={search_term_string}"},"query-input":{"@type":"PropertyValueSpecification","valueRequired":true,"valueName":"search_term_string"}}],"inLanguage":"fr-FR"},{"@type":"Organization","@id":"https:\/\/abcprato.it\/fr\/#organization","name":"ABC Equipment & Solutions","url":"https:\/\/abcprato.it\/fr\/","logo":{"@type":"ImageObject","inLanguage":"fr-FR","@id":"https:\/\/abcprato.it\/fr\/#\/schema\/logo\/image\/","url":"https:\/\/abcprato.it\/wp-content\/uploads\/2021\/01\/ABC-logo-2021.svg","contentUrl":"https:\/\/abcprato.it\/wp-content\/uploads\/2021\/01\/ABC-logo-2021.svg","width":1,"height":1,"caption":"ABC Equipment & Solutions"},"image":{"@id":"https:\/\/abcprato.it\/fr\/#\/schema\/logo\/image\/"}},{"@type":"Person","@id":"https:\/\/abcprato.it\/fr\/#\/schema\/person\/00ba479806c558acdde7a5906f2e4e24","name":"Cecilia","image":{"@type":"ImageObject","inLanguage":"fr-FR","@id":"https:\/\/secure.gravatar.com\/avatar\/a59e665831e28f87b0e0b2993ccc300369a11814b880d658ae5ff4ed0d8687d0?s=96&d=mm&r=g","url":"https:\/\/secure.gravatar.com\/avatar\/a59e665831e28f87b0e0b2993ccc300369a11814b880d658ae5ff4ed0d8687d0?s=96&d=mm&r=g","contentUrl":"https:\/\/secure.gravatar.com\/avatar\/a59e665831e28f87b0e0b2993ccc300369a11814b880d658ae5ff4ed0d8687d0?s=96&d=mm&r=g","caption":"Cecilia"},"url":"https:\/\/abcprato.it\/fr\/author\/cecilia\/"}]}},"_links":{"self":[{"href":"https:\/\/abcprato.it\/fr\/wp-json\/wp\/v2\/posts\/26095","targetHints":{"allow":["GET"]}}],"collection":[{"href":"https:\/\/abcprato.it\/fr\/wp-json\/wp\/v2\/posts"}],"about":[{"href":"https:\/\/abcprato.it\/fr\/wp-json\/wp\/v2\/types\/post"}],"author":[{"embeddable":true,"href":"https:\/\/abcprato.it\/fr\/wp-json\/wp\/v2\/users\/3"}],"replies":[{"embeddable":true,"href":"https:\/\/abcprato.it\/fr\/wp-json\/wp\/v2\/comments?post=26095"}],"version-history":[{"count":5,"href":"https:\/\/abcprato.it\/fr\/wp-json\/wp\/v2\/posts\/26095\/revisions"}],"predecessor-version":[{"id":26108,"href":"https:\/\/abcprato.it\/fr\/wp-json\/wp\/v2\/posts\/26095\/revisions\/26108"}],"wp:featuredmedia":[{"embeddable":true,"href":"https:\/\/abcprato.it\/fr\/wp-json\/wp\/v2\/media\/26073"}],"wp:attachment":[{"href":"https:\/\/abcprato.it\/fr\/wp-json\/wp\/v2\/media?parent=26095"}],"wp:term":[{"taxonomy":"category","embeddable":true,"href":"https:\/\/abcprato.it\/fr\/wp-json\/wp\/v2\/categories?post=26095"},{"taxonomy":"post_tag","embeddable":true,"href":"https:\/\/abcprato.it\/fr\/wp-json\/wp\/v2\/tags?post=26095"}],"curies":[{"name":"wp","href":"https:\/\/api.w.org\/{rel}","templated":true}]}}