{"id":36527,"date":"2026-01-12T12:27:04","date_gmt":"2026-01-12T11:27:04","guid":{"rendered":"https:\/\/abcprato.it\/non-classifiee\/salons-du-secteur-2026-pour-abc-4-points-de-contact-dans-le-monde\/"},"modified":"2026-01-12T08:49:04","modified_gmt":"2026-01-12T07:49:04","slug":"salons-du-secteur-2026-pour-abc-4-points-de-contact-dans-le-monde","status":"publish","type":"post","link":"https:\/\/abcprato.it\/fr\/evenements-et-salon\/salons-du-secteur-2026-pour-abc-4-points-de-contact-dans-le-monde\/","title":{"rendered":"Salons du secteur 2026 pour ABC : 4 points de contact dans le monde"},"content":{"rendered":"\t\t<div data-elementor-type=\"wp-post\" data-elementor-id=\"36527\" class=\"elementor elementor-36527 elementor-36495\" data-elementor-post-type=\"post\">\n\t\t\t\t<div class=\"elementor-element elementor-element-57f5eb3 e-flex e-con-boxed e-con e-parent\" data-id=\"57f5eb3\" data-element_type=\"container\" data-e-type=\"container\">\n\t\t\t\t\t<div class=\"e-con-inner\">\n\t\t\t\t<div class=\"elementor-element elementor-element-63de63c elementor-widget elementor-widget-text-editor\" data-id=\"63de63c\" data-element_type=\"widget\" data-e-type=\"widget\" data-widget_type=\"text-editor.default\">\n\t\t\t\t<div class=\"elementor-widget-container\">\n\t\t\t\t\t\t\t\t\t2026 sera une <strong>ann\u00e9e riche en \u00e9v\u00e9nements<\/strong> o\u00f9 nous pourrons confronter et nous rencontrer en personne. Voici les salons commerciaux o\u00f9 vous pouvez nous trouver avec notre stand : \n<ol><br> \t<li><strong>IILF, India International Leather Fair<\/strong>, \u00e0 Chennai, Inde<\/li>\n \t<li><strong>ABC Fashion Event<\/strong>, \u00e0 Fermo, Italie<\/li>\n \t<li><strong>Simac Tanning Tech<\/strong>, \u00e0 Milan, Italie<\/li>\n \t<li><strong>ANPIC<\/strong>, \u00e0 Le\u00f3n, Mexique<\/li>\n<\/ol>\n<br>Quatre rendez-vous bien r\u00e9partis tout au long de l&rsquo;ann\u00e9e, couvrant des zones g\u00e9ographiques diff\u00e9rentes et h\u00e9t\u00e9rog\u00e8nes. Ce sera un plaisir de vous accueillir et de vous montrer toutes les derni\u00e8res actualit\u00e9s pr\u00e9sent\u00e9es. \t\t\t\t\t\t\t\t<\/div>\n\t\t\t\t<\/div>\n\t\t\t\t\t<\/div>\n\t\t\t\t<\/div>\n\t\t<div class=\"elementor-element elementor-element-cfdcd30 e-flex e-con-boxed e-con e-parent\" data-id=\"cfdcd30\" data-element_type=\"container\" data-e-type=\"container\">\n\t\t\t\t\t<div class=\"e-con-inner\">\n\t\t\t\t<div class=\"elementor-element elementor-element-bef3ba8 elementor-widget elementor-widget-image\" data-id=\"bef3ba8\" data-element_type=\"widget\" data-e-type=\"widget\" data-widget_type=\"image.default\">\n\t\t\t\t<div class=\"elementor-widget-container\">\n\t\t\t\t\t\t\t\t\t\t\t\t\t\t\t<img fetchpriority=\"high\" decoding=\"async\" width=\"800\" height=\"534\" src=\"https:\/\/abcprato.it\/wp-content\/uploads\/2026\/01\/mappa-fiere-di-settore-2026-1024x683.jpg\" class=\"attachment-large size-large wp-image-36522\" alt=\"carte-salons-du-secteur-abc-2026\" srcset=\"https:\/\/abcprato.it\/wp-content\/uploads\/2026\/01\/mappa-fiere-di-settore-2026-1024x683.jpg 1024w, https:\/\/abcprato.it\/wp-content\/uploads\/2026\/01\/mappa-fiere-di-settore-2026-300x200.jpg 300w, https:\/\/abcprato.it\/wp-content\/uploads\/2026\/01\/mappa-fiere-di-settore-2026-768x512.jpg 768w, https:\/\/abcprato.it\/wp-content\/uploads\/2026\/01\/mappa-fiere-di-settore-2026-24x16.jpg 24w, https:\/\/abcprato.it\/wp-content\/uploads\/2026\/01\/mappa-fiere-di-settore-2026-36x24.jpg 36w, https:\/\/abcprato.it\/wp-content\/uploads\/2026\/01\/mappa-fiere-di-settore-2026-48x32.jpg 48w, https:\/\/abcprato.it\/wp-content\/uploads\/2026\/01\/mappa-fiere-di-settore-2026.jpg 1500w\" sizes=\"(max-width: 800px) 100vw, 800px\" \/>\t\t\t\t\t\t\t\t\t\t\t\t\t\t\t<\/div>\n\t\t\t\t<\/div>\n\t\t\t\t\t<\/div>\n\t\t\t\t<\/div>\n\t\t<div class=\"elementor-element elementor-element-7a89595 e-flex e-con-boxed e-con e-parent\" data-id=\"7a89595\" data-element_type=\"container\" data-e-type=\"container\">\n\t\t\t\t\t<div class=\"e-con-inner\">\n\t\t\t\t<div class=\"elementor-element elementor-element-ef609c4 elementor-widget elementor-widget-heading\" data-id=\"ef609c4\" data-element_type=\"widget\" data-e-type=\"widget\" data-widget_type=\"heading.default\">\n\t\t\t\t<div class=\"elementor-widget-container\">\n\t\t\t\t\t<h2 class=\"elementor-heading-title elementor-size-default\">IILF : 1-3 f\u00e9vrier 2026, Chennai, Inde<\/h2>\t\t\t\t<\/div>\n\t\t\t\t<\/div>\n\t\t\t\t\t<\/div>\n\t\t\t\t<\/div>\n\t\t<div class=\"elementor-element elementor-element-ea0a65d e-flex e-con-boxed e-con e-parent\" data-id=\"ea0a65d\" data-element_type=\"container\" data-e-type=\"container\">\n\t\t\t\t\t<div class=\"e-con-inner\">\n\t\t<div class=\"elementor-element elementor-element-53e3dfa e-con-full e-flex e-con e-child\" data-id=\"53e3dfa\" data-element_type=\"container\" data-e-type=\"container\">\n\t\t\t\t<div class=\"elementor-element elementor-element-2502fa1 elementor-widget elementor-widget-image\" data-id=\"2502fa1\" data-element_type=\"widget\" data-e-type=\"widget\" data-widget_type=\"image.default\">\n\t\t\t\t<div class=\"elementor-widget-container\">\n\t\t\t\t\t\t\t\t\t\t\t\t\t\t\t<img decoding=\"async\" width=\"500\" height=\"500\" src=\"https:\/\/abcprato.it\/wp-content\/uploads\/2026\/01\/logo-IILF-Chennai-2026.jpg\" class=\"attachment-large size-large wp-image-36523\" alt=\"logo-IILF-Chennai-2026\" srcset=\"https:\/\/abcprato.it\/wp-content\/uploads\/2026\/01\/logo-IILF-Chennai-2026.jpg 500w, https:\/\/abcprato.it\/wp-content\/uploads\/2026\/01\/logo-IILF-Chennai-2026-300x300.jpg 300w, https:\/\/abcprato.it\/wp-content\/uploads\/2026\/01\/logo-IILF-Chennai-2026-150x150.jpg 150w, https:\/\/abcprato.it\/wp-content\/uploads\/2026\/01\/logo-IILF-Chennai-2026-400x400.jpg 400w, https:\/\/abcprato.it\/wp-content\/uploads\/2026\/01\/logo-IILF-Chennai-2026-24x24.jpg 24w, https:\/\/abcprato.it\/wp-content\/uploads\/2026\/01\/logo-IILF-Chennai-2026-36x36.jpg 36w, https:\/\/abcprato.it\/wp-content\/uploads\/2026\/01\/logo-IILF-Chennai-2026-48x48.jpg 48w\" sizes=\"(max-width: 500px) 100vw, 500px\" \/>\t\t\t\t\t\t\t\t\t\t\t\t\t\t\t<\/div>\n\t\t\t\t<\/div>\n\t\t\t\t<\/div>\n\t\t<div class=\"elementor-element elementor-element-8b9d186 e-con-full e-flex e-con e-child\" data-id=\"8b9d186\" data-element_type=\"container\" data-e-type=\"container\">\n\t\t\t\t<div class=\"elementor-element elementor-element-dba5231 elementor-widget elementor-widget-text-editor\" data-id=\"dba5231\" data-element_type=\"widget\" data-e-type=\"widget\" data-widget_type=\"text-editor.default\">\n\t\t\t\t<div class=\"elementor-widget-container\">\n\t\t\t\t\t\t\t\t\t<p><strong>IILF, India International Leather Fair,<\/strong> est l&rsquo;un des salons commerciaux internationaux les plus importants et les plus \u00e9tablis dans le secteur du cuir, de la chaussure et du tannage en Asie, avec un accent sur les march\u00e9s indien et international.<\/p><p>La prochaine \u00e9dition se tiendra <strong>du 1er au 3 f\u00e9vrier \u00e0 Chennai, Tamil Nadu, au Chennai Trade Centre<\/strong>.<\/p><p>Apr\u00e8s des ann\u00e9es, nous serons de nouveau pr\u00e9sents \u00e0 cette foire pour montrer toutes les innovations d\u00e9velopp\u00e9es pour le laboratoire.<\/p>\t\t\t\t\t\t\t\t<\/div>\n\t\t\t\t<\/div>\n\t\t\t\t<\/div>\n\t\t\t\t\t<\/div>\n\t\t\t\t<\/div>\n\t\t<div class=\"elementor-element elementor-element-03c981e e-flex e-con-boxed e-con e-parent\" data-id=\"03c981e\" data-element_type=\"container\" data-e-type=\"container\">\n\t\t\t\t\t<div class=\"e-con-inner\">\n\t\t\t\t<div class=\"elementor-element elementor-element-70487f2 elementor-widget elementor-widget-heading\" data-id=\"70487f2\" data-element_type=\"widget\" data-e-type=\"widget\" data-widget_type=\"heading.default\">\n\t\t\t\t<div class=\"elementor-widget-container\">\n\t\t\t\t\t<h2 class=\"elementor-heading-title elementor-size-default\">ABC Fashion Event : 18-19 mars 2026, Fermo, Italie<\/h2>\t\t\t\t<\/div>\n\t\t\t\t<\/div>\n\t\t\t\t\t<\/div>\n\t\t\t\t<\/div>\n\t\t<div class=\"elementor-element elementor-element-ee41dd3 e-flex e-con-boxed e-con e-parent\" data-id=\"ee41dd3\" data-element_type=\"container\" data-e-type=\"container\">\n\t\t\t\t\t<div class=\"e-con-inner\">\n\t\t<div class=\"elementor-element elementor-element-f78336d e-con-full e-flex e-con e-child\" data-id=\"f78336d\" data-element_type=\"container\" data-e-type=\"container\">\n\t\t\t\t<div class=\"elementor-element elementor-element-07c58d6 elementor-widget elementor-widget-text-editor\" data-id=\"07c58d6\" data-element_type=\"widget\" data-e-type=\"widget\" data-widget_type=\"text-editor.default\">\n\t\t\t\t<div class=\"elementor-widget-container\">\n\t\t\t\t\t\t\t\t\t<p><strong>ABC Fashion Event<\/strong> est un nouveau salon professionnel, avec une marque locale, d\u00e9di\u00e9e aux accessoires et composants pour la chaussure et la peau.<\/p><p>La prochaine \u00e9dition aura lieu les <strong>18 et 19 mars \u00e0 Fermo, au Fermo Forum<\/strong>.<\/p>\t\t\t\t\t\t\t\t<\/div>\n\t\t\t\t<\/div>\n\t\t\t\t<\/div>\n\t\t<div class=\"elementor-element elementor-element-0894562 e-con-full e-flex e-con e-child\" data-id=\"0894562\" data-element_type=\"container\" data-e-type=\"container\">\n\t\t\t\t<div class=\"elementor-element elementor-element-412410d elementor-widget elementor-widget-image\" data-id=\"412410d\" data-element_type=\"widget\" data-e-type=\"widget\" data-widget_type=\"image.default\">\n\t\t\t\t<div class=\"elementor-widget-container\">\n\t\t\t\t\t\t\t\t\t\t\t\t\t\t\t<img decoding=\"async\" width=\"500\" height=\"500\" src=\"https:\/\/abcprato.it\/wp-content\/uploads\/2026\/01\/logo-abc-fashion-event.jpg\" class=\"attachment-large size-large wp-image-36524\" alt=\"logo-abc-fashion-event\" srcset=\"https:\/\/abcprato.it\/wp-content\/uploads\/2026\/01\/logo-abc-fashion-event.jpg 500w, https:\/\/abcprato.it\/wp-content\/uploads\/2026\/01\/logo-abc-fashion-event-300x300.jpg 300w, https:\/\/abcprato.it\/wp-content\/uploads\/2026\/01\/logo-abc-fashion-event-150x150.jpg 150w, https:\/\/abcprato.it\/wp-content\/uploads\/2026\/01\/logo-abc-fashion-event-400x400.jpg 400w, https:\/\/abcprato.it\/wp-content\/uploads\/2026\/01\/logo-abc-fashion-event-24x24.jpg 24w, https:\/\/abcprato.it\/wp-content\/uploads\/2026\/01\/logo-abc-fashion-event-36x36.jpg 36w, https:\/\/abcprato.it\/wp-content\/uploads\/2026\/01\/logo-abc-fashion-event-48x48.jpg 48w\" sizes=\"(max-width: 500px) 100vw, 500px\" \/>\t\t\t\t\t\t\t\t\t\t\t\t\t\t\t<\/div>\n\t\t\t\t<\/div>\n\t\t\t\t<\/div>\n\t\t\t\t\t<\/div>\n\t\t\t\t<\/div>\n\t\t<div class=\"elementor-element elementor-element-d42a051 e-flex e-con-boxed e-con e-parent\" data-id=\"d42a051\" data-element_type=\"container\" data-e-type=\"container\">\n\t\t\t\t\t<div class=\"e-con-inner\">\n\t\t\t\t<div class=\"elementor-element elementor-element-9aa95e5 elementor-widget elementor-widget-heading\" data-id=\"9aa95e5\" data-element_type=\"widget\" data-e-type=\"widget\" data-widget_type=\"heading.default\">\n\t\t\t\t<div class=\"elementor-widget-container\">\n\t\t\t\t\t<h2 class=\"elementor-heading-title elementor-size-default\">Simac Tanning Tech : 15-17 septembre 2026, Milan, Italie<\/h2>\t\t\t\t<\/div>\n\t\t\t\t<\/div>\n\t\t\t\t\t<\/div>\n\t\t\t\t<\/div>\n\t\t<div class=\"elementor-element elementor-element-90a030d e-flex e-con-boxed e-con e-parent\" data-id=\"90a030d\" data-element_type=\"container\" data-e-type=\"container\">\n\t\t\t\t\t<div class=\"e-con-inner\">\n\t\t<div class=\"elementor-element elementor-element-bb5f156 e-con-full e-flex e-con e-child\" data-id=\"bb5f156\" data-element_type=\"container\" data-e-type=\"container\">\n\t\t\t\t<div class=\"elementor-element elementor-element-4bba414 elementor-widget elementor-widget-image\" data-id=\"4bba414\" data-element_type=\"widget\" data-e-type=\"widget\" data-widget_type=\"image.default\">\n\t\t\t\t<div class=\"elementor-widget-container\">\n\t\t\t\t\t\t\t\t\t\t\t\t\t\t\t<img loading=\"lazy\" decoding=\"async\" width=\"500\" height=\"500\" src=\"https:\/\/abcprato.it\/wp-content\/uploads\/2026\/01\/logo-simac-tanning-tech.jpg\" class=\"attachment-large size-large wp-image-36525\" alt=\"\" srcset=\"https:\/\/abcprato.it\/wp-content\/uploads\/2026\/01\/logo-simac-tanning-tech.jpg 500w, https:\/\/abcprato.it\/wp-content\/uploads\/2026\/01\/logo-simac-tanning-tech-300x300.jpg 300w, https:\/\/abcprato.it\/wp-content\/uploads\/2026\/01\/logo-simac-tanning-tech-150x150.jpg 150w, https:\/\/abcprato.it\/wp-content\/uploads\/2026\/01\/logo-simac-tanning-tech-400x400.jpg 400w, https:\/\/abcprato.it\/wp-content\/uploads\/2026\/01\/logo-simac-tanning-tech-24x24.jpg 24w, https:\/\/abcprato.it\/wp-content\/uploads\/2026\/01\/logo-simac-tanning-tech-36x36.jpg 36w, https:\/\/abcprato.it\/wp-content\/uploads\/2026\/01\/logo-simac-tanning-tech-48x48.jpg 48w\" sizes=\"(max-width: 500px) 100vw, 500px\" \/>\t\t\t\t\t\t\t\t\t\t\t\t\t\t\t<\/div>\n\t\t\t\t<\/div>\n\t\t\t\t<\/div>\n\t\t<div class=\"elementor-element elementor-element-9be2896 e-con-full e-flex e-con e-child\" data-id=\"9be2896\" data-element_type=\"container\" data-e-type=\"container\">\n\t\t\t\t<div class=\"elementor-element elementor-element-19026a6 elementor-widget elementor-widget-text-editor\" data-id=\"19026a6\" data-element_type=\"widget\" data-e-type=\"widget\" data-widget_type=\"text-editor.default\">\n\t\t\t\t<div class=\"elementor-widget-container\">\n\t\t\t\t\t\t\t\t\t<p><strong>Simac Tanning Tech<\/strong> est le salon de r\u00e9f\u00e9rence pour le secteur des machines et de la technologie pour les industries de la chaussure, du cuir et du tannage.<br>Simac repr\u00e9sente pour nous la foire commerciale par excellence, un point de rencontre fixe avec les clients ou les clients potentiels.<\/p><p>La prochaine \u00e9dition se tiendra <strong>du 15 au 17 septembre \u00e0 Milan Rho Fiera<\/strong>.<\/p><p>Ne manquez pas cette opportunit\u00e9 annuelle de d\u00e9couvrir toutes nos actualit\u00e9s.<\/p>\t\t\t\t\t\t\t\t<\/div>\n\t\t\t\t<\/div>\n\t\t\t\t<\/div>\n\t\t\t\t\t<\/div>\n\t\t\t\t<\/div>\n\t\t<div class=\"elementor-element elementor-element-0d0539d e-flex e-con-boxed e-con e-parent\" data-id=\"0d0539d\" data-element_type=\"container\" data-e-type=\"container\">\n\t\t\t\t\t<div class=\"e-con-inner\">\n\t\t\t\t<div class=\"elementor-element elementor-element-2b5c5be elementor-widget elementor-widget-heading\" data-id=\"2b5c5be\" data-element_type=\"widget\" data-e-type=\"widget\" data-widget_type=\"heading.default\">\n\t\t\t\t<div class=\"elementor-widget-container\">\n\t\t\t\t\t<h2 class=\"elementor-heading-title elementor-size-default\">ANPIC : Octobre, Le\u00f3n, Mexique<\/h2>\t\t\t\t<\/div>\n\t\t\t\t<\/div>\n\t\t\t\t\t<\/div>\n\t\t\t\t<\/div>\n\t\t<div class=\"elementor-element elementor-element-0d62d62 e-flex e-con-boxed e-con e-parent\" data-id=\"0d62d62\" data-element_type=\"container\" data-e-type=\"container\">\n\t\t\t\t\t<div class=\"e-con-inner\">\n\t\t<div class=\"elementor-element elementor-element-a869751 e-con-full e-flex e-con e-child\" data-id=\"a869751\" data-element_type=\"container\" data-e-type=\"container\">\n\t\t\t\t<div class=\"elementor-element elementor-element-d386729 elementor-widget elementor-widget-text-editor\" data-id=\"d386729\" data-element_type=\"widget\" data-e-type=\"widget\" data-widget_type=\"text-editor.default\">\n\t\t\t\t<div class=\"elementor-widget-container\">\n\t\t\t\t\t\t\t\t\t<p><strong>ANPIC, Asociaci\u00f3n Nacional de Proveedores para la Industria del Calzado<\/strong>, est un salon commercial destin\u00e9 au secteur de la chaussure avec une attention particuli\u00e8re au march\u00e9 am\u00e9ricain, tant latin que nordique.<\/p><p>La prochaine \u00e9dition se tiendra en <strong>octobre \u00e0 Le\u00f3n lors du Poliforum Le\u00f3n<\/strong> et les tendances futures de l&rsquo;automne et de l&rsquo;hiver de la chaussure seront pr\u00e9sent\u00e9es.<\/p><p>Nous avons particip\u00e9 l&rsquo;ann\u00e9e derni\u00e8re pour la premi\u00e8re fois et cela s&rsquo;est av\u00e9r\u00e9 \u00eatre une excellente opportunit\u00e9 d&rsquo;approfondir le march\u00e9. Nous serons de nouveau pr\u00e9sents cette ann\u00e9e pour diffuser toutes les nouveaut\u00e9s des \u00e9quipements ABC.  <\/p>\t\t\t\t\t\t\t\t<\/div>\n\t\t\t\t<\/div>\n\t\t\t\t<\/div>\n\t\t<div class=\"elementor-element elementor-element-afed941 e-con-full e-flex e-con e-child\" data-id=\"afed941\" data-element_type=\"container\" data-e-type=\"container\">\n\t\t\t\t<div class=\"elementor-element elementor-element-e4143cf elementor-widget elementor-widget-image\" data-id=\"e4143cf\" data-element_type=\"widget\" data-e-type=\"widget\" data-widget_type=\"image.default\">\n\t\t\t\t<div class=\"elementor-widget-container\">\n\t\t\t\t\t\t\t\t\t\t\t\t\t\t\t<img loading=\"lazy\" decoding=\"async\" width=\"500\" height=\"500\" src=\"https:\/\/abcprato.it\/wp-content\/uploads\/2026\/01\/logo-ANPIC.jpg\" class=\"attachment-large size-large wp-image-36526\" alt=\"logo-ANPIC\" srcset=\"https:\/\/abcprato.it\/wp-content\/uploads\/2026\/01\/logo-ANPIC.jpg 500w, https:\/\/abcprato.it\/wp-content\/uploads\/2026\/01\/logo-ANPIC-300x300.jpg 300w, https:\/\/abcprato.it\/wp-content\/uploads\/2026\/01\/logo-ANPIC-150x150.jpg 150w, https:\/\/abcprato.it\/wp-content\/uploads\/2026\/01\/logo-ANPIC-400x400.jpg 400w, https:\/\/abcprato.it\/wp-content\/uploads\/2026\/01\/logo-ANPIC-24x24.jpg 24w, https:\/\/abcprato.it\/wp-content\/uploads\/2026\/01\/logo-ANPIC-36x36.jpg 36w, https:\/\/abcprato.it\/wp-content\/uploads\/2026\/01\/logo-ANPIC-48x48.jpg 48w\" sizes=\"(max-width: 500px) 100vw, 500px\" \/>\t\t\t\t\t\t\t\t\t\t\t\t\t\t\t<\/div>\n\t\t\t\t<\/div>\n\t\t\t\t<\/div>\n\t\t\t\t\t<\/div>\n\t\t\t\t<\/div>\n\t\t<div class=\"elementor-element elementor-element-4cc4045 e-flex e-con-boxed e-con e-parent\" data-id=\"4cc4045\" data-element_type=\"container\" data-e-type=\"container\">\n\t\t\t\t\t<div class=\"e-con-inner\">\n\t\t\t\t<div class=\"elementor-element elementor-element-807b220 elementor-widget elementor-widget-heading\" data-id=\"807b220\" data-element_type=\"widget\" data-e-type=\"widget\" data-widget_type=\"heading.default\">\n\t\t\t\t<div class=\"elementor-widget-container\">\n\t\t\t\t\t<h2 class=\"elementor-heading-title elementor-size-default\">Ne manquez pas les prochains rendez-vous !<\/h2>\t\t\t\t<\/div>\n\t\t\t\t<\/div>\n\t\t\t\t\t<\/div>\n\t\t\t\t<\/div>\n\t\t<div class=\"elementor-element elementor-element-51f7ea3 e-flex e-con-boxed e-con e-parent\" data-id=\"51f7ea3\" data-element_type=\"container\" data-e-type=\"container\">\n\t\t\t\t\t<div class=\"e-con-inner\">\n\t\t\t\t<div class=\"elementor-element elementor-element-980f0ba elementor-widget elementor-widget-text-editor\" data-id=\"980f0ba\" data-element_type=\"widget\" data-e-type=\"widget\" data-widget_type=\"text-editor.default\">\n\t\t\t\t<div class=\"elementor-widget-container\">\n\t\t\t\t\t\t\t\t\t<p>Notez ces dates dans votre agenda :<\/p><ul><li><strong>IILF, India International Leather Fair, 1er au 3 f\u00e9vrier <\/strong><\/li><li><strong>ABC Fashion Event, 18-19 mars<\/strong><\/li><li><strong>Simac Tanning Tech, 15-17 septembre<\/strong><\/li><li><strong>ANPIC, octobre <\/strong><\/li><\/ul>\t\t\t\t\t\t\t\t<\/div>\n\t\t\t\t<\/div>\n\t\t\t\t\t<\/div>\n\t\t\t\t<\/div>\n\t\t<div class=\"elementor-element elementor-element-838e6a0 e-flex e-con-boxed e-con e-parent\" data-id=\"838e6a0\" data-element_type=\"container\" data-e-type=\"container\">\n\t\t\t\t\t<div class=\"e-con-inner\">\n\t\t\t\t<div class=\"elementor-element elementor-element-b9aa1e8 elementor-widget elementor-widget-text-editor\" data-id=\"b9aa1e8\" data-element_type=\"widget\" data-e-type=\"widget\" data-widget_type=\"text-editor.default\">\n\t\t\t\t<div class=\"elementor-widget-container\">\n\t\t\t\t\t\t\t\t\t<p>Ne manquez pas les prochaines occasions de nous rencontrer au salon du monde entier. Restez inform\u00e9 pour d\u00e9couvrir toutes les actualit\u00e9s de l&rsquo;ABC et plus de d\u00e9tails sur chaque salon du secteur. <\/p><p>Pour plus d&rsquo;informations, n&rsquo;h\u00e9sitez pas \u00e0 nous contacter par courriel au <strong><a href=\"mailto:solutions@abcprato.it\">solutions@abcprato.it<\/a><\/strong> ou par t\u00e9l\u00e9phone au <strong>+39 0574 25723<\/strong>. Nous serons heureux de clarifier tout doute et de r\u00e9server un rendez-vous d\u00e9di\u00e9 au salon. <\/p>\t\t\t\t\t\t\t\t<\/div>\n\t\t\t\t<\/div>\n\t\t\t\t\t<\/div>\n\t\t\t\t<\/div>\n\t\t<div class=\"elementor-element elementor-element-245379c e-flex e-con-boxed e-con e-parent\" data-id=\"245379c\" data-element_type=\"container\" data-e-type=\"container\">\n\t\t\t\t\t<div class=\"e-con-inner\">\n\t\t\t\t<div class=\"elementor-element elementor-element-eec7a6e elementor-align-center elementor-widget elementor-widget-button\" data-id=\"eec7a6e\" data-element_type=\"widget\" data-e-type=\"widget\" data-widget_type=\"button.default\">\n\t\t\t\t<div class=\"elementor-widget-container\">\n\t\t\t\t\t\t\t\t\t<div class=\"elementor-button-wrapper\">\n\t\t\t\t\t<a class=\"elementor-button elementor-button-link elementor-size-sm\" href=\"https:\/\/abcprato.it\/fr\/contactez-nous\/\">\n\t\t\t\t\t\t<span class=\"elementor-button-content-wrapper\">\n\t\t\t\t\t\t\t\t\t<span class=\"elementor-button-text\">DEMANDEZ PLUS D'INFORMATIONS<\/span>\n\t\t\t\t\t<\/span>\n\t\t\t\t\t<\/a>\n\t\t\t\t<\/div>\n\t\t\t\t\t\t\t\t<\/div>\n\t\t\t\t<\/div>\n\t\t\t\t\t<\/div>\n\t\t\t\t<\/div>\n\t\t\t\t<\/div>\n\t\t","protected":false},"excerpt":{"rendered":"<p>2026 sera une ann\u00e9e riche en \u00e9v\u00e9nements o\u00f9 nous pourrons confronter et nous rencontrer en personne. Voici les salons commerciaux o\u00f9 vous pouvez nous trouver&#8230; <a class=\"read-more\" style=\"text-decoration:underline;\" href=\"https:\/\/abcprato.it\/fr\/evenements-et-salon\/salons-du-secteur-2026-pour-abc-4-points-de-contact-dans-le-monde\/\">En savoir plus<\/a><\/p>\n","protected":false},"author":3,"featured_media":36522,"comment_status":"closed","ping_status":"closed","sticky":false,"template":"","format":"standard","meta":{"_acf_changed":false,"footnotes":""},"categories":[29],"tags":[],"class_list":["post-36527","post","type-post","status-publish","format-standard","has-post-thumbnail","hentry","category-evenements-et-salon"],"acf":[],"yoast_head":"<!-- This site is optimized with the Yoast SEO plugin v27.2 - https:\/\/yoast.com\/product\/yoast-seo-wordpress\/ -->\n<title>Salons du secteur 2026 pour ABC : 4 points de contact dans le monde - ABC Equipment &amp; Solutions<\/title>\n<meta name=\"description\" content=\"D\u00e9couvrez toutes les prochains salons du secteur o\u00f9 nous serons pr\u00e9sents en 2026 : 4 points de contact dans le monde, de l&#039;Italie \u00e0 l&#039;Inde et Mexique.\" \/>\n<meta name=\"robots\" content=\"index, follow, max-snippet:-1, max-image-preview:large, max-video-preview:-1\" \/>\n<link rel=\"canonical\" href=\"https:\/\/abcprato.it\/fr\/evenements-et-salon\/salons-du-secteur-2026-pour-abc-4-points-de-contact-dans-le-monde\/\" \/>\n<meta property=\"og:locale\" content=\"fr_FR\" \/>\n<meta property=\"og:type\" content=\"article\" \/>\n<meta property=\"og:title\" content=\"Salons du secteur 2026 pour ABC : 4 points de contact dans le monde - ABC Equipment &amp; Solutions\" \/>\n<meta property=\"og:description\" content=\"D\u00e9couvrez toutes les prochains salons du secteur o\u00f9 nous serons pr\u00e9sents en 2026 : 4 points de contact dans le monde, de l&#039;Italie \u00e0 l&#039;Inde et Mexique.\" \/>\n<meta property=\"og:url\" content=\"https:\/\/abcprato.it\/fr\/evenements-et-salon\/salons-du-secteur-2026-pour-abc-4-points-de-contact-dans-le-monde\/\" \/>\n<meta property=\"og:site_name\" content=\"ABC Equipment &amp; Solutions\" \/>\n<meta property=\"article:published_time\" content=\"2026-01-12T11:27:04+00:00\" \/>\n<meta property=\"og:image\" content=\"https:\/\/abcprato.it\/wp-content\/uploads\/2026\/01\/mappa-fiere-di-settore-2026.jpg\" \/>\n\t<meta property=\"og:image:width\" content=\"1500\" \/>\n\t<meta property=\"og:image:height\" content=\"1000\" \/>\n\t<meta property=\"og:image:type\" content=\"image\/jpeg\" \/>\n<meta name=\"author\" content=\"Cecilia\" \/>\n<meta name=\"twitter:card\" content=\"summary_large_image\" \/>\n<meta name=\"twitter:label1\" content=\"\u00c9crit par\" \/>\n\t<meta name=\"twitter:data1\" content=\"Cecilia\" \/>\n\t<meta name=\"twitter:label2\" content=\"Dur\u00e9e de lecture estim\u00e9e\" \/>\n\t<meta name=\"twitter:data2\" content=\"3 minutes\" \/>\n<script type=\"application\/ld+json\" class=\"yoast-schema-graph\">{\"@context\":\"https:\/\/schema.org\",\"@graph\":[{\"@type\":\"Article\",\"@id\":\"https:\/\/abcprato.it\/fr\/evenements-et-salon\/salons-du-secteur-2026-pour-abc-4-points-de-contact-dans-le-monde\/#article\",\"isPartOf\":{\"@id\":\"https:\/\/abcprato.it\/fr\/evenements-et-salon\/salons-du-secteur-2026-pour-abc-4-points-de-contact-dans-le-monde\/\"},\"author\":{\"name\":\"Cecilia\",\"@id\":\"https:\/\/abcprato.it\/fr\/#\/schema\/person\/00ba479806c558acdde7a5906f2e4e24\"},\"headline\":\"Salons du secteur 2026 pour ABC : 4 points de contact dans le monde\",\"datePublished\":\"2026-01-12T11:27:04+00:00\",\"mainEntityOfPage\":{\"@id\":\"https:\/\/abcprato.it\/fr\/evenements-et-salon\/salons-du-secteur-2026-pour-abc-4-points-de-contact-dans-le-monde\/\"},\"wordCount\":549,\"publisher\":{\"@id\":\"https:\/\/abcprato.it\/fr\/#organization\"},\"image\":{\"@id\":\"https:\/\/abcprato.it\/fr\/evenements-et-salon\/salons-du-secteur-2026-pour-abc-4-points-de-contact-dans-le-monde\/#primaryimage\"},\"thumbnailUrl\":\"https:\/\/abcprato.it\/wp-content\/uploads\/2026\/01\/mappa-fiere-di-settore-2026.jpg\",\"articleSection\":[\"\u00c9v\u00e9nements et Salon\"],\"inLanguage\":\"fr-FR\"},{\"@type\":\"WebPage\",\"@id\":\"https:\/\/abcprato.it\/fr\/evenements-et-salon\/salons-du-secteur-2026-pour-abc-4-points-de-contact-dans-le-monde\/\",\"url\":\"https:\/\/abcprato.it\/fr\/evenements-et-salon\/salons-du-secteur-2026-pour-abc-4-points-de-contact-dans-le-monde\/\",\"name\":\"Salons du secteur 2026 pour ABC : 4 points de contact dans le monde - ABC Equipment &amp; Solutions\",\"isPartOf\":{\"@id\":\"https:\/\/abcprato.it\/fr\/#website\"},\"primaryImageOfPage\":{\"@id\":\"https:\/\/abcprato.it\/fr\/evenements-et-salon\/salons-du-secteur-2026-pour-abc-4-points-de-contact-dans-le-monde\/#primaryimage\"},\"image\":{\"@id\":\"https:\/\/abcprato.it\/fr\/evenements-et-salon\/salons-du-secteur-2026-pour-abc-4-points-de-contact-dans-le-monde\/#primaryimage\"},\"thumbnailUrl\":\"https:\/\/abcprato.it\/wp-content\/uploads\/2026\/01\/mappa-fiere-di-settore-2026.jpg\",\"datePublished\":\"2026-01-12T11:27:04+00:00\",\"description\":\"D\u00e9couvrez toutes les prochains salons du secteur o\u00f9 nous serons pr\u00e9sents en 2026 : 4 points de contact dans le monde, de l'Italie \u00e0 l'Inde et Mexique.\",\"breadcrumb\":{\"@id\":\"https:\/\/abcprato.it\/fr\/evenements-et-salon\/salons-du-secteur-2026-pour-abc-4-points-de-contact-dans-le-monde\/#breadcrumb\"},\"inLanguage\":\"fr-FR\",\"potentialAction\":[{\"@type\":\"ReadAction\",\"target\":[\"https:\/\/abcprato.it\/fr\/evenements-et-salon\/salons-du-secteur-2026-pour-abc-4-points-de-contact-dans-le-monde\/\"]}]},{\"@type\":\"ImageObject\",\"inLanguage\":\"fr-FR\",\"@id\":\"https:\/\/abcprato.it\/fr\/evenements-et-salon\/salons-du-secteur-2026-pour-abc-4-points-de-contact-dans-le-monde\/#primaryimage\",\"url\":\"https:\/\/abcprato.it\/wp-content\/uploads\/2026\/01\/mappa-fiere-di-settore-2026.jpg\",\"contentUrl\":\"https:\/\/abcprato.it\/wp-content\/uploads\/2026\/01\/mappa-fiere-di-settore-2026.jpg\",\"width\":1500,\"height\":1000,\"caption\":\"carte-salons-du-secteur-abc-2026\"},{\"@type\":\"BreadcrumbList\",\"@id\":\"https:\/\/abcprato.it\/fr\/evenements-et-salon\/salons-du-secteur-2026-pour-abc-4-points-de-contact-dans-le-monde\/#breadcrumb\",\"itemListElement\":[{\"@type\":\"ListItem\",\"position\":1,\"name\":\"Home\",\"item\":\"https:\/\/abcprato.it\/fr\/\"},{\"@type\":\"ListItem\",\"position\":2,\"name\":\"Salons du secteur 2026 pour ABC : 4 points de contact dans le monde\"}]},{\"@type\":\"WebSite\",\"@id\":\"https:\/\/abcprato.it\/fr\/#website\",\"url\":\"https:\/\/abcprato.it\/fr\/\",\"name\":\"ABC Equipment &amp; Solutions\",\"description\":\"\",\"publisher\":{\"@id\":\"https:\/\/abcprato.it\/fr\/#organization\"},\"potentialAction\":[{\"@type\":\"SearchAction\",\"target\":{\"@type\":\"EntryPoint\",\"urlTemplate\":\"https:\/\/abcprato.it\/fr\/?s={search_term_string}\"},\"query-input\":{\"@type\":\"PropertyValueSpecification\",\"valueRequired\":true,\"valueName\":\"search_term_string\"}}],\"inLanguage\":\"fr-FR\"},{\"@type\":\"Organization\",\"@id\":\"https:\/\/abcprato.it\/fr\/#organization\",\"name\":\"ABC Equipment & Solutions\",\"url\":\"https:\/\/abcprato.it\/fr\/\",\"logo\":{\"@type\":\"ImageObject\",\"inLanguage\":\"fr-FR\",\"@id\":\"https:\/\/abcprato.it\/fr\/#\/schema\/logo\/image\/\",\"url\":\"https:\/\/abcprato.it\/wp-content\/uploads\/2021\/01\/ABC-logo-2021.svg\",\"contentUrl\":\"https:\/\/abcprato.it\/wp-content\/uploads\/2021\/01\/ABC-logo-2021.svg\",\"width\":1,\"height\":1,\"caption\":\"ABC Equipment & Solutions\"},\"image\":{\"@id\":\"https:\/\/abcprato.it\/fr\/#\/schema\/logo\/image\/\"}},{\"@type\":\"Person\",\"@id\":\"https:\/\/abcprato.it\/fr\/#\/schema\/person\/00ba479806c558acdde7a5906f2e4e24\",\"name\":\"Cecilia\",\"image\":{\"@type\":\"ImageObject\",\"inLanguage\":\"fr-FR\",\"@id\":\"https:\/\/secure.gravatar.com\/avatar\/a59e665831e28f87b0e0b2993ccc300369a11814b880d658ae5ff4ed0d8687d0?s=96&d=mm&r=g\",\"url\":\"https:\/\/secure.gravatar.com\/avatar\/a59e665831e28f87b0e0b2993ccc300369a11814b880d658ae5ff4ed0d8687d0?s=96&d=mm&r=g\",\"contentUrl\":\"https:\/\/secure.gravatar.com\/avatar\/a59e665831e28f87b0e0b2993ccc300369a11814b880d658ae5ff4ed0d8687d0?s=96&d=mm&r=g\",\"caption\":\"Cecilia\"},\"url\":\"https:\/\/abcprato.it\/fr\/author\/cecilia\/\"}]}<\/script>\n<!-- \/ Yoast SEO plugin. -->","yoast_head_json":{"title":"Salons du secteur 2026 pour ABC : 4 points de contact dans le monde - ABC Equipment &amp; Solutions","description":"D\u00e9couvrez toutes les prochains salons du secteur o\u00f9 nous serons pr\u00e9sents en 2026 : 4 points de contact dans le monde, de l'Italie \u00e0 l'Inde et Mexique.","robots":{"index":"index","follow":"follow","max-snippet":"max-snippet:-1","max-image-preview":"max-image-preview:large","max-video-preview":"max-video-preview:-1"},"canonical":"https:\/\/abcprato.it\/fr\/evenements-et-salon\/salons-du-secteur-2026-pour-abc-4-points-de-contact-dans-le-monde\/","og_locale":"fr_FR","og_type":"article","og_title":"Salons du secteur 2026 pour ABC : 4 points de contact dans le monde - ABC Equipment &amp; Solutions","og_description":"D\u00e9couvrez toutes les prochains salons du secteur o\u00f9 nous serons pr\u00e9sents en 2026 : 4 points de contact dans le monde, de l'Italie \u00e0 l'Inde et Mexique.","og_url":"https:\/\/abcprato.it\/fr\/evenements-et-salon\/salons-du-secteur-2026-pour-abc-4-points-de-contact-dans-le-monde\/","og_site_name":"ABC Equipment &amp; Solutions","article_published_time":"2026-01-12T11:27:04+00:00","og_image":[{"width":1500,"height":1000,"url":"https:\/\/abcprato.it\/wp-content\/uploads\/2026\/01\/mappa-fiere-di-settore-2026.jpg","type":"image\/jpeg"}],"author":"Cecilia","twitter_card":"summary_large_image","twitter_misc":{"\u00c9crit par":"Cecilia","Dur\u00e9e de lecture estim\u00e9e":"3 minutes"},"schema":{"@context":"https:\/\/schema.org","@graph":[{"@type":"Article","@id":"https:\/\/abcprato.it\/fr\/evenements-et-salon\/salons-du-secteur-2026-pour-abc-4-points-de-contact-dans-le-monde\/#article","isPartOf":{"@id":"https:\/\/abcprato.it\/fr\/evenements-et-salon\/salons-du-secteur-2026-pour-abc-4-points-de-contact-dans-le-monde\/"},"author":{"name":"Cecilia","@id":"https:\/\/abcprato.it\/fr\/#\/schema\/person\/00ba479806c558acdde7a5906f2e4e24"},"headline":"Salons du secteur 2026 pour ABC : 4 points de contact dans le monde","datePublished":"2026-01-12T11:27:04+00:00","mainEntityOfPage":{"@id":"https:\/\/abcprato.it\/fr\/evenements-et-salon\/salons-du-secteur-2026-pour-abc-4-points-de-contact-dans-le-monde\/"},"wordCount":549,"publisher":{"@id":"https:\/\/abcprato.it\/fr\/#organization"},"image":{"@id":"https:\/\/abcprato.it\/fr\/evenements-et-salon\/salons-du-secteur-2026-pour-abc-4-points-de-contact-dans-le-monde\/#primaryimage"},"thumbnailUrl":"https:\/\/abcprato.it\/wp-content\/uploads\/2026\/01\/mappa-fiere-di-settore-2026.jpg","articleSection":["\u00c9v\u00e9nements et Salon"],"inLanguage":"fr-FR"},{"@type":"WebPage","@id":"https:\/\/abcprato.it\/fr\/evenements-et-salon\/salons-du-secteur-2026-pour-abc-4-points-de-contact-dans-le-monde\/","url":"https:\/\/abcprato.it\/fr\/evenements-et-salon\/salons-du-secteur-2026-pour-abc-4-points-de-contact-dans-le-monde\/","name":"Salons du secteur 2026 pour ABC : 4 points de contact dans le monde - ABC Equipment &amp; Solutions","isPartOf":{"@id":"https:\/\/abcprato.it\/fr\/#website"},"primaryImageOfPage":{"@id":"https:\/\/abcprato.it\/fr\/evenements-et-salon\/salons-du-secteur-2026-pour-abc-4-points-de-contact-dans-le-monde\/#primaryimage"},"image":{"@id":"https:\/\/abcprato.it\/fr\/evenements-et-salon\/salons-du-secteur-2026-pour-abc-4-points-de-contact-dans-le-monde\/#primaryimage"},"thumbnailUrl":"https:\/\/abcprato.it\/wp-content\/uploads\/2026\/01\/mappa-fiere-di-settore-2026.jpg","datePublished":"2026-01-12T11:27:04+00:00","description":"D\u00e9couvrez toutes les prochains salons du secteur o\u00f9 nous serons pr\u00e9sents en 2026 : 4 points de contact dans le monde, de l'Italie \u00e0 l'Inde et Mexique.","breadcrumb":{"@id":"https:\/\/abcprato.it\/fr\/evenements-et-salon\/salons-du-secteur-2026-pour-abc-4-points-de-contact-dans-le-monde\/#breadcrumb"},"inLanguage":"fr-FR","potentialAction":[{"@type":"ReadAction","target":["https:\/\/abcprato.it\/fr\/evenements-et-salon\/salons-du-secteur-2026-pour-abc-4-points-de-contact-dans-le-monde\/"]}]},{"@type":"ImageObject","inLanguage":"fr-FR","@id":"https:\/\/abcprato.it\/fr\/evenements-et-salon\/salons-du-secteur-2026-pour-abc-4-points-de-contact-dans-le-monde\/#primaryimage","url":"https:\/\/abcprato.it\/wp-content\/uploads\/2026\/01\/mappa-fiere-di-settore-2026.jpg","contentUrl":"https:\/\/abcprato.it\/wp-content\/uploads\/2026\/01\/mappa-fiere-di-settore-2026.jpg","width":1500,"height":1000,"caption":"carte-salons-du-secteur-abc-2026"},{"@type":"BreadcrumbList","@id":"https:\/\/abcprato.it\/fr\/evenements-et-salon\/salons-du-secteur-2026-pour-abc-4-points-de-contact-dans-le-monde\/#breadcrumb","itemListElement":[{"@type":"ListItem","position":1,"name":"Home","item":"https:\/\/abcprato.it\/fr\/"},{"@type":"ListItem","position":2,"name":"Salons du secteur 2026 pour ABC : 4 points de contact dans le monde"}]},{"@type":"WebSite","@id":"https:\/\/abcprato.it\/fr\/#website","url":"https:\/\/abcprato.it\/fr\/","name":"ABC Equipment &amp; Solutions","description":"","publisher":{"@id":"https:\/\/abcprato.it\/fr\/#organization"},"potentialAction":[{"@type":"SearchAction","target":{"@type":"EntryPoint","urlTemplate":"https:\/\/abcprato.it\/fr\/?s={search_term_string}"},"query-input":{"@type":"PropertyValueSpecification","valueRequired":true,"valueName":"search_term_string"}}],"inLanguage":"fr-FR"},{"@type":"Organization","@id":"https:\/\/abcprato.it\/fr\/#organization","name":"ABC Equipment & Solutions","url":"https:\/\/abcprato.it\/fr\/","logo":{"@type":"ImageObject","inLanguage":"fr-FR","@id":"https:\/\/abcprato.it\/fr\/#\/schema\/logo\/image\/","url":"https:\/\/abcprato.it\/wp-content\/uploads\/2021\/01\/ABC-logo-2021.svg","contentUrl":"https:\/\/abcprato.it\/wp-content\/uploads\/2021\/01\/ABC-logo-2021.svg","width":1,"height":1,"caption":"ABC Equipment & Solutions"},"image":{"@id":"https:\/\/abcprato.it\/fr\/#\/schema\/logo\/image\/"}},{"@type":"Person","@id":"https:\/\/abcprato.it\/fr\/#\/schema\/person\/00ba479806c558acdde7a5906f2e4e24","name":"Cecilia","image":{"@type":"ImageObject","inLanguage":"fr-FR","@id":"https:\/\/secure.gravatar.com\/avatar\/a59e665831e28f87b0e0b2993ccc300369a11814b880d658ae5ff4ed0d8687d0?s=96&d=mm&r=g","url":"https:\/\/secure.gravatar.com\/avatar\/a59e665831e28f87b0e0b2993ccc300369a11814b880d658ae5ff4ed0d8687d0?s=96&d=mm&r=g","contentUrl":"https:\/\/secure.gravatar.com\/avatar\/a59e665831e28f87b0e0b2993ccc300369a11814b880d658ae5ff4ed0d8687d0?s=96&d=mm&r=g","caption":"Cecilia"},"url":"https:\/\/abcprato.it\/fr\/author\/cecilia\/"}]}},"_links":{"self":[{"href":"https:\/\/abcprato.it\/fr\/wp-json\/wp\/v2\/posts\/36527","targetHints":{"allow":["GET"]}}],"collection":[{"href":"https:\/\/abcprato.it\/fr\/wp-json\/wp\/v2\/posts"}],"about":[{"href":"https:\/\/abcprato.it\/fr\/wp-json\/wp\/v2\/types\/post"}],"author":[{"embeddable":true,"href":"https:\/\/abcprato.it\/fr\/wp-json\/wp\/v2\/users\/3"}],"replies":[{"embeddable":true,"href":"https:\/\/abcprato.it\/fr\/wp-json\/wp\/v2\/comments?post=36527"}],"version-history":[{"count":4,"href":"https:\/\/abcprato.it\/fr\/wp-json\/wp\/v2\/posts\/36527\/revisions"}],"predecessor-version":[{"id":36547,"href":"https:\/\/abcprato.it\/fr\/wp-json\/wp\/v2\/posts\/36527\/revisions\/36547"}],"wp:featuredmedia":[{"embeddable":true,"href":"https:\/\/abcprato.it\/fr\/wp-json\/wp\/v2\/media\/36522"}],"wp:attachment":[{"href":"https:\/\/abcprato.it\/fr\/wp-json\/wp\/v2\/media?parent=36527"}],"wp:term":[{"taxonomy":"category","embeddable":true,"href":"https:\/\/abcprato.it\/fr\/wp-json\/wp\/v2\/categories?post=36527"},{"taxonomy":"post_tag","embeddable":true,"href":"https:\/\/abcprato.it\/fr\/wp-json\/wp\/v2\/tags?post=36527"}],"curies":[{"name":"wp","href":"https:\/\/api.w.org\/{rel}","templated":true}]}}