{"id":37624,"date":"2026-03-26T15:00:56","date_gmt":"2026-03-26T14:00:56","guid":{"rendered":"https:\/\/abcprato.it\/?p=37624"},"modified":"2026-03-26T15:57:03","modified_gmt":"2026-03-26T14:57:03","slug":"abc-au-mexique-une-collaboration-pluriannuelle-avec-cintos-y-accesorios-ll","status":"publish","type":"post","link":"https:\/\/abcprato.it\/fr\/curiosite\/abc-au-mexique-une-collaboration-pluriannuelle-avec-cintos-y-accesorios-ll\/","title":{"rendered":"ABC au Mexique : une collaboration pluriannuelle avec Cintos y Accesorios L&#038;L"},"content":{"rendered":"\t\t<div data-elementor-type=\"wp-post\" data-elementor-id=\"37624\" class=\"elementor elementor-37624 elementor-36946\" data-elementor-post-type=\"post\">\n\t\t\t\t<div class=\"elementor-element elementor-element-95333f6 e-flex e-con-boxed e-con e-parent\" data-id=\"95333f6\" data-element_type=\"container\" data-e-type=\"container\">\n\t\t\t\t\t<div class=\"e-con-inner\">\n\t\t\t\t<div class=\"elementor-element elementor-element-f1f931a elementor-widget elementor-widget-text-editor\" data-id=\"f1f931a\" data-element_type=\"widget\" data-e-type=\"widget\" data-widget_type=\"text-editor.default\">\n\t\t\t\t<div class=\"elementor-widget-container\">\n\t\t\t\t\t\t\t\t\t<p>Dans le <strong>secteur du cuir<\/strong>, le choix d&rsquo;<strong>\u00e9quipements de haute qualit\u00e9<\/strong> est un facteur strat\u00e9gique pour garantir l&rsquo;efficacit\u00e9, une meilleure productivit\u00e9 et la continuit\u00e9 des activit\u00e9s.<\/p><p>Un exemple concret est la <strong>collaboration entre ABC Equipment &amp; Solutions et Cintos y Accesorios L&amp;L<\/strong> avec sa marque <strong>Cinturones Freedom<\/strong>, un important fabricant de ceintures \u00e0 Monterrey, au Mexique, qui depuis 2016 choisit l&rsquo;\u00e9quipement ABC comme solution pour son nouveau site de l\u2019entreprise.<\/p><p>Cette voie a permis de mettre progressivement en place le nouveau si\u00e8ge de l&rsquo;entreprise, avec des commandes pass\u00e9es au fil du temps gr\u00e2ce aux exp\u00e9ditions internationales de conteneurs par bateau. L&rsquo;objectif de l&rsquo;entreprise mexicaine \u00e9tait de disposer d&rsquo;\u00e9quipements homog\u00e8nes de haute qualit\u00e9, con\u00e7us sur mesure selon les besoins du client, en standardisant les diff\u00e9rents d\u00e9partements de production. <\/p>\t\t\t\t\t\t\t\t<\/div>\n\t\t\t\t<\/div>\n\t\t\t\t\t<\/div>\n\t\t\t\t<\/div>\n\t\t<div class=\"elementor-element elementor-element-c354e0e e-flex e-con-boxed e-con e-parent\" data-id=\"c354e0e\" data-element_type=\"container\" data-e-type=\"container\">\n\t\t\t\t\t<div class=\"e-con-inner\">\n\t\t\t\t<div class=\"elementor-element elementor-element-466edac elementor-widget elementor-widget-video\" data-id=\"466edac\" data-element_type=\"widget\" data-e-type=\"widget\" data-settings=\"{&quot;youtube_url&quot;:&quot;https:\\\/\\\/www.youtube.com\\\/watch?v=7NhUH4pFwXg&amp;t=62s&quot;,&quot;autoplay&quot;:&quot;yes&quot;,&quot;mute&quot;:&quot;yes&quot;,&quot;video_type&quot;:&quot;youtube&quot;,&quot;controls&quot;:&quot;yes&quot;}\" data-widget_type=\"video.default\">\n\t\t\t\t<div class=\"elementor-widget-container\">\n\t\t\t\t\t\t\t<div class=\"elementor-wrapper elementor-open-inline\">\n\t\t\t<div class=\"elementor-video\"><\/div>\t\t<\/div>\n\t\t\t\t\t\t<\/div>\n\t\t\t\t<\/div>\n\t\t\t\t\t<\/div>\n\t\t\t\t<\/div>\n\t\t<div class=\"elementor-element elementor-element-32c164e e-flex e-con-boxed e-con e-parent\" data-id=\"32c164e\" data-element_type=\"container\" data-e-type=\"container\">\n\t\t\t\t\t<div class=\"e-con-inner\">\n\t\t\t\t<div class=\"elementor-element elementor-element-a04a9cf elementor-widget elementor-widget-heading\" data-id=\"a04a9cf\" data-element_type=\"widget\" data-e-type=\"widget\" data-widget_type=\"heading.default\">\n\t\t\t\t<div class=\"elementor-widget-container\">\n\t\t\t\t\t<h2 class=\"elementor-heading-title elementor-size-default\">Un nouvel site avec \u00e9quipements de haute qualit\u00e9<\/h2>\t\t\t\t<\/div>\n\t\t\t\t<\/div>\n\t\t\t\t\t<\/div>\n\t\t\t\t<\/div>\n\t\t<div class=\"elementor-element elementor-element-c8d6590 e-flex e-con-boxed e-con e-parent\" data-id=\"c8d6590\" data-element_type=\"container\" data-e-type=\"container\">\n\t\t\t\t\t<div class=\"e-con-inner\">\n\t\t\t\t<div class=\"elementor-element elementor-element-103d32b elementor-widget elementor-widget-text-editor\" data-id=\"103d32b\" data-element_type=\"widget\" data-e-type=\"widget\" data-widget_type=\"text-editor.default\">\n\t\t\t\t<div class=\"elementor-widget-container\">\n\t\t\t\t\t\t\t\t\t<p>Apr\u00e8s une visite de l\u2019atelier \u00e0 Monterrey par le responsable du d\u00e9veloppement produit, le fabricant de ceintures a pass\u00e9 sa <strong>premi\u00e8re commande en 2016<\/strong> en \u00e9quipant de nombreux d\u00e9partements du nouveau si\u00e8ge d&rsquo;\u00e9quipements ABC d\u00e9di\u00e9s.<\/p><p>Le client a ensuite continu\u00e9 \u00e0 fournir d&rsquo;autres fournitures au fil du temps, installant progressivement le nouvel \u00e9quipement ABC dans chaque d\u00e9partement. La continuit\u00e9 dans le temps t\u00e9moigne non seulement de la haute qualit\u00e9 des produits ins\u00e9r\u00e9s, mais aussi de la capacit\u00e9 \u00e0 r\u00e9pondre aux besoins sp\u00e9cifiques des clients.<\/p><p>Les <strong>principaux produits<\/strong> fournis \u00e9taient :<\/p><ul><li><a href=\"https:\/\/abcprato.it\/fr\/chariots\/chariot-porte-ceintures\/\"><strong>Chariots porte-ceintures<\/strong><\/a><\/li><li><a href=\"https:\/\/abcprato.it\/fr\/chevalet-cuir\/\"><b>Chariot porte-peaux<\/b><\/a><\/li><li><strong>Tables de travail sur mesure<\/strong><\/li><li><a href=\"https:\/\/abcprato.it\/fr\/rangement-a-ep\/meuble-horizontal-pour-emporte-pieces\/\"><strong>Meubles horizontaux pour emporte-pi\u00e8ces<\/strong><\/a><\/li><li><strong>Meubles horizontaux pour lames<\/strong><\/li><li><strong>Chariots personnalis\u00e9s r\u00e9alis\u00e9s sur mesure<\/strong><\/li><\/ul><p>Chaque produit a \u00e9t\u00e9 \u00e9tudi\u00e9 et int\u00e9gr\u00e9 \u00e0 la structure de l&rsquo;entreprise, dans le but d&rsquo;<strong>am\u00e9liorer les temps et les m\u00e9thodes, la s\u00e9curit\u00e9 des op\u00e9rateurs et la manipulation interne des produits semi-finis et finis<\/strong>. <\/p>\t\t\t\t\t\t\t\t<\/div>\n\t\t\t\t<\/div>\n\t\t\t\t\t<\/div>\n\t\t\t\t<\/div>\n\t\t<div class=\"elementor-element elementor-element-aa88238 e-flex e-con-boxed e-con e-parent\" data-id=\"aa88238\" data-element_type=\"container\" data-e-type=\"container\">\n\t\t\t\t\t<div class=\"e-con-inner\">\n\t\t\t\t<div class=\"elementor-element elementor-element-c7efb4d elementor-widget elementor-widget-image\" data-id=\"c7efb4d\" data-element_type=\"widget\" data-e-type=\"widget\" data-widget_type=\"image.default\">\n\t\t\t\t<div class=\"elementor-widget-container\">\n\t\t\t\t\t\t\t\t\t\t\t\t\t\t\t<img fetchpriority=\"high\" decoding=\"async\" width=\"800\" height=\"534\" src=\"https:\/\/abcprato.it\/wp-content\/uploads\/2026\/03\/expedition-par-bateau-Mexique-1024x683.jpg\" class=\"attachment-large size-large wp-image-37627\" alt=\"exp\u00e9dition-par- bateau-Mexique\" srcset=\"https:\/\/abcprato.it\/wp-content\/uploads\/2026\/03\/expedition-par-bateau-Mexique-1024x683.jpg 1024w, https:\/\/abcprato.it\/wp-content\/uploads\/2026\/03\/expedition-par-bateau-Mexique-300x200.jpg 300w, https:\/\/abcprato.it\/wp-content\/uploads\/2026\/03\/expedition-par-bateau-Mexique-768x512.jpg 768w, https:\/\/abcprato.it\/wp-content\/uploads\/2026\/03\/expedition-par-bateau-Mexique-24x16.jpg 24w, https:\/\/abcprato.it\/wp-content\/uploads\/2026\/03\/expedition-par-bateau-Mexique-36x24.jpg 36w, https:\/\/abcprato.it\/wp-content\/uploads\/2026\/03\/expedition-par-bateau-Mexique-48x32.jpg 48w, https:\/\/abcprato.it\/wp-content\/uploads\/2026\/03\/expedition-par-bateau-Mexique.jpg 1500w\" sizes=\"(max-width: 800px) 100vw, 800px\" \/>\t\t\t\t\t\t\t\t\t\t\t\t\t\t\t<\/div>\n\t\t\t\t<\/div>\n\t\t\t\t\t<\/div>\n\t\t\t\t<\/div>\n\t\t<div class=\"elementor-element elementor-element-f771245 e-flex e-con-boxed e-con e-parent\" data-id=\"f771245\" data-element_type=\"container\" data-e-type=\"container\">\n\t\t\t\t\t<div class=\"e-con-inner\">\n\t\t\t\t<div class=\"elementor-element elementor-element-438fba6 elementor-widget elementor-widget-heading\" data-id=\"438fba6\" data-element_type=\"widget\" data-e-type=\"widget\" data-widget_type=\"heading.default\">\n\t\t\t\t<div class=\"elementor-widget-container\">\n\t\t\t\t\t<h2 class=\"elementor-heading-title elementor-size-default\">Chariots ABC : efficacit\u00e9 dans la manipulation<\/h2>\t\t\t\t<\/div>\n\t\t\t\t<\/div>\n\t\t\t\t\t<\/div>\n\t\t\t\t<\/div>\n\t\t<div class=\"elementor-element elementor-element-4127d4d e-flex e-con-boxed e-con e-parent\" data-id=\"4127d4d\" data-element_type=\"container\" data-e-type=\"container\">\n\t\t\t\t\t<div class=\"e-con-inner\">\n\t\t\t\t<div class=\"elementor-element elementor-element-a18f589 elementor-widget elementor-widget-text-editor\" data-id=\"a18f589\" data-element_type=\"widget\" data-e-type=\"widget\" data-widget_type=\"text-editor.default\">\n\t\t\t\t<div class=\"elementor-widget-container\">\n\t\t\t\t\t\t\t\t\t<p>Le produit <strong>chariot porte-ceintures<\/strong> est n\u00e9 de Cinturones Freedom, qui devait g\u00e9rer les ceintures ou bandouliers en cuir dans le d\u00e9partement sur roulettes. \u00c0 partir de l&rsquo;\u00e9tude et de l&rsquo;\u00e9coute des besoins du client, nous avons d\u00e9velopp\u00e9 et test\u00e9 le premier prototype. Le chariot porte-ceintures fait toujours partie de la gamme de produits ABC.<\/p><p>Les chariots porte-ceintures ainsi que les chariots porte-peaux jouent un <strong>r\u00f4le central dans la gestion des mat\u00e9riaux semi-finis<\/strong>. Leur conception permet :<\/p><ul><li>Un mouvement fluide entre les d\u00e9partements<\/li><li>Polyvalence d&rsquo;utilisation<\/li><li>Une meilleure stabilit\u00e9 m\u00eame sous pleine charge<\/li><\/ul>\t\t\t\t\t\t\t\t<\/div>\n\t\t\t\t<\/div>\n\t\t\t\t\t<\/div>\n\t\t\t\t<\/div>\n\t\t<div class=\"elementor-element elementor-element-227dec4 e-flex e-con-boxed e-con e-parent\" data-id=\"227dec4\" data-element_type=\"container\" data-e-type=\"container\">\n\t\t\t\t\t<div class=\"e-con-inner\">\n\t\t<div class=\"elementor-element elementor-element-f186cca e-con-full e-flex e-con e-child\" data-id=\"f186cca\" data-element_type=\"container\" data-e-type=\"container\">\n\t\t\t\t<div class=\"elementor-element elementor-element-24cdf57 elementor-widget elementor-widget-image\" data-id=\"24cdf57\" data-element_type=\"widget\" data-e-type=\"widget\" data-widget_type=\"image.default\">\n\t\t\t\t<div class=\"elementor-widget-container\">\n\t\t\t\t\t\t\t\t\t\t\t\t\t\t\t<img decoding=\"async\" width=\"800\" height=\"800\" src=\"https:\/\/abcprato.it\/wp-content\/uploads\/2026\/03\/porte-ceintures-Mexico.jpg\" class=\"attachment-large size-large wp-image-37629\" alt=\"porte-ceintures-Mexico\" srcset=\"https:\/\/abcprato.it\/wp-content\/uploads\/2026\/03\/porte-ceintures-Mexico.jpg 1000w, https:\/\/abcprato.it\/wp-content\/uploads\/2026\/03\/porte-ceintures-Mexico-300x300.jpg 300w, https:\/\/abcprato.it\/wp-content\/uploads\/2026\/03\/porte-ceintures-Mexico-150x150.jpg 150w, https:\/\/abcprato.it\/wp-content\/uploads\/2026\/03\/porte-ceintures-Mexico-768x768.jpg 768w, https:\/\/abcprato.it\/wp-content\/uploads\/2026\/03\/porte-ceintures-Mexico-400x400.jpg 400w, https:\/\/abcprato.it\/wp-content\/uploads\/2026\/03\/porte-ceintures-Mexico-24x24.jpg 24w, https:\/\/abcprato.it\/wp-content\/uploads\/2026\/03\/porte-ceintures-Mexico-36x36.jpg 36w, https:\/\/abcprato.it\/wp-content\/uploads\/2026\/03\/porte-ceintures-Mexico-48x48.jpg 48w\" sizes=\"(max-width: 800px) 100vw, 800px\" \/>\t\t\t\t\t\t\t\t\t\t\t\t\t\t\t<\/div>\n\t\t\t\t<\/div>\n\t\t\t\t<\/div>\n\t\t<div class=\"elementor-element elementor-element-83c7b09 e-con-full e-flex e-con e-child\" data-id=\"83c7b09\" data-element_type=\"container\" data-e-type=\"container\">\n\t\t\t\t<div class=\"elementor-element elementor-element-fc67624 elementor-widget elementor-widget-image\" data-id=\"fc67624\" data-element_type=\"widget\" data-e-type=\"widget\" data-widget_type=\"image.default\">\n\t\t\t\t<div class=\"elementor-widget-container\">\n\t\t\t\t\t\t\t\t\t\t\t\t\t\t\t<img decoding=\"async\" width=\"800\" height=\"534\" src=\"https:\/\/abcprato.it\/wp-content\/uploads\/2026\/03\/chariot-porte-ceintures-Cintos-1-1024x683.jpg\" class=\"attachment-large size-large wp-image-37630\" alt=\"\" srcset=\"https:\/\/abcprato.it\/wp-content\/uploads\/2026\/03\/chariot-porte-ceintures-Cintos-1-1024x683.jpg 1024w, https:\/\/abcprato.it\/wp-content\/uploads\/2026\/03\/chariot-porte-ceintures-Cintos-1-300x200.jpg 300w, https:\/\/abcprato.it\/wp-content\/uploads\/2026\/03\/chariot-porte-ceintures-Cintos-1-768x512.jpg 768w, https:\/\/abcprato.it\/wp-content\/uploads\/2026\/03\/chariot-porte-ceintures-Cintos-1-24x16.jpg 24w, https:\/\/abcprato.it\/wp-content\/uploads\/2026\/03\/chariot-porte-ceintures-Cintos-1-36x24.jpg 36w, https:\/\/abcprato.it\/wp-content\/uploads\/2026\/03\/chariot-porte-ceintures-Cintos-1-48x32.jpg 48w, https:\/\/abcprato.it\/wp-content\/uploads\/2026\/03\/chariot-porte-ceintures-Cintos-1.jpg 1500w\" sizes=\"(max-width: 800px) 100vw, 800px\" \/>\t\t\t\t\t\t\t\t\t\t\t\t\t\t\t<\/div>\n\t\t\t\t<\/div>\n\t\t\t\t<\/div>\n\t\t\t\t\t<\/div>\n\t\t\t\t<\/div>\n\t\t<div class=\"elementor-element elementor-element-5ffa30f e-flex e-con-boxed e-con e-parent\" data-id=\"5ffa30f\" data-element_type=\"container\" data-e-type=\"container\">\n\t\t\t\t\t<div class=\"e-con-inner\">\n\t\t\t\t<div class=\"elementor-element elementor-element-321cf48 elementor-widget elementor-widget-heading\" data-id=\"321cf48\" data-element_type=\"widget\" data-e-type=\"widget\" data-widget_type=\"heading.default\">\n\t\t\t\t<div class=\"elementor-widget-container\">\n\t\t\t\t\t<h2 class=\"elementor-heading-title elementor-size-default\">Tables de travail : solutions sur mesure <\/h2>\t\t\t\t<\/div>\n\t\t\t\t<\/div>\n\t\t\t\t\t<\/div>\n\t\t\t\t<\/div>\n\t\t<div class=\"elementor-element elementor-element-9923d07 e-flex e-con-boxed e-con e-parent\" data-id=\"9923d07\" data-element_type=\"container\" data-e-type=\"container\">\n\t\t\t\t\t<div class=\"e-con-inner\">\n\t\t\t\t<div class=\"elementor-element elementor-element-a6fd9f0 elementor-widget elementor-widget-text-editor\" data-id=\"a6fd9f0\" data-element_type=\"widget\" data-e-type=\"widget\" data-widget_type=\"text-editor.default\">\n\t\t\t\t<div class=\"elementor-widget-container\">\n\t\t\t\t\t\t\t\t\t<p>Les <strong>tables de travail<\/strong> ont \u00e9t\u00e9 con\u00e7ues <strong>sur mesure<\/strong> pour s&rsquo;adapter aux phases sp\u00e9cifiques de traitement, garantissant ergonomie, interchangeabilit\u00e9 entre d\u00e9partements et stabilit\u00e9 m\u00eame sous charges intensives. Deux mod\u00e8les plus grands que le standard \u00e9taient demand\u00e9s, \u00e9quip\u00e9s de roulettes pour les d\u00e9placer facilement en cas de modification de la configuration de l&rsquo;entreprise.<\/p><p>Les <strong>particularit\u00e9s<\/strong> du produit sont :<\/p><ul><li>Cadre en acier durable et \u00e9tag\u00e8res en bois blanc<\/li><li>Dimensions personnalis\u00e9es selon les demandes du client<\/li><li>Polyvalence d&rsquo;utilisation dans diff\u00e9rents d\u00e9partements<\/li><li>Positionnement facile gr\u00e2ce \u00e0 la pr\u00e9sence de roues robustes pour charges lourdes<\/li><\/ul>\t\t\t\t\t\t\t\t<\/div>\n\t\t\t\t<\/div>\n\t\t\t\t\t<\/div>\n\t\t\t\t<\/div>\n\t\t<div class=\"elementor-element elementor-element-101bd49 e-flex e-con-boxed e-con e-parent\" data-id=\"101bd49\" data-element_type=\"container\" data-e-type=\"container\">\n\t\t\t\t\t<div class=\"e-con-inner\">\n\t\t\t\t<div class=\"elementor-element elementor-element-ad4d769 elementor-widget elementor-widget-image\" data-id=\"ad4d769\" data-element_type=\"widget\" data-e-type=\"widget\" data-widget_type=\"image.default\">\n\t\t\t\t<div class=\"elementor-widget-container\">\n\t\t\t\t\t\t\t\t\t\t\t\t\t\t\t<img loading=\"lazy\" decoding=\"async\" width=\"800\" height=\"534\" src=\"https:\/\/abcprato.it\/wp-content\/uploads\/2026\/03\/table-de-travail-sur-mesure-1024x683.jpg\" class=\"attachment-large size-large wp-image-37631\" alt=\"\" srcset=\"https:\/\/abcprato.it\/wp-content\/uploads\/2026\/03\/table-de-travail-sur-mesure-1024x683.jpg 1024w, https:\/\/abcprato.it\/wp-content\/uploads\/2026\/03\/table-de-travail-sur-mesure-300x200.jpg 300w, https:\/\/abcprato.it\/wp-content\/uploads\/2026\/03\/table-de-travail-sur-mesure-768x512.jpg 768w, https:\/\/abcprato.it\/wp-content\/uploads\/2026\/03\/table-de-travail-sur-mesure-24x16.jpg 24w, https:\/\/abcprato.it\/wp-content\/uploads\/2026\/03\/table-de-travail-sur-mesure-36x24.jpg 36w, https:\/\/abcprato.it\/wp-content\/uploads\/2026\/03\/table-de-travail-sur-mesure-48x32.jpg 48w, https:\/\/abcprato.it\/wp-content\/uploads\/2026\/03\/table-de-travail-sur-mesure.jpg 1500w\" sizes=\"(max-width: 800px) 100vw, 800px\" \/>\t\t\t\t\t\t\t\t\t\t\t\t\t\t\t<\/div>\n\t\t\t\t<\/div>\n\t\t\t\t\t<\/div>\n\t\t\t\t<\/div>\n\t\t<div class=\"elementor-element elementor-element-728083f e-flex e-con-boxed e-con e-parent\" data-id=\"728083f\" data-element_type=\"container\" data-e-type=\"container\">\n\t\t\t\t\t<div class=\"e-con-inner\">\n\t\t\t\t<div class=\"elementor-element elementor-element-7aff3bf elementor-widget elementor-widget-heading\" data-id=\"7aff3bf\" data-element_type=\"widget\" data-e-type=\"widget\" data-widget_type=\"heading.default\">\n\t\t\t\t<div class=\"elementor-widget-container\">\n\t\t\t\t\t<h2 class=\"elementor-heading-title elementor-size-default\">Meubles horizontaux ABC : ordre et s\u00e9curit\u00e9<\/h2>\t\t\t\t<\/div>\n\t\t\t\t<\/div>\n\t\t\t\t\t<\/div>\n\t\t\t\t<\/div>\n\t\t<div class=\"elementor-element elementor-element-3649d09 e-flex e-con-boxed e-con e-parent\" data-id=\"3649d09\" data-element_type=\"container\" data-e-type=\"container\">\n\t\t\t\t\t<div class=\"e-con-inner\">\n\t\t\t\t<div class=\"elementor-element elementor-element-1583a42 elementor-widget elementor-widget-text-editor\" data-id=\"1583a42\" data-element_type=\"widget\" data-e-type=\"widget\" data-widget_type=\"text-editor.default\">\n\t\t\t\t<div class=\"elementor-widget-container\">\n\t\t\t\t\t\t\t\t\t<p>Les <strong>meubles horizontaux<\/strong> pour emporte-pi\u00e8ces et les versions sp\u00e9ciales <strong>porte-lames<\/strong> aident \u00e0 garder chaque objet stock\u00e9 \u00e0 sa place, rendant chaque d\u00e9partement dans l\u2019ordre et contr\u00f4l\u00e9. <br \/>Dans un environnement de production li\u00e9 \u00e0 la d\u00e9coupe et au traitement du cuir, <strong>garder les outils et les lames ordonn\u00e9s<\/strong> est crucial pour :<\/p><ul><li>Trouvez imm\u00e9diatement les articles dont vous avez besoin pour le traitement<\/li><li>Pr\u00e9venir les accidents des op\u00e9rateurs<\/li><li>Conservez les objets dans les tiroirs<\/li><\/ul>\t\t\t\t\t\t\t\t<\/div>\n\t\t\t\t<\/div>\n\t\t\t\t\t<\/div>\n\t\t\t\t<\/div>\n\t\t<div class=\"elementor-element elementor-element-1e729cb e-flex e-con-boxed e-con e-parent\" data-id=\"1e729cb\" data-element_type=\"container\" data-e-type=\"container\">\n\t\t\t\t\t<div class=\"e-con-inner\">\n\t\t<div class=\"elementor-element elementor-element-bc53fbd e-con-full e-flex e-con e-child\" data-id=\"bc53fbd\" data-element_type=\"container\" data-e-type=\"container\">\n\t\t\t\t<div class=\"elementor-element elementor-element-555a776 elementor-widget elementor-widget-image\" data-id=\"555a776\" data-element_type=\"widget\" data-e-type=\"widget\" data-widget_type=\"image.default\">\n\t\t\t\t<div class=\"elementor-widget-container\">\n\t\t\t\t\t\t\t\t\t\t\t\t\t\t\t<img loading=\"lazy\" decoding=\"async\" width=\"800\" height=\"534\" src=\"https:\/\/abcprato.it\/wp-content\/uploads\/2026\/03\/meuble-pour-emporte-pieces-1024x683.jpg\" class=\"attachment-large size-large wp-image-37632\" alt=\"\" srcset=\"https:\/\/abcprato.it\/wp-content\/uploads\/2026\/03\/meuble-pour-emporte-pieces-1024x683.jpg 1024w, https:\/\/abcprato.it\/wp-content\/uploads\/2026\/03\/meuble-pour-emporte-pieces-300x200.jpg 300w, https:\/\/abcprato.it\/wp-content\/uploads\/2026\/03\/meuble-pour-emporte-pieces-768x512.jpg 768w, https:\/\/abcprato.it\/wp-content\/uploads\/2026\/03\/meuble-pour-emporte-pieces-24x16.jpg 24w, https:\/\/abcprato.it\/wp-content\/uploads\/2026\/03\/meuble-pour-emporte-pieces-36x24.jpg 36w, https:\/\/abcprato.it\/wp-content\/uploads\/2026\/03\/meuble-pour-emporte-pieces-48x32.jpg 48w, https:\/\/abcprato.it\/wp-content\/uploads\/2026\/03\/meuble-pour-emporte-pieces.jpg 1500w\" sizes=\"(max-width: 800px) 100vw, 800px\" \/>\t\t\t\t\t\t\t\t\t\t\t\t\t\t\t<\/div>\n\t\t\t\t<\/div>\n\t\t\t\t<\/div>\n\t\t<div class=\"elementor-element elementor-element-0087d6b e-con-full e-flex e-con e-child\" data-id=\"0087d6b\" data-element_type=\"container\" data-e-type=\"container\">\n\t\t\t\t<div class=\"elementor-element elementor-element-4e07432 elementor-widget elementor-widget-image\" data-id=\"4e07432\" data-element_type=\"widget\" data-e-type=\"widget\" data-widget_type=\"image.default\">\n\t\t\t\t<div class=\"elementor-widget-container\">\n\t\t\t\t\t\t\t\t\t\t\t\t\t\t\t<img loading=\"lazy\" decoding=\"async\" width=\"800\" height=\"534\" src=\"https:\/\/abcprato.it\/wp-content\/uploads\/2026\/03\/meuble-porte-lames-1024x683.jpg\" class=\"attachment-large size-large wp-image-37633\" alt=\"meuble-porte-lames\" srcset=\"https:\/\/abcprato.it\/wp-content\/uploads\/2026\/03\/meuble-porte-lames-1024x683.jpg 1024w, https:\/\/abcprato.it\/wp-content\/uploads\/2026\/03\/meuble-porte-lames-300x200.jpg 300w, https:\/\/abcprato.it\/wp-content\/uploads\/2026\/03\/meuble-porte-lames-768x512.jpg 768w, https:\/\/abcprato.it\/wp-content\/uploads\/2026\/03\/meuble-porte-lames-24x16.jpg 24w, https:\/\/abcprato.it\/wp-content\/uploads\/2026\/03\/meuble-porte-lames-36x24.jpg 36w, https:\/\/abcprato.it\/wp-content\/uploads\/2026\/03\/meuble-porte-lames-48x32.jpg 48w, https:\/\/abcprato.it\/wp-content\/uploads\/2026\/03\/meuble-porte-lames.jpg 1500w\" sizes=\"(max-width: 800px) 100vw, 800px\" \/>\t\t\t\t\t\t\t\t\t\t\t\t\t\t\t<\/div>\n\t\t\t\t<\/div>\n\t\t\t\t<\/div>\n\t\t\t\t\t<\/div>\n\t\t\t\t<\/div>\n\t\t<div class=\"elementor-element elementor-element-ba10479 e-flex e-con-boxed e-con e-parent\" data-id=\"ba10479\" data-element_type=\"container\" data-e-type=\"container\">\n\t\t\t\t\t<div class=\"e-con-inner\">\n\t\t\t\t<div class=\"elementor-element elementor-element-270edb9 elementor-widget elementor-widget-heading\" data-id=\"270edb9\" data-element_type=\"widget\" data-e-type=\"widget\" data-widget_type=\"heading.default\">\n\t\t\t\t<div class=\"elementor-widget-container\">\n\t\t\t\t\t<h2 class=\"elementor-heading-title elementor-size-default\">Collaboration technique et d\u00e9veloppement de solutions sur mesure<\/h2>\t\t\t\t<\/div>\n\t\t\t\t<\/div>\n\t\t\t\t\t<\/div>\n\t\t\t\t<\/div>\n\t\t<div class=\"elementor-element elementor-element-3a86fe4 e-flex e-con-boxed e-con e-parent\" data-id=\"3a86fe4\" data-element_type=\"container\" data-e-type=\"container\">\n\t\t\t\t\t<div class=\"e-con-inner\">\n\t\t\t\t<div class=\"elementor-element elementor-element-0d52369 elementor-widget elementor-widget-text-editor\" data-id=\"0d52369\" data-element_type=\"widget\" data-e-type=\"widget\" data-widget_type=\"text-editor.default\">\n\t\t\t\t<div class=\"elementor-widget-container\">\n\t\t\t\t\t\t\t\t\t<p>Un \u00e9l\u00e9ment qui distingue la relation durable avec le client est la forte collaboration qui nous a permis de d\u00e9velopper des <strong>solutions sur mesure<\/strong>, en \u00e9coutant les besoins sp\u00e9cifiques.<\/p><p>Voici quelques <strong>exemples<\/strong> de produits personnalis\u00e9s r\u00e9alis\u00e9s :<\/p><ul><li>Des <strong>chariots sp\u00e9ciaux pour la manipulation des ceintures de produits finis<\/strong> d\u00e9j\u00e0 emball\u00e9s et pr\u00eats \u00e0 \u00eatre exp\u00e9di\u00e9s<\/li><li><strong>Chariots \u00e0 \u00e9tag\u00e8res pour ceintures avec s\u00e9parateurs<\/strong> et conteneurs pour des composants tels que des boucles. Id\u00e9al pour s\u00e9parer diff\u00e9rents types de production, en les maintenant en ordre. <\/li><\/ul>\t\t\t\t\t\t\t\t<\/div>\n\t\t\t\t<\/div>\n\t\t\t\t\t<\/div>\n\t\t\t\t<\/div>\n\t\t<div class=\"elementor-element elementor-element-f964b94 e-flex e-con-boxed e-con e-parent\" data-id=\"f964b94\" data-element_type=\"container\" data-e-type=\"container\">\n\t\t\t\t\t<div class=\"e-con-inner\">\n\t\t<div class=\"elementor-element elementor-element-1a3ccf6 e-con-full e-flex e-con e-child\" data-id=\"1a3ccf6\" data-element_type=\"container\" data-e-type=\"container\">\n\t\t\t\t<div class=\"elementor-element elementor-element-b6618ab elementor-widget elementor-widget-image\" data-id=\"b6618ab\" data-element_type=\"widget\" data-e-type=\"widget\" data-widget_type=\"image.default\">\n\t\t\t\t<div class=\"elementor-widget-container\">\n\t\t\t\t\t\t\t\t\t\t\t\t\t\t\t<img loading=\"lazy\" decoding=\"async\" width=\"800\" height=\"534\" src=\"https:\/\/abcprato.it\/wp-content\/uploads\/2026\/03\/chariot-pour-paquets-produit-fini-1024x683.jpg\" class=\"attachment-large size-large wp-image-37634\" alt=\"\" srcset=\"https:\/\/abcprato.it\/wp-content\/uploads\/2026\/03\/chariot-pour-paquets-produit-fini-1024x683.jpg 1024w, https:\/\/abcprato.it\/wp-content\/uploads\/2026\/03\/chariot-pour-paquets-produit-fini-300x200.jpg 300w, https:\/\/abcprato.it\/wp-content\/uploads\/2026\/03\/chariot-pour-paquets-produit-fini-768x512.jpg 768w, https:\/\/abcprato.it\/wp-content\/uploads\/2026\/03\/chariot-pour-paquets-produit-fini-24x16.jpg 24w, https:\/\/abcprato.it\/wp-content\/uploads\/2026\/03\/chariot-pour-paquets-produit-fini-36x24.jpg 36w, https:\/\/abcprato.it\/wp-content\/uploads\/2026\/03\/chariot-pour-paquets-produit-fini-48x32.jpg 48w, https:\/\/abcprato.it\/wp-content\/uploads\/2026\/03\/chariot-pour-paquets-produit-fini.jpg 1500w\" sizes=\"(max-width: 800px) 100vw, 800px\" \/>\t\t\t\t\t\t\t\t\t\t\t\t\t\t\t<\/div>\n\t\t\t\t<\/div>\n\t\t\t\t<\/div>\n\t\t<div class=\"elementor-element elementor-element-b703a0e e-con-full e-flex e-con e-child\" data-id=\"b703a0e\" data-element_type=\"container\" data-e-type=\"container\">\n\t\t\t\t<div class=\"elementor-element elementor-element-c39b960 elementor-widget elementor-widget-image\" data-id=\"c39b960\" data-element_type=\"widget\" data-e-type=\"widget\" data-widget_type=\"image.default\">\n\t\t\t\t<div class=\"elementor-widget-container\">\n\t\t\t\t\t\t\t\t\t\t\t\t\t\t\t<img loading=\"lazy\" decoding=\"async\" width=\"800\" height=\"534\" src=\"https:\/\/abcprato.it\/wp-content\/uploads\/2026\/03\/chariot-a-etageres-avec-separateurs-pour-ceintures-1024x683.jpg\" class=\"attachment-large size-large wp-image-37635\" alt=\"\" srcset=\"https:\/\/abcprato.it\/wp-content\/uploads\/2026\/03\/chariot-a-etageres-avec-separateurs-pour-ceintures-1024x683.jpg 1024w, https:\/\/abcprato.it\/wp-content\/uploads\/2026\/03\/chariot-a-etageres-avec-separateurs-pour-ceintures-300x200.jpg 300w, https:\/\/abcprato.it\/wp-content\/uploads\/2026\/03\/chariot-a-etageres-avec-separateurs-pour-ceintures-768x512.jpg 768w, https:\/\/abcprato.it\/wp-content\/uploads\/2026\/03\/chariot-a-etageres-avec-separateurs-pour-ceintures-24x16.jpg 24w, https:\/\/abcprato.it\/wp-content\/uploads\/2026\/03\/chariot-a-etageres-avec-separateurs-pour-ceintures-36x24.jpg 36w, https:\/\/abcprato.it\/wp-content\/uploads\/2026\/03\/chariot-a-etageres-avec-separateurs-pour-ceintures-48x32.jpg 48w, https:\/\/abcprato.it\/wp-content\/uploads\/2026\/03\/chariot-a-etageres-avec-separateurs-pour-ceintures.jpg 1500w\" sizes=\"(max-width: 800px) 100vw, 800px\" \/>\t\t\t\t\t\t\t\t\t\t\t\t\t\t\t<\/div>\n\t\t\t\t<\/div>\n\t\t\t\t<\/div>\n\t\t\t\t\t<\/div>\n\t\t\t\t<\/div>\n\t\t<div class=\"elementor-element elementor-element-6b8f034 e-flex e-con-boxed e-con e-parent\" data-id=\"6b8f034\" data-element_type=\"container\" data-e-type=\"container\">\n\t\t\t\t\t<div class=\"e-con-inner\">\n\t\t\t\t<div class=\"elementor-element elementor-element-7e1ba79 elementor-widget elementor-widget-text-editor\" data-id=\"7e1ba79\" data-element_type=\"widget\" data-e-type=\"widget\" data-widget_type=\"text-editor.default\">\n\t\t\t\t<div class=\"elementor-widget-container\">\n\t\t\t\t\t\t\t\t\t<p>Au fil des ann\u00e9es, chaque nouvelle fourniture est n\u00e9e de l&rsquo;analyse des besoins op\u00e9rationnels sp\u00e9cifiques du d\u00e9partement : flux de manipulation, type de mat\u00e9riaux trait\u00e9s, contraintes d&rsquo;espace et normes de s\u00e9curit\u00e9.<\/p><p>Cette <strong>approche technico-consultative<\/strong> a permis d&rsquo;adapter les chariots, tables et syst\u00e8mes de stockage \u00e0 des sc\u00e9narios de production r\u00e9els, transformant chaque commande en une \u00e9volution par rapport \u00e0 l&rsquo;approvisionnement pr\u00e9c\u00e9dent. Le r\u00e9sultat n&rsquo;a pas \u00e9t\u00e9 seulement l&rsquo;installation de l&rsquo;\u00e9quipement, mais la construction progressive d&rsquo;un \u00e9cosyst\u00e8me de travail optimis\u00e9, con\u00e7u pour soutenir la croissance et l&rsquo;efficacit\u00e9 \u00e0 long terme.<\/p>\t\t\t\t\t\t\t\t<\/div>\n\t\t\t\t<\/div>\n\t\t\t\t\t<\/div>\n\t\t\t\t<\/div>\n\t\t<div class=\"elementor-element elementor-element-e76cdcf e-flex e-con-boxed e-con e-parent\" data-id=\"e76cdcf\" data-element_type=\"container\" data-e-type=\"container\">\n\t\t\t\t\t<div class=\"e-con-inner\">\n\t\t\t\t<div class=\"elementor-element elementor-element-0c8b59b elementor-widget elementor-widget-heading\" data-id=\"0c8b59b\" data-element_type=\"widget\" data-e-type=\"widget\" data-widget_type=\"heading.default\">\n\t\t\t\t<div class=\"elementor-widget-container\">\n\t\t\t\t\t<h2 class=\"elementor-heading-title elementor-size-default\">Un cas concret de collaboration pluriannuelle<\/h2>\t\t\t\t<\/div>\n\t\t\t\t<\/div>\n\t\t\t\t\t<\/div>\n\t\t\t\t<\/div>\n\t\t<div class=\"elementor-element elementor-element-7f943cb e-flex e-con-boxed e-con e-parent\" data-id=\"7f943cb\" data-element_type=\"container\" data-e-type=\"container\">\n\t\t\t\t\t<div class=\"e-con-inner\">\n\t\t\t\t<div class=\"elementor-element elementor-element-8eca40c elementor-widget elementor-widget-text-editor\" data-id=\"8eca40c\" data-element_type=\"widget\" data-e-type=\"widget\" data-widget_type=\"text-editor.default\">\n\t\t\t\t<div class=\"elementor-widget-container\">\n\t\t\t\t\t\t\t\t\t<p>Cette <strong>collaboration pluriannuelle<\/strong> d\u00e9montre comment l&rsquo;inclusion d&rsquo;\u00e9quipements de haute qualit\u00e9 peut constituer un investissement strat\u00e9gique pour l&rsquo;entreprise. Installer des \u00e9quipements homog\u00e8nes, tels que des chariots et des tables, dans chaque d\u00e9partement permet de construire un environnement de travail plus efficace, s\u00fbr et \u00e9volutif.<\/p>\t\t\t\t\t\t\t\t<\/div>\n\t\t\t\t<\/div>\n\t\t\t\t\t<\/div>\n\t\t\t\t<\/div>\n\t\t<div class=\"elementor-element elementor-element-1ba304e e-flex e-con-boxed e-con e-parent\" data-id=\"1ba304e\" data-element_type=\"container\" data-e-type=\"container\">\n\t\t\t\t\t<div class=\"e-con-inner\">\n\t\t\t\t<div class=\"elementor-element elementor-element-548678c elementor-widget elementor-widget-image\" data-id=\"548678c\" data-element_type=\"widget\" data-e-type=\"widget\" data-widget_type=\"image.default\">\n\t\t\t\t<div class=\"elementor-widget-container\">\n\t\t\t\t\t\t\t\t\t\t\t\t\t\t\t<img loading=\"lazy\" decoding=\"async\" width=\"800\" height=\"534\" src=\"https:\/\/abcprato.it\/wp-content\/uploads\/2024\/07\/rigoberto-luna-simac-1024x683.jpg\" class=\"attachment-large size-large wp-image-29492\" alt=\"rigoberto-luna-simac\" srcset=\"https:\/\/abcprato.it\/wp-content\/uploads\/2024\/07\/rigoberto-luna-simac-1024x683.jpg 1024w, https:\/\/abcprato.it\/wp-content\/uploads\/2024\/07\/rigoberto-luna-simac-300x200.jpg 300w, https:\/\/abcprato.it\/wp-content\/uploads\/2024\/07\/rigoberto-luna-simac-768x512.jpg 768w, https:\/\/abcprato.it\/wp-content\/uploads\/2024\/07\/rigoberto-luna-simac-24x16.jpg 24w, https:\/\/abcprato.it\/wp-content\/uploads\/2024\/07\/rigoberto-luna-simac-36x24.jpg 36w, https:\/\/abcprato.it\/wp-content\/uploads\/2024\/07\/rigoberto-luna-simac-48x32.jpg 48w, https:\/\/abcprato.it\/wp-content\/uploads\/2024\/07\/rigoberto-luna-simac.jpg 1500w\" sizes=\"(max-width: 800px) 100vw, 800px\" \/>\t\t\t\t\t\t\t\t\t\t\t\t\t\t\t<\/div>\n\t\t\t\t<\/div>\n\t\t\t\t\t<\/div>\n\t\t\t\t<\/div>\n\t\t<div class=\"elementor-element elementor-element-9a90ff3 e-flex e-con-boxed e-con e-parent\" data-id=\"9a90ff3\" data-element_type=\"container\" data-e-type=\"container\">\n\t\t\t\t\t<div class=\"e-con-inner\">\n\t\t\t\t<div class=\"elementor-element elementor-element-9e5a758 elementor-widget elementor-widget-text-editor\" data-id=\"9e5a758\" data-element_type=\"widget\" data-e-type=\"widget\" data-widget_type=\"text-editor.default\">\n\t\t\t\t<div class=\"elementor-widget-container\">\n\t\t\t\t\t\t\t\t\t<p>La relation de coop\u00e9ration a \u00e9galement conduit au d\u00e9veloppement de <strong>solutions personnalis\u00e9es<\/strong> r\u00e9pondant aux besoins sp\u00e9cifiques de chaque client.<\/p>\t\t\t\t\t\t\t\t<\/div>\n\t\t\t\t<\/div>\n\t\t\t\t\t<\/div>\n\t\t\t\t<\/div>\n\t\t<div class=\"elementor-element elementor-element-efad0f9 e-flex e-con-boxed e-con e-parent\" data-id=\"efad0f9\" data-element_type=\"container\" data-e-type=\"container\">\n\t\t\t\t\t<div class=\"e-con-inner\">\n\t\t\t\t<div class=\"elementor-element elementor-element-b0fc717 elementor-widget elementor-widget-text-editor\" data-id=\"b0fc717\" data-element_type=\"widget\" data-e-type=\"widget\" data-widget_type=\"text-editor.default\">\n\t\t\t\t<div class=\"elementor-widget-container\">\n\t\t\t\t\t\t\t\t\t<p>Pour les entreprises d&rsquo;articles de la maroquinerie et d&rsquo;accessoires souhaitant cr\u00e9er un nouvel \u00e9tablissement ou r\u00e9nover leurs d\u00e9partements, ce cas illustre concr\u00e8tement comment un partenariat technique permanent peut g\u00e9n\u00e9rer une valeur r\u00e9elle et mesurable au fil du temps.<\/p>\t\t\t\t\t\t\t\t<\/div>\n\t\t\t\t<\/div>\n\t\t\t\t\t<\/div>\n\t\t\t\t<\/div>\n\t\t<div class=\"elementor-element elementor-element-89c9c27 e-flex e-con-boxed e-con e-parent\" data-id=\"89c9c27\" data-element_type=\"container\" data-e-type=\"container\">\n\t\t\t\t\t<div class=\"e-con-inner\">\n\t\t\t\t<div class=\"elementor-element elementor-element-a27a6a4 elementor-align-center elementor-widget elementor-widget-button\" data-id=\"a27a6a4\" data-element_type=\"widget\" data-e-type=\"widget\" data-widget_type=\"button.default\">\n\t\t\t\t<div class=\"elementor-widget-container\">\n\t\t\t\t\t\t\t\t\t<div class=\"elementor-button-wrapper\">\n\t\t\t\t\t<a class=\"elementor-button elementor-button-link elementor-size-sm\" href=\"https:\/\/abcprato.it\/fr\/contactez-nous\/\">\n\t\t\t\t\t\t<span class=\"elementor-button-content-wrapper\">\n\t\t\t\t\t\t\t\t\t<span class=\"elementor-button-text\">Demandez votre devis personnalis\u00e9 <\/span>\n\t\t\t\t\t<\/span>\n\t\t\t\t\t<\/a>\n\t\t\t\t<\/div>\n\t\t\t\t\t\t\t\t<\/div>\n\t\t\t\t<\/div>\n\t\t\t\t\t<\/div>\n\t\t\t\t<\/div>\n\t\t\t\t<\/div>\n\t\t","protected":false},"excerpt":{"rendered":"<p>Dans le secteur du cuir, le choix d&rsquo;\u00e9quipements de haute qualit\u00e9 est un facteur strat\u00e9gique pour garantir l&rsquo;efficacit\u00e9, une meilleure productivit\u00e9 et la continuit\u00e9 des&#8230; <a class=\"read-more\" style=\"text-decoration:underline;\" href=\"https:\/\/abcprato.it\/fr\/curiosite\/abc-au-mexique-une-collaboration-pluriannuelle-avec-cintos-y-accesorios-ll\/\">En savoir plus<\/a><\/p>\n","protected":false},"author":3,"featured_media":37625,"comment_status":"closed","ping_status":"closed","sticky":false,"template":"","format":"standard","meta":{"_acf_changed":false,"footnotes":""},"categories":[31],"tags":[],"class_list":["post-37624","post","type-post","status-publish","format-standard","has-post-thumbnail","hentry","category-curiosite"],"acf":[],"yoast_head":"<!-- This site is optimized with the Yoast SEO plugin v27.2 - https:\/\/yoast.com\/product\/yoast-seo-wordpress\/ -->\n<title>ABC au Mexique : une collaboration pluriannuelle avec Cintos - ABC Equipment &amp; Solutions<\/title>\n<meta name=\"description\" content=\"Case study ABC au Mexique : d\u00e9veloppement d&#039;\u00e9quipements pour fabricants de ceintures sur mesure, pour am\u00e9liorer la productivit\u00e9 et l&#039;ordre dans le d\u00e9partement.\" \/>\n<meta name=\"robots\" content=\"index, follow, max-snippet:-1, max-image-preview:large, max-video-preview:-1\" \/>\n<link rel=\"canonical\" href=\"https:\/\/abcprato.it\/fr\/curiosite\/abc-au-mexique-une-collaboration-pluriannuelle-avec-cintos-y-accesorios-ll\/\" \/>\n<meta property=\"og:locale\" content=\"fr_FR\" \/>\n<meta property=\"og:type\" content=\"article\" \/>\n<meta property=\"og:title\" content=\"ABC au Mexique : une collaboration pluriannuelle avec Cintos - ABC Equipment &amp; Solutions\" \/>\n<meta property=\"og:description\" content=\"Case study ABC au Mexique : d\u00e9veloppement d&#039;\u00e9quipements pour fabricants de ceintures sur mesure, pour am\u00e9liorer la productivit\u00e9 et l&#039;ordre dans le d\u00e9partement.\" \/>\n<meta property=\"og:url\" content=\"https:\/\/abcprato.it\/fr\/curiosite\/abc-au-mexique-une-collaboration-pluriannuelle-avec-cintos-y-accesorios-ll\/\" \/>\n<meta property=\"og:site_name\" content=\"ABC Equipment &amp; Solutions\" \/>\n<meta property=\"article:published_time\" content=\"2026-03-26T14:00:56+00:00\" \/>\n<meta property=\"article:modified_time\" content=\"2026-03-26T14:57:03+00:00\" \/>\n<meta property=\"og:image\" content=\"https:\/\/abcprato.it\/wp-content\/uploads\/2026\/03\/chariot-porte-ceintures-Cintos.jpg\" \/>\n\t<meta property=\"og:image:width\" content=\"1500\" \/>\n\t<meta property=\"og:image:height\" content=\"1000\" \/>\n\t<meta property=\"og:image:type\" content=\"image\/jpeg\" \/>\n<meta name=\"author\" content=\"Cecilia\" \/>\n<meta name=\"twitter:card\" content=\"summary_large_image\" \/>\n<meta name=\"twitter:label1\" content=\"\u00c9crit par\" \/>\n\t<meta name=\"twitter:data1\" content=\"Cecilia\" \/>\n\t<meta name=\"twitter:label2\" content=\"Dur\u00e9e de lecture estim\u00e9e\" \/>\n\t<meta name=\"twitter:data2\" content=\"7 minutes\" \/>\n<script type=\"application\/ld+json\" class=\"yoast-schema-graph\">{\"@context\":\"https:\/\/schema.org\",\"@graph\":[{\"@type\":\"Article\",\"@id\":\"https:\/\/abcprato.it\/fr\/curiosite\/abc-au-mexique-une-collaboration-pluriannuelle-avec-cintos-y-accesorios-ll\/#article\",\"isPartOf\":{\"@id\":\"https:\/\/abcprato.it\/fr\/curiosite\/abc-au-mexique-une-collaboration-pluriannuelle-avec-cintos-y-accesorios-ll\/\"},\"author\":{\"name\":\"Cecilia\",\"@id\":\"https:\/\/abcprato.it\/fr\/#\/schema\/person\/00ba479806c558acdde7a5906f2e4e24\"},\"headline\":\"ABC au Mexique : une collaboration pluriannuelle avec Cintos y Accesorios L&#038;L\",\"datePublished\":\"2026-03-26T14:00:56+00:00\",\"dateModified\":\"2026-03-26T14:57:03+00:00\",\"mainEntityOfPage\":{\"@id\":\"https:\/\/abcprato.it\/fr\/curiosite\/abc-au-mexique-une-collaboration-pluriannuelle-avec-cintos-y-accesorios-ll\/\"},\"wordCount\":994,\"publisher\":{\"@id\":\"https:\/\/abcprato.it\/fr\/#organization\"},\"image\":{\"@id\":\"https:\/\/abcprato.it\/fr\/curiosite\/abc-au-mexique-une-collaboration-pluriannuelle-avec-cintos-y-accesorios-ll\/#primaryimage\"},\"thumbnailUrl\":\"https:\/\/abcprato.it\/wp-content\/uploads\/2026\/03\/chariot-porte-ceintures-Cintos.jpg\",\"articleSection\":[\"Curiosit\u00e9\"],\"inLanguage\":\"fr-FR\"},{\"@type\":\"WebPage\",\"@id\":\"https:\/\/abcprato.it\/fr\/curiosite\/abc-au-mexique-une-collaboration-pluriannuelle-avec-cintos-y-accesorios-ll\/\",\"url\":\"https:\/\/abcprato.it\/fr\/curiosite\/abc-au-mexique-une-collaboration-pluriannuelle-avec-cintos-y-accesorios-ll\/\",\"name\":\"ABC au Mexique : une collaboration pluriannuelle avec Cintos - ABC Equipment &amp; Solutions\",\"isPartOf\":{\"@id\":\"https:\/\/abcprato.it\/fr\/#website\"},\"primaryImageOfPage\":{\"@id\":\"https:\/\/abcprato.it\/fr\/curiosite\/abc-au-mexique-une-collaboration-pluriannuelle-avec-cintos-y-accesorios-ll\/#primaryimage\"},\"image\":{\"@id\":\"https:\/\/abcprato.it\/fr\/curiosite\/abc-au-mexique-une-collaboration-pluriannuelle-avec-cintos-y-accesorios-ll\/#primaryimage\"},\"thumbnailUrl\":\"https:\/\/abcprato.it\/wp-content\/uploads\/2026\/03\/chariot-porte-ceintures-Cintos.jpg\",\"datePublished\":\"2026-03-26T14:00:56+00:00\",\"dateModified\":\"2026-03-26T14:57:03+00:00\",\"description\":\"Case study ABC au Mexique : d\u00e9veloppement d'\u00e9quipements pour fabricants de ceintures sur mesure, pour am\u00e9liorer la productivit\u00e9 et l'ordre dans le d\u00e9partement.\",\"breadcrumb\":{\"@id\":\"https:\/\/abcprato.it\/fr\/curiosite\/abc-au-mexique-une-collaboration-pluriannuelle-avec-cintos-y-accesorios-ll\/#breadcrumb\"},\"inLanguage\":\"fr-FR\",\"potentialAction\":[{\"@type\":\"ReadAction\",\"target\":[\"https:\/\/abcprato.it\/fr\/curiosite\/abc-au-mexique-une-collaboration-pluriannuelle-avec-cintos-y-accesorios-ll\/\"]}]},{\"@type\":\"ImageObject\",\"inLanguage\":\"fr-FR\",\"@id\":\"https:\/\/abcprato.it\/fr\/curiosite\/abc-au-mexique-une-collaboration-pluriannuelle-avec-cintos-y-accesorios-ll\/#primaryimage\",\"url\":\"https:\/\/abcprato.it\/wp-content\/uploads\/2026\/03\/chariot-porte-ceintures-Cintos.jpg\",\"contentUrl\":\"https:\/\/abcprato.it\/wp-content\/uploads\/2026\/03\/chariot-porte-ceintures-Cintos.jpg\",\"width\":1500,\"height\":1000,\"caption\":\"chariot-porte-ceintures-Cintos\"},{\"@type\":\"BreadcrumbList\",\"@id\":\"https:\/\/abcprato.it\/fr\/curiosite\/abc-au-mexique-une-collaboration-pluriannuelle-avec-cintos-y-accesorios-ll\/#breadcrumb\",\"itemListElement\":[{\"@type\":\"ListItem\",\"position\":1,\"name\":\"Home\",\"item\":\"https:\/\/abcprato.it\/fr\/\"},{\"@type\":\"ListItem\",\"position\":2,\"name\":\"ABC au Mexique : une collaboration pluriannuelle avec Cintos y Accesorios L&#038;L\"}]},{\"@type\":\"WebSite\",\"@id\":\"https:\/\/abcprato.it\/fr\/#website\",\"url\":\"https:\/\/abcprato.it\/fr\/\",\"name\":\"ABC Equipment &amp; Solutions\",\"description\":\"\",\"publisher\":{\"@id\":\"https:\/\/abcprato.it\/fr\/#organization\"},\"potentialAction\":[{\"@type\":\"SearchAction\",\"target\":{\"@type\":\"EntryPoint\",\"urlTemplate\":\"https:\/\/abcprato.it\/fr\/?s={search_term_string}\"},\"query-input\":{\"@type\":\"PropertyValueSpecification\",\"valueRequired\":true,\"valueName\":\"search_term_string\"}}],\"inLanguage\":\"fr-FR\"},{\"@type\":\"Organization\",\"@id\":\"https:\/\/abcprato.it\/fr\/#organization\",\"name\":\"ABC Equipment & Solutions\",\"url\":\"https:\/\/abcprato.it\/fr\/\",\"logo\":{\"@type\":\"ImageObject\",\"inLanguage\":\"fr-FR\",\"@id\":\"https:\/\/abcprato.it\/fr\/#\/schema\/logo\/image\/\",\"url\":\"https:\/\/abcprato.it\/wp-content\/uploads\/2021\/01\/ABC-logo-2021.svg\",\"contentUrl\":\"https:\/\/abcprato.it\/wp-content\/uploads\/2021\/01\/ABC-logo-2021.svg\",\"width\":1,\"height\":1,\"caption\":\"ABC Equipment & Solutions\"},\"image\":{\"@id\":\"https:\/\/abcprato.it\/fr\/#\/schema\/logo\/image\/\"}},{\"@type\":\"Person\",\"@id\":\"https:\/\/abcprato.it\/fr\/#\/schema\/person\/00ba479806c558acdde7a5906f2e4e24\",\"name\":\"Cecilia\",\"image\":{\"@type\":\"ImageObject\",\"inLanguage\":\"fr-FR\",\"@id\":\"https:\/\/secure.gravatar.com\/avatar\/a59e665831e28f87b0e0b2993ccc300369a11814b880d658ae5ff4ed0d8687d0?s=96&d=mm&r=g\",\"url\":\"https:\/\/secure.gravatar.com\/avatar\/a59e665831e28f87b0e0b2993ccc300369a11814b880d658ae5ff4ed0d8687d0?s=96&d=mm&r=g\",\"contentUrl\":\"https:\/\/secure.gravatar.com\/avatar\/a59e665831e28f87b0e0b2993ccc300369a11814b880d658ae5ff4ed0d8687d0?s=96&d=mm&r=g\",\"caption\":\"Cecilia\"},\"url\":\"https:\/\/abcprato.it\/fr\/author\/cecilia\/\"}]}<\/script>\n<!-- \/ Yoast SEO plugin. -->","yoast_head_json":{"title":"ABC au Mexique : une collaboration pluriannuelle avec Cintos - ABC Equipment &amp; Solutions","description":"Case study ABC au Mexique : d\u00e9veloppement d'\u00e9quipements pour fabricants de ceintures sur mesure, pour am\u00e9liorer la productivit\u00e9 et l'ordre dans le d\u00e9partement.","robots":{"index":"index","follow":"follow","max-snippet":"max-snippet:-1","max-image-preview":"max-image-preview:large","max-video-preview":"max-video-preview:-1"},"canonical":"https:\/\/abcprato.it\/fr\/curiosite\/abc-au-mexique-une-collaboration-pluriannuelle-avec-cintos-y-accesorios-ll\/","og_locale":"fr_FR","og_type":"article","og_title":"ABC au Mexique : une collaboration pluriannuelle avec Cintos - ABC Equipment &amp; Solutions","og_description":"Case study ABC au Mexique : d\u00e9veloppement d'\u00e9quipements pour fabricants de ceintures sur mesure, pour am\u00e9liorer la productivit\u00e9 et l'ordre dans le d\u00e9partement.","og_url":"https:\/\/abcprato.it\/fr\/curiosite\/abc-au-mexique-une-collaboration-pluriannuelle-avec-cintos-y-accesorios-ll\/","og_site_name":"ABC Equipment &amp; Solutions","article_published_time":"2026-03-26T14:00:56+00:00","article_modified_time":"2026-03-26T14:57:03+00:00","og_image":[{"width":1500,"height":1000,"url":"https:\/\/abcprato.it\/wp-content\/uploads\/2026\/03\/chariot-porte-ceintures-Cintos.jpg","type":"image\/jpeg"}],"author":"Cecilia","twitter_card":"summary_large_image","twitter_misc":{"\u00c9crit par":"Cecilia","Dur\u00e9e de lecture estim\u00e9e":"7 minutes"},"schema":{"@context":"https:\/\/schema.org","@graph":[{"@type":"Article","@id":"https:\/\/abcprato.it\/fr\/curiosite\/abc-au-mexique-une-collaboration-pluriannuelle-avec-cintos-y-accesorios-ll\/#article","isPartOf":{"@id":"https:\/\/abcprato.it\/fr\/curiosite\/abc-au-mexique-une-collaboration-pluriannuelle-avec-cintos-y-accesorios-ll\/"},"author":{"name":"Cecilia","@id":"https:\/\/abcprato.it\/fr\/#\/schema\/person\/00ba479806c558acdde7a5906f2e4e24"},"headline":"ABC au Mexique : une collaboration pluriannuelle avec Cintos y Accesorios L&#038;L","datePublished":"2026-03-26T14:00:56+00:00","dateModified":"2026-03-26T14:57:03+00:00","mainEntityOfPage":{"@id":"https:\/\/abcprato.it\/fr\/curiosite\/abc-au-mexique-une-collaboration-pluriannuelle-avec-cintos-y-accesorios-ll\/"},"wordCount":994,"publisher":{"@id":"https:\/\/abcprato.it\/fr\/#organization"},"image":{"@id":"https:\/\/abcprato.it\/fr\/curiosite\/abc-au-mexique-une-collaboration-pluriannuelle-avec-cintos-y-accesorios-ll\/#primaryimage"},"thumbnailUrl":"https:\/\/abcprato.it\/wp-content\/uploads\/2026\/03\/chariot-porte-ceintures-Cintos.jpg","articleSection":["Curiosit\u00e9"],"inLanguage":"fr-FR"},{"@type":"WebPage","@id":"https:\/\/abcprato.it\/fr\/curiosite\/abc-au-mexique-une-collaboration-pluriannuelle-avec-cintos-y-accesorios-ll\/","url":"https:\/\/abcprato.it\/fr\/curiosite\/abc-au-mexique-une-collaboration-pluriannuelle-avec-cintos-y-accesorios-ll\/","name":"ABC au Mexique : une collaboration pluriannuelle avec Cintos - ABC Equipment &amp; Solutions","isPartOf":{"@id":"https:\/\/abcprato.it\/fr\/#website"},"primaryImageOfPage":{"@id":"https:\/\/abcprato.it\/fr\/curiosite\/abc-au-mexique-une-collaboration-pluriannuelle-avec-cintos-y-accesorios-ll\/#primaryimage"},"image":{"@id":"https:\/\/abcprato.it\/fr\/curiosite\/abc-au-mexique-une-collaboration-pluriannuelle-avec-cintos-y-accesorios-ll\/#primaryimage"},"thumbnailUrl":"https:\/\/abcprato.it\/wp-content\/uploads\/2026\/03\/chariot-porte-ceintures-Cintos.jpg","datePublished":"2026-03-26T14:00:56+00:00","dateModified":"2026-03-26T14:57:03+00:00","description":"Case study ABC au Mexique : d\u00e9veloppement d'\u00e9quipements pour fabricants de ceintures sur mesure, pour am\u00e9liorer la productivit\u00e9 et l'ordre dans le d\u00e9partement.","breadcrumb":{"@id":"https:\/\/abcprato.it\/fr\/curiosite\/abc-au-mexique-une-collaboration-pluriannuelle-avec-cintos-y-accesorios-ll\/#breadcrumb"},"inLanguage":"fr-FR","potentialAction":[{"@type":"ReadAction","target":["https:\/\/abcprato.it\/fr\/curiosite\/abc-au-mexique-une-collaboration-pluriannuelle-avec-cintos-y-accesorios-ll\/"]}]},{"@type":"ImageObject","inLanguage":"fr-FR","@id":"https:\/\/abcprato.it\/fr\/curiosite\/abc-au-mexique-une-collaboration-pluriannuelle-avec-cintos-y-accesorios-ll\/#primaryimage","url":"https:\/\/abcprato.it\/wp-content\/uploads\/2026\/03\/chariot-porte-ceintures-Cintos.jpg","contentUrl":"https:\/\/abcprato.it\/wp-content\/uploads\/2026\/03\/chariot-porte-ceintures-Cintos.jpg","width":1500,"height":1000,"caption":"chariot-porte-ceintures-Cintos"},{"@type":"BreadcrumbList","@id":"https:\/\/abcprato.it\/fr\/curiosite\/abc-au-mexique-une-collaboration-pluriannuelle-avec-cintos-y-accesorios-ll\/#breadcrumb","itemListElement":[{"@type":"ListItem","position":1,"name":"Home","item":"https:\/\/abcprato.it\/fr\/"},{"@type":"ListItem","position":2,"name":"ABC au Mexique : une collaboration pluriannuelle avec Cintos y Accesorios L&#038;L"}]},{"@type":"WebSite","@id":"https:\/\/abcprato.it\/fr\/#website","url":"https:\/\/abcprato.it\/fr\/","name":"ABC Equipment &amp; Solutions","description":"","publisher":{"@id":"https:\/\/abcprato.it\/fr\/#organization"},"potentialAction":[{"@type":"SearchAction","target":{"@type":"EntryPoint","urlTemplate":"https:\/\/abcprato.it\/fr\/?s={search_term_string}"},"query-input":{"@type":"PropertyValueSpecification","valueRequired":true,"valueName":"search_term_string"}}],"inLanguage":"fr-FR"},{"@type":"Organization","@id":"https:\/\/abcprato.it\/fr\/#organization","name":"ABC Equipment & Solutions","url":"https:\/\/abcprato.it\/fr\/","logo":{"@type":"ImageObject","inLanguage":"fr-FR","@id":"https:\/\/abcprato.it\/fr\/#\/schema\/logo\/image\/","url":"https:\/\/abcprato.it\/wp-content\/uploads\/2021\/01\/ABC-logo-2021.svg","contentUrl":"https:\/\/abcprato.it\/wp-content\/uploads\/2021\/01\/ABC-logo-2021.svg","width":1,"height":1,"caption":"ABC Equipment & Solutions"},"image":{"@id":"https:\/\/abcprato.it\/fr\/#\/schema\/logo\/image\/"}},{"@type":"Person","@id":"https:\/\/abcprato.it\/fr\/#\/schema\/person\/00ba479806c558acdde7a5906f2e4e24","name":"Cecilia","image":{"@type":"ImageObject","inLanguage":"fr-FR","@id":"https:\/\/secure.gravatar.com\/avatar\/a59e665831e28f87b0e0b2993ccc300369a11814b880d658ae5ff4ed0d8687d0?s=96&d=mm&r=g","url":"https:\/\/secure.gravatar.com\/avatar\/a59e665831e28f87b0e0b2993ccc300369a11814b880d658ae5ff4ed0d8687d0?s=96&d=mm&r=g","contentUrl":"https:\/\/secure.gravatar.com\/avatar\/a59e665831e28f87b0e0b2993ccc300369a11814b880d658ae5ff4ed0d8687d0?s=96&d=mm&r=g","caption":"Cecilia"},"url":"https:\/\/abcprato.it\/fr\/author\/cecilia\/"}]}},"_links":{"self":[{"href":"https:\/\/abcprato.it\/fr\/wp-json\/wp\/v2\/posts\/37624","targetHints":{"allow":["GET"]}}],"collection":[{"href":"https:\/\/abcprato.it\/fr\/wp-json\/wp\/v2\/posts"}],"about":[{"href":"https:\/\/abcprato.it\/fr\/wp-json\/wp\/v2\/types\/post"}],"author":[{"embeddable":true,"href":"https:\/\/abcprato.it\/fr\/wp-json\/wp\/v2\/users\/3"}],"replies":[{"embeddable":true,"href":"https:\/\/abcprato.it\/fr\/wp-json\/wp\/v2\/comments?post=37624"}],"version-history":[{"count":8,"href":"https:\/\/abcprato.it\/fr\/wp-json\/wp\/v2\/posts\/37624\/revisions"}],"predecessor-version":[{"id":37665,"href":"https:\/\/abcprato.it\/fr\/wp-json\/wp\/v2\/posts\/37624\/revisions\/37665"}],"wp:featuredmedia":[{"embeddable":true,"href":"https:\/\/abcprato.it\/fr\/wp-json\/wp\/v2\/media\/37625"}],"wp:attachment":[{"href":"https:\/\/abcprato.it\/fr\/wp-json\/wp\/v2\/media?parent=37624"}],"wp:term":[{"taxonomy":"category","embeddable":true,"href":"https:\/\/abcprato.it\/fr\/wp-json\/wp\/v2\/categories?post=37624"},{"taxonomy":"post_tag","embeddable":true,"href":"https:\/\/abcprato.it\/fr\/wp-json\/wp\/v2\/tags?post=37624"}],"curies":[{"name":"wp","href":"https:\/\/api.w.org\/{rel}","templated":true}]}}